{"id":708,"date":"2024-05-13T11:10:38","date_gmt":"2024-05-13T11:10:38","guid":{"rendered":"https:\/\/env-in-cent.hu\/?p=708"},"modified":"2024-12-13T11:11:09","modified_gmt":"2024-12-13T11:11:09","slug":"az-env-in-cent-kft-elvegezte-az-atev-feherjefeldolgozo-zrt-fenntarthatosagi-jelentesenek-felulvizsgalatat-valamint-dekarbonizacios-utitervenek-kidolgozasat","status":"publish","type":"post","link":"https:\/\/env-in-cent.hu\/en\/2024\/05\/13\/az-env-in-cent-kft-elvegezte-az-atev-feherjefeldolgozo-zrt-fenntarthatosagi-jelentesenek-felulvizsgalatat-valamint-dekarbonizacios-utitervenek-kidolgozasat\/","title":{"rendered":"Az Env-in-Cent Kft. elv\u00e9gezte az ATEV Feh\u00e9rjefeldolgoz\u00f3 Zrt. Fenntarthat\u00f3s\u00e1gi Jelent\u00e9s\u00e9nek fel\u00fclvizsg\u00e1lat\u00e1t, valamint Dekarboniz\u00e1ci\u00f3s \u00datiterv\u00e9nek kidolgoz\u00e1s\u00e1t."},"content":{"rendered":"<p>Az ATEV Zrt. fenntarthat\u00f3s\u00e1gi koncepci\u00f3j\u00e1nak kiindul\u00f3pontja az volt, hogy az \u00e9rintett gazdas\u00e1gi t\u00e1rsas\u00e1gok (ATEV Zrt. \u00e9s Biokomposzt Zrt.) \u00e1ltal v\u00e9gzett \u00e9s fel\u00fcgyelt valamennyi tev\u00e9kenys\u00e9get \u00f6lelje fel, \u00edgy a Fenntarthat\u00f3s\u00e1gi Fel\u00fclvizsg\u00e1lati Jelent\u00e9sben mind az el\u0151rehalad\u00e1s \u00e9rt\u00e9kel\u00e9s\u00e9t, mind a v\u00e1llal\u00e1sok vonatkoz\u00e1s\u00e1ban a k\u00e9t t\u00e1rsas\u00e1g integr\u00e1lt tev\u00e9kenys\u00e9g\u00e9t vett\u00fck alapul. Az ATEV Fenntarthat\u00f3s\u00e1gi Koncepci\u00f3j\u00e1ban alkalmazott nemzetk\u00f6zi fenntarthat\u00f3s\u00e1gi jelent\u00e9st\u00e9teli m\u00f3dszertanra alapozva, \u00e9rt\u00e9kelt\u00fck a relev\u00e1ns fenntarthat\u00f3s\u00e1gi t\u00e9mak\u00f6r\u00f6ket, c\u00e9lokat \u00e9s priorit\u00e1sokat. Megvizsg\u00e1ltuk a fenntarthat\u00f3s\u00e1gi j\u00f6v\u0151k\u00e9p \u00e9s a kit\u00f6r\u00e9si pontok aktualit\u00e1s\u00e1t \u00e9s relevanci\u00e1j\u00e1t is.<\/p>\n\n\n\n<details class=\"wp-block-details is-layout-flow wp-block-details-is-layout-flow\"><summary>Az ATEV Zrt. \u00e9s a Biokomposzt Zrt. fenntarthat\u00f3s\u00e1gi teljes\u00edtm\u00e9ny\u00e9nek \u00e9s v\u00e1llal\u00e1sainak \u00e9rt\u00e9kel\u00e9se sor\u00e1n \u00f6t t\u00e9mater\u00fcletet \u00e9rt\u00e9kelt\u00fcnk: anyaghaszn\u00e1lat, k\u00f6rforg\u00e1sos anyaggazd\u00e1lkod\u00e1s lehet\u0151s\u00e9gei, energiagazd\u00e1lkod\u00e1s \u2013 \u00e9ghajlatv\u00e9delem, v\u00edzhaszn\u00e1lat, leveg\u0151be t\u00f6rt\u00e9n\u0151 kibocs\u00e1t\u00e1sok, hullad\u00e9kgazd\u00e1lkod\u00e1s. \u00c9rt\u00e9kelt\u00fck a t\u00e1rsadalmi felel\u0151ss\u00e9gv\u00e1llal\u00e1s \u00e9s egy\u00fcttm\u0171k\u00f6d\u00e9s gyakorlat\u00e1t. Az ATEV Zrt. Dekarboniz\u00e1ci\u00f3s \u00datiterv\u00e9nek h\u00e1rmas c\u00e9lja volt: egyr\u00e9szt k\u00e9pet adjon a z \u00fcvegh\u00e1zhat\u00e1s\u00fa g\u00e1zok kibocs\u00e1t\u00e1si helyzet\u00e9r\u0151l, egyfajta kiindul\u00f3 \u00e1llapot, \u201epillanatfelv\u00e9tel\u201d elk\u00e9sz\u00edt\u00e9s\u00e9vel. M\u00e1sr\u00e9szt, felv\u00e1zolt egy v\u00e1llalati dekarboniz\u00e1ci\u00f3s j\u00f6v\u0151k\u00e9pet \u00e9s c\u00e9lrendszert. Harmadr\u00e9szt megtervezt\u00fck a v\u00e1llal\u00e1sok el\u00e9r\u00e9s\u00e9t szolg\u00e1l\u00f3 akci\u00f3terveket \u00e9s konkr\u00e9t int\u00e9zked\u00e9seket, tov\u00e1bb\u00e1 a Dekarboniz\u00e1ci\u00f3s \u00datiterv v\u00e9grehajt\u00e1s\u00e1nak l\u00e9p\u00e9seit.<br>A Dekarboniz\u00e1ci\u00f3s \u00datiterv kidolgoz\u00e1sa kett\u0151s m\u00f3dszertani alapon nyugszik. Az \u00fcvegh\u00e1zhat\u00e1s\u00fa g\u00e1zok kibocs\u00e1t\u00e1si lelt\u00e1r\u00e1nak sz\u00e1m\u00edt\u00e1sa a nemzetk\u00f6zi szabv\u00e1nynak tekinthet\u0151 Greenhouse Gas Protocol alapj\u00e1n t\u00f6rt\u00e9nt. A v\u00e1llalati ESG jelent\u00e9sek kibocs\u00e1t\u00e1si lelt\u00e1r-sz\u00e1m\u00edt\u00e1sai is ezen a kalkul\u00e1ci\u00f3s s\u00e9m\u00e1n alapultak. A Dekarboniz\u00e1ci\u00f3s \u00datiterv dekarboniz\u00e1ci\u00f3s tervez\u00e9si m\u00f3dszertana (azaz a kibocs\u00e1t\u00e1s-cs\u00f6kkent\u00e9si c\u00e9l\u00e9rt\u00e9kek meghat\u00e1roz\u00e1s\u00e1nak modellje) a telep\u00fcl\u00e9si kl\u00edma-energia akci\u00f3terveire vonatkoz\u00f3 a Polg\u00e1rmesterek Kl\u00edma- \u00e9s Energia\u00fcgyi Vil\u00e1gsz\u00f6vets\u00e9g\u00e9nek \u00fatmutat\u00f3ja alapj\u00e1n k\u00e9sz\u00fclt.<br><br>\u00a0<\/summary>\n<p><\/p>\n<\/details>","protected":false},"excerpt":{"rendered":"<p>Az ATEV Zrt. fenntarthat\u00f3s\u00e1gi koncepci\u00f3j\u00e1nak kiindul\u00f3pontja az volt, hogy az \u00e9rintett gazdas\u00e1gi t\u00e1rsas\u00e1gok (ATEV Zrt. \u00e9s Biokomposzt Zrt.) \u00e1ltal v\u00e9gzett \u00e9s fel\u00fcgyelt valamennyi tev\u00e9kenys\u00e9get \u00f6lelje fel, \u00edgy a Fenntarthat\u00f3s\u00e1gi Fel\u00fclvizsg\u00e1lati Jelent\u00e9sben mind az el\u0151rehalad\u00e1s \u00e9rt\u00e9kel\u00e9s\u00e9t, mind a v\u00e1llal\u00e1sok vonatkoz\u00e1s\u00e1ban a k\u00e9t t\u00e1rsas\u00e1g integr\u00e1lt tev\u00e9kenys\u00e9g\u00e9t vett\u00fck alapul. Az ATEV Fenntarthat\u00f3s\u00e1gi Koncepci\u00f3j\u00e1ban alkalmazott nemzetk\u00f6zi fenntarthat\u00f3s\u00e1gi jelent\u00e9st\u00e9teli m\u00f3dszertanra [&hellip;]<\/p>","protected":false},"author":2,"featured_media":0,"comment_status":"closed","ping_status":"open","sticky":false,"template":"","format":"standard","meta":{"footnotes":""},"categories":[3],"tags":[],"class_list":["post-708","post","type-post","status-publish","format-standard","hentry","category-hirek"],"yoast_head":"<!-- This site is optimized with the Yoast SEO plugin v23.9 - https:\/\/yoast.com\/wordpress\/plugins\/seo\/ -->\n<title>Az Env-in-Cent Kft. elv\u00e9gezte az ATEV Feh\u00e9rjefeldolgoz\u00f3 Zrt. Fenntarthat\u00f3s\u00e1gi Jelent\u00e9s\u00e9nek fel\u00fclvizsg\u00e1lat\u00e1t, valamint Dekarboniz\u00e1ci\u00f3s \u00datiterv\u00e9nek kidolgoz\u00e1s\u00e1t. - Env-in-Cent<\/title>\n<meta name=\"robots\" content=\"noindex, follow, max-snippet:-1, max-image-preview:large, max-video-preview:-1\" \/>\n<meta property=\"og:locale\" content=\"en_GB\" \/>\n<meta property=\"og:type\" content=\"article\" \/>\n<meta property=\"og:title\" content=\"Az Env-in-Cent Kft. elv\u00e9gezte az ATEV Feh\u00e9rjefeldolgoz\u00f3 Zrt. Fenntarthat\u00f3s\u00e1gi Jelent\u00e9s\u00e9nek fel\u00fclvizsg\u00e1lat\u00e1t, valamint Dekarboniz\u00e1ci\u00f3s \u00datiterv\u00e9nek kidolgoz\u00e1s\u00e1t. - Env-in-Cent\" \/>\n<meta property=\"og:description\" content=\"Az ATEV Zrt. fenntarthat\u00f3s\u00e1gi koncepci\u00f3j\u00e1nak kiindul\u00f3pontja az volt, hogy az \u00e9rintett gazdas\u00e1gi t\u00e1rsas\u00e1gok (ATEV Zrt. \u00e9s Biokomposzt Zrt.) \u00e1ltal v\u00e9gzett \u00e9s fel\u00fcgyelt valamennyi tev\u00e9kenys\u00e9get \u00f6lelje fel, \u00edgy a Fenntarthat\u00f3s\u00e1gi Fel\u00fclvizsg\u00e1lati Jelent\u00e9sben mind az el\u0151rehalad\u00e1s \u00e9rt\u00e9kel\u00e9s\u00e9t, mind a v\u00e1llal\u00e1sok vonatkoz\u00e1s\u00e1ban a k\u00e9t t\u00e1rsas\u00e1g integr\u00e1lt tev\u00e9kenys\u00e9g\u00e9t vett\u00fck alapul. Az ATEV Fenntarthat\u00f3s\u00e1gi Koncepci\u00f3j\u00e1ban alkalmazott nemzetk\u00f6zi fenntarthat\u00f3s\u00e1gi jelent\u00e9st\u00e9teli m\u00f3dszertanra [&hellip;]\" \/>\n<meta property=\"og:url\" content=\"https:\/\/env-in-cent.hu\/en\/2024\/05\/13\/az-env-in-cent-kft-elvegezte-az-atev-feherjefeldolgozo-zrt-fenntarthatosagi-jelentesenek-felulvizsgalatat-valamint-dekarbonizacios-utitervenek-kidolgozasat\/\" \/>\n<meta property=\"og:site_name\" content=\"Env-in-Cent\" \/>\n<meta property=\"article:published_time\" content=\"2024-05-13T11:10:38+00:00\" \/>\n<meta property=\"article:modified_time\" content=\"2024-12-13T11:11:09+00:00\" \/>\n<meta name=\"author\" content=\"admin\" \/>\n<meta name=\"twitter:card\" content=\"summary_large_image\" \/>\n<meta name=\"twitter:label1\" content=\"Written by\" \/>\n\t<meta name=\"twitter:data1\" content=\"admin\" \/>\n<script type=\"application\/ld+json\" class=\"yoast-schema-graph\">{\"@context\":\"https:\/\/schema.org\",\"@graph\":[{\"@type\":\"Article\",\"@id\":\"https:\/\/env-in-cent.hu\/2024\/05\/13\/az-env-in-cent-kft-elvegezte-az-atev-feherjefeldolgozo-zrt-fenntarthatosagi-jelentesenek-felulvizsgalatat-valamint-dekarbonizacios-utitervenek-kidolgozasat\/#article\",\"isPartOf\":{\"@id\":\"https:\/\/env-in-cent.hu\/2024\/05\/13\/az-env-in-cent-kft-elvegezte-az-atev-feherjefeldolgozo-zrt-fenntarthatosagi-jelentesenek-felulvizsgalatat-valamint-dekarbonizacios-utitervenek-kidolgozasat\/\"},\"author\":{\"name\":\"admin\",\"@id\":\"https:\/\/env-in-cent.hu\/#\/schema\/person\/5c6f075eba9b22272b90fb3aae13186a\"},\"headline\":\"Az Env-in-Cent Kft. elv\u00e9gezte az ATEV Feh\u00e9rjefeldolgoz\u00f3 Zrt. Fenntarthat\u00f3s\u00e1gi Jelent\u00e9s\u00e9nek fel\u00fclvizsg\u00e1lat\u00e1t, valamint Dekarboniz\u00e1ci\u00f3s \u00datiterv\u00e9nek kidolgoz\u00e1s\u00e1t.\",\"datePublished\":\"2024-05-13T11:10:38+00:00\",\"dateModified\":\"2024-12-13T11:11:09+00:00\",\"mainEntityOfPage\":{\"@id\":\"https:\/\/env-in-cent.hu\/2024\/05\/13\/az-env-in-cent-kft-elvegezte-az-atev-feherjefeldolgozo-zrt-fenntarthatosagi-jelentesenek-felulvizsgalatat-valamint-dekarbonizacios-utitervenek-kidolgozasat\/\"},\"wordCount\":470,\"publisher\":{\"@id\":\"https:\/\/env-in-cent.hu\/#organization\"},\"articleSection\":[\"H\u00edrek\"],\"inLanguage\":\"en-GB\"},{\"@type\":\"WebPage\",\"@id\":\"https:\/\/env-in-cent.hu\/2024\/05\/13\/az-env-in-cent-kft-elvegezte-az-atev-feherjefeldolgozo-zrt-fenntarthatosagi-jelentesenek-felulvizsgalatat-valamint-dekarbonizacios-utitervenek-kidolgozasat\/\",\"url\":\"https:\/\/env-in-cent.hu\/2024\/05\/13\/az-env-in-cent-kft-elvegezte-az-atev-feherjefeldolgozo-zrt-fenntarthatosagi-jelentesenek-felulvizsgalatat-valamint-dekarbonizacios-utitervenek-kidolgozasat\/\",\"name\":\"Az Env-in-Cent Kft. elv\u00e9gezte az ATEV Feh\u00e9rjefeldolgoz\u00f3 Zrt. Fenntarthat\u00f3s\u00e1gi Jelent\u00e9s\u00e9nek fel\u00fclvizsg\u00e1lat\u00e1t, valamint Dekarboniz\u00e1ci\u00f3s \u00datiterv\u00e9nek kidolgoz\u00e1s\u00e1t. - Env-in-Cent\",\"isPartOf\":{\"@id\":\"https:\/\/env-in-cent.hu\/#website\"},\"datePublished\":\"2024-05-13T11:10:38+00:00\",\"dateModified\":\"2024-12-13T11:11:09+00:00\",\"breadcrumb\":{\"@id\":\"https:\/\/env-in-cent.hu\/2024\/05\/13\/az-env-in-cent-kft-elvegezte-az-atev-feherjefeldolgozo-zrt-fenntarthatosagi-jelentesenek-felulvizsgalatat-valamint-dekarbonizacios-utitervenek-kidolgozasat\/#breadcrumb\"},\"inLanguage\":\"en-GB\",\"potentialAction\":[{\"@type\":\"ReadAction\",\"target\":[\"https:\/\/env-in-cent.hu\/2024\/05\/13\/az-env-in-cent-kft-elvegezte-az-atev-feherjefeldolgozo-zrt-fenntarthatosagi-jelentesenek-felulvizsgalatat-valamint-dekarbonizacios-utitervenek-kidolgozasat\/\"]}]},{\"@type\":\"BreadcrumbList\",\"@id\":\"https:\/\/env-in-cent.hu\/2024\/05\/13\/az-env-in-cent-kft-elvegezte-az-atev-feherjefeldolgozo-zrt-fenntarthatosagi-jelentesenek-felulvizsgalatat-valamint-dekarbonizacios-utitervenek-kidolgozasat\/#breadcrumb\",\"itemListElement\":[{\"@type\":\"ListItem\",\"position\":1,\"name\":\"Kezd\u0151lap\",\"item\":\"https:\/\/env-in-cent.hu\/\"},{\"@type\":\"ListItem\",\"position\":2,\"name\":\"Az Env-in-Cent Kft. elv\u00e9gezte az ATEV Feh\u00e9rjefeldolgoz\u00f3 Zrt. Fenntarthat\u00f3s\u00e1gi Jelent\u00e9s\u00e9nek fel\u00fclvizsg\u00e1lat\u00e1t, valamint Dekarboniz\u00e1ci\u00f3s \u00datiterv\u00e9nek kidolgoz\u00e1s\u00e1t.\"}]},{\"@type\":\"WebSite\",\"@id\":\"https:\/\/env-in-cent.hu\/#website\",\"url\":\"https:\/\/env-in-cent.hu\/\",\"name\":\"Env-in-Cent\",\"description\":\"Env-in-Cent K\u00f6rnyezetv\u00e9delmi Tan\u00e1csad\u00f3 Iroda Kft.\",\"publisher\":{\"@id\":\"https:\/\/env-in-cent.hu\/#organization\"},\"potentialAction\":[{\"@type\":\"SearchAction\",\"target\":{\"@type\":\"EntryPoint\",\"urlTemplate\":\"https:\/\/env-in-cent.hu\/?s={search_term_string}\"},\"query-input\":{\"@type\":\"PropertyValueSpecification\",\"valueRequired\":true,\"valueName\":\"search_term_string\"}}],\"inLanguage\":\"en-GB\"},{\"@type\":\"Organization\",\"@id\":\"https:\/\/env-in-cent.hu\/#organization\",\"name\":\"Env-in-Cent\",\"url\":\"https:\/\/env-in-cent.hu\/\",\"logo\":{\"@type\":\"ImageObject\",\"inLanguage\":\"en-GB\",\"@id\":\"https:\/\/env-in-cent.hu\/#\/schema\/logo\/image\/\",\"url\":\"https:\/\/env-in-cent.hu\/wp-content\/uploads\/2024\/11\/logo.jpg\",\"contentUrl\":\"https:\/\/env-in-cent.hu\/wp-content\/uploads\/2024\/11\/logo.jpg\",\"width\":170,\"height\":62,\"caption\":\"Env-in-Cent\"},\"image\":{\"@id\":\"https:\/\/env-in-cent.hu\/#\/schema\/logo\/image\/\"}},{\"@type\":\"Person\",\"@id\":\"https:\/\/env-in-cent.hu\/#\/schema\/person\/5c6f075eba9b22272b90fb3aae13186a\",\"name\":\"admin\",\"image\":{\"@type\":\"ImageObject\",\"inLanguage\":\"en-GB\",\"@id\":\"https:\/\/env-in-cent.hu\/#\/schema\/person\/image\/\",\"url\":\"https:\/\/secure.gravatar.com\/avatar\/f9e2bbe26e4bdee0e476af9928f1659a8a449c95de42e8ad8aa43642d806db7f?s=96&d=mm&r=g\",\"contentUrl\":\"https:\/\/secure.gravatar.com\/avatar\/f9e2bbe26e4bdee0e476af9928f1659a8a449c95de42e8ad8aa43642d806db7f?s=96&d=mm&r=g\",\"caption\":\"admin\"},\"url\":\"https:\/\/env-in-cent.hu\/en\/author\/admin\/\"}]}<\/script>\n<!-- \/ Yoast SEO plugin. -->","yoast_head_json":{"title":"Az Env-in-Cent Kft. elv\u00e9gezte az ATEV Feh\u00e9rjefeldolgoz\u00f3 Zrt. Fenntarthat\u00f3s\u00e1gi Jelent\u00e9s\u00e9nek fel\u00fclvizsg\u00e1lat\u00e1t, valamint Dekarboniz\u00e1ci\u00f3s \u00datiterv\u00e9nek kidolgoz\u00e1s\u00e1t. - Env-in-Cent","robots":{"index":"noindex","follow":"follow","max-snippet":"max-snippet:-1","max-image-preview":"max-image-preview:large","max-video-preview":"max-video-preview:-1"},"og_locale":"en_GB","og_type":"article","og_title":"Az Env-in-Cent Kft. elv\u00e9gezte az ATEV Feh\u00e9rjefeldolgoz\u00f3 Zrt. Fenntarthat\u00f3s\u00e1gi Jelent\u00e9s\u00e9nek fel\u00fclvizsg\u00e1lat\u00e1t, valamint Dekarboniz\u00e1ci\u00f3s \u00datiterv\u00e9nek kidolgoz\u00e1s\u00e1t. - Env-in-Cent","og_description":"Az ATEV Zrt. fenntarthat\u00f3s\u00e1gi koncepci\u00f3j\u00e1nak kiindul\u00f3pontja az volt, hogy az \u00e9rintett gazdas\u00e1gi t\u00e1rsas\u00e1gok (ATEV Zrt. \u00e9s Biokomposzt Zrt.) \u00e1ltal v\u00e9gzett \u00e9s fel\u00fcgyelt valamennyi tev\u00e9kenys\u00e9get \u00f6lelje fel, \u00edgy a Fenntarthat\u00f3s\u00e1gi Fel\u00fclvizsg\u00e1lati Jelent\u00e9sben mind az el\u0151rehalad\u00e1s \u00e9rt\u00e9kel\u00e9s\u00e9t, mind a v\u00e1llal\u00e1sok vonatkoz\u00e1s\u00e1ban a k\u00e9t t\u00e1rsas\u00e1g integr\u00e1lt tev\u00e9kenys\u00e9g\u00e9t vett\u00fck alapul. Az ATEV Fenntarthat\u00f3s\u00e1gi Koncepci\u00f3j\u00e1ban alkalmazott nemzetk\u00f6zi fenntarthat\u00f3s\u00e1gi jelent\u00e9st\u00e9teli m\u00f3dszertanra [&hellip;]","og_url":"https:\/\/env-in-cent.hu\/en\/2024\/05\/13\/az-env-in-cent-kft-elvegezte-az-atev-feherjefeldolgozo-zrt-fenntarthatosagi-jelentesenek-felulvizsgalatat-valamint-dekarbonizacios-utitervenek-kidolgozasat\/","og_site_name":"Env-in-Cent","article_published_time":"2024-05-13T11:10:38+00:00","article_modified_time":"2024-12-13T11:11:09+00:00","author":"admin","twitter_card":"summary_large_image","twitter_misc":{"Written by":"admin"},"schema":{"@context":"https:\/\/schema.org","@graph":[{"@type":"Article","@id":"https:\/\/env-in-cent.hu\/2024\/05\/13\/az-env-in-cent-kft-elvegezte-az-atev-feherjefeldolgozo-zrt-fenntarthatosagi-jelentesenek-felulvizsgalatat-valamint-dekarbonizacios-utitervenek-kidolgozasat\/#article","isPartOf":{"@id":"https:\/\/env-in-cent.hu\/2024\/05\/13\/az-env-in-cent-kft-elvegezte-az-atev-feherjefeldolgozo-zrt-fenntarthatosagi-jelentesenek-felulvizsgalatat-valamint-dekarbonizacios-utitervenek-kidolgozasat\/"},"author":{"name":"admin","@id":"https:\/\/env-in-cent.hu\/#\/schema\/person\/5c6f075eba9b22272b90fb3aae13186a"},"headline":"Az Env-in-Cent Kft. elv\u00e9gezte az ATEV Feh\u00e9rjefeldolgoz\u00f3 Zrt. Fenntarthat\u00f3s\u00e1gi Jelent\u00e9s\u00e9nek fel\u00fclvizsg\u00e1lat\u00e1t, valamint Dekarboniz\u00e1ci\u00f3s \u00datiterv\u00e9nek kidolgoz\u00e1s\u00e1t.","datePublished":"2024-05-13T11:10:38+00:00","dateModified":"2024-12-13T11:11:09+00:00","mainEntityOfPage":{"@id":"https:\/\/env-in-cent.hu\/2024\/05\/13\/az-env-in-cent-kft-elvegezte-az-atev-feherjefeldolgozo-zrt-fenntarthatosagi-jelentesenek-felulvizsgalatat-valamint-dekarbonizacios-utitervenek-kidolgozasat\/"},"wordCount":470,"publisher":{"@id":"https:\/\/env-in-cent.hu\/#organization"},"articleSection":["H\u00edrek"],"inLanguage":"en-GB"},{"@type":"WebPage","@id":"https:\/\/env-in-cent.hu\/2024\/05\/13\/az-env-in-cent-kft-elvegezte-az-atev-feherjefeldolgozo-zrt-fenntarthatosagi-jelentesenek-felulvizsgalatat-valamint-dekarbonizacios-utitervenek-kidolgozasat\/","url":"https:\/\/env-in-cent.hu\/2024\/05\/13\/az-env-in-cent-kft-elvegezte-az-atev-feherjefeldolgozo-zrt-fenntarthatosagi-jelentesenek-felulvizsgalatat-valamint-dekarbonizacios-utitervenek-kidolgozasat\/","name":"Az Env-in-Cent Kft. elv\u00e9gezte az ATEV Feh\u00e9rjefeldolgoz\u00f3 Zrt. Fenntarthat\u00f3s\u00e1gi Jelent\u00e9s\u00e9nek fel\u00fclvizsg\u00e1lat\u00e1t, valamint Dekarboniz\u00e1ci\u00f3s \u00datiterv\u00e9nek kidolgoz\u00e1s\u00e1t. - Env-in-Cent","isPartOf":{"@id":"https:\/\/env-in-cent.hu\/#website"},"datePublished":"2024-05-13T11:10:38+00:00","dateModified":"2024-12-13T11:11:09+00:00","breadcrumb":{"@id":"https:\/\/env-in-cent.hu\/2024\/05\/13\/az-env-in-cent-kft-elvegezte-az-atev-feherjefeldolgozo-zrt-fenntarthatosagi-jelentesenek-felulvizsgalatat-valamint-dekarbonizacios-utitervenek-kidolgozasat\/#breadcrumb"},"inLanguage":"en-GB","potentialAction":[{"@type":"ReadAction","target":["https:\/\/env-in-cent.hu\/2024\/05\/13\/az-env-in-cent-kft-elvegezte-az-atev-feherjefeldolgozo-zrt-fenntarthatosagi-jelentesenek-felulvizsgalatat-valamint-dekarbonizacios-utitervenek-kidolgozasat\/"]}]},{"@type":"BreadcrumbList","@id":"https:\/\/env-in-cent.hu\/2024\/05\/13\/az-env-in-cent-kft-elvegezte-az-atev-feherjefeldolgozo-zrt-fenntarthatosagi-jelentesenek-felulvizsgalatat-valamint-dekarbonizacios-utitervenek-kidolgozasat\/#breadcrumb","itemListElement":[{"@type":"ListItem","position":1,"name":"Kezd\u0151lap","item":"https:\/\/env-in-cent.hu\/"},{"@type":"ListItem","position":2,"name":"Az Env-in-Cent Kft. elv\u00e9gezte az ATEV Feh\u00e9rjefeldolgoz\u00f3 Zrt. Fenntarthat\u00f3s\u00e1gi Jelent\u00e9s\u00e9nek fel\u00fclvizsg\u00e1lat\u00e1t, valamint Dekarboniz\u00e1ci\u00f3s \u00datiterv\u00e9nek kidolgoz\u00e1s\u00e1t."}]},{"@type":"WebSite","@id":"https:\/\/env-in-cent.hu\/#website","url":"https:\/\/env-in-cent.hu\/","name":"Env-in-Cent","description":"Env-in-Cent K\u00f6rnyezetv\u00e9delmi Tan\u00e1csad\u00f3 Iroda Kft.","publisher":{"@id":"https:\/\/env-in-cent.hu\/#organization"},"potentialAction":[{"@type":"SearchAction","target":{"@type":"EntryPoint","urlTemplate":"https:\/\/env-in-cent.hu\/?s={search_term_string}"},"query-input":{"@type":"PropertyValueSpecification","valueRequired":true,"valueName":"search_term_string"}}],"inLanguage":"en-GB"},{"@type":"Organization","@id":"https:\/\/env-in-cent.hu\/#organization","name":"Env-in-Cent","url":"https:\/\/env-in-cent.hu\/","logo":{"@type":"ImageObject","inLanguage":"en-GB","@id":"https:\/\/env-in-cent.hu\/#\/schema\/logo\/image\/","url":"https:\/\/env-in-cent.hu\/wp-content\/uploads\/2024\/11\/logo.jpg","contentUrl":"https:\/\/env-in-cent.hu\/wp-content\/uploads\/2024\/11\/logo.jpg","width":170,"height":62,"caption":"Env-in-Cent"},"image":{"@id":"https:\/\/env-in-cent.hu\/#\/schema\/logo\/image\/"}},{"@type":"Person","@id":"https:\/\/env-in-cent.hu\/#\/schema\/person\/5c6f075eba9b22272b90fb3aae13186a","name":"admin","image":{"@type":"ImageObject","inLanguage":"en-GB","@id":"https:\/\/env-in-cent.hu\/#\/schema\/person\/image\/","url":"https:\/\/secure.gravatar.com\/avatar\/f9e2bbe26e4bdee0e476af9928f1659a8a449c95de42e8ad8aa43642d806db7f?s=96&d=mm&r=g","contentUrl":"https:\/\/secure.gravatar.com\/avatar\/f9e2bbe26e4bdee0e476af9928f1659a8a449c95de42e8ad8aa43642d806db7f?s=96&d=mm&r=g","caption":"admin"},"url":"https:\/\/env-in-cent.hu\/en\/author\/admin\/"}]}},"_links":{"self":[{"href":"https:\/\/env-in-cent.hu\/en\/wp-json\/wp\/v2\/posts\/708","targetHints":{"allow":["GET"]}}],"collection":[{"href":"https:\/\/env-in-cent.hu\/en\/wp-json\/wp\/v2\/posts"}],"about":[{"href":"https:\/\/env-in-cent.hu\/en\/wp-json\/wp\/v2\/types\/post"}],"author":[{"embeddable":true,"href":"https:\/\/env-in-cent.hu\/en\/wp-json\/wp\/v2\/users\/2"}],"replies":[{"embeddable":true,"href":"https:\/\/env-in-cent.hu\/en\/wp-json\/wp\/v2\/comments?post=708"}],"version-history":[{"count":1,"href":"https:\/\/env-in-cent.hu\/en\/wp-json\/wp\/v2\/posts\/708\/revisions"}],"predecessor-version":[{"id":709,"href":"https:\/\/env-in-cent.hu\/en\/wp-json\/wp\/v2\/posts\/708\/revisions\/709"}],"wp:attachment":[{"href":"https:\/\/env-in-cent.hu\/en\/wp-json\/wp\/v2\/media?parent=708"}],"wp:term":[{"taxonomy":"category","embeddable":true,"href":"https:\/\/env-in-cent.hu\/en\/wp-json\/wp\/v2\/categories?post=708"},{"taxonomy":"post_tag","embeddable":true,"href":"https:\/\/env-in-cent.hu\/en\/wp-json\/wp\/v2\/tags?post=708"}],"curies":[{"name":"wp","href":"https:\/\/api.w.org\/{rel}","templated":true}]}}