{"id":702,"date":"2023-07-28T11:07:05","date_gmt":"2023-07-28T11:07:05","guid":{"rendered":"https:\/\/env-in-cent.hu\/?p=702"},"modified":"2024-12-13T11:07:34","modified_gmt":"2024-12-13T11:07:34","slug":"az-env-in-cent-kft-megkezdte-az-atev-feherjefeldolgozo-zrt-fenntarthatosagi-jelentesenek-felulvizsgalatat-valamint-dekarbonizacios-utitervenek-kidolgozasat","status":"publish","type":"post","link":"https:\/\/env-in-cent.hu\/en\/2023\/07\/28\/az-env-in-cent-kft-megkezdte-az-atev-feherjefeldolgozo-zrt-fenntarthatosagi-jelentesenek-felulvizsgalatat-valamint-dekarbonizacios-utitervenek-kidolgozasat\/","title":{"rendered":"Az Env-in-Cent Kft. megkezdte az ATEV Feh\u00e9rjefeldolgoz\u00f3 Zrt. Fenntarthat\u00f3s\u00e1gi Jelent\u00e9s\u00e9nek fel\u00fclvizsg\u00e1lat\u00e1t, valamint Dekarboniz\u00e1ci\u00f3s \u00datiterv\u00e9nek kidolgoz\u00e1s\u00e1t."},"content":{"rendered":"<p>Az ATEV Zrt. kor\u00e1bban kidolgozott Fenntarthat\u00f3s\u00e1gi Jelent\u00e9s\u00e9nek indik\u00e1torait megvizsg\u00e1lva, javaslatot tesz\u00fcnk azok m\u00f3dos\u00edt\u00e1s\u00e1ra, valamint \u00faj indik\u00e1torok el\u0151\u00e1ll\u00edt\u00e1s\u00e1t v\u00e9gezz\u00fck el. Ezt k\u00f6vet\u0151en ker\u00fcl sor az ATEV Zrt. Dekarboniz\u00e1ci\u00f3s \u00datiterv\u00e9nek kidolgoz\u00e1s\u00e1ra.<\/p>\n\n\n\n<details class=\"wp-block-details is-layout-flow wp-block-details-is-layout-flow\"><summary>A jelen fel\u00fclvizsg\u00e1lat c\u00e9lkit\u0171z\u00e9se, hogy \u00e9rt\u00e9kelje a 2020-ban elfogadott (\u00e9s t\u00falnyom\u00f3r\u00e9szt a pand\u00e9mia el\u0151tti v\u00e1llalati k\u00f6rnyezetet \u00e9s adatokat t\u00fckr\u00f6z\u0151) Fenntarthat\u00f3s\u00e1gi Jelent\u00e9s \u00f3ta el\u00e9rt eredm\u00e9nyeket, kih\u00edv\u00e1sokat. A Fel\u00fclvizsg\u00e1lati Jelent\u00e9snek h\u00e1rmas c\u00e9lja van: egyr\u00e9szt, szeretn\u00e9nk k\u00e9pet adni a v\u00e1llalat aktu\u00e1lis (2022-2023. \u00e9vi) fenntarthat\u00f3s\u00e1gi helyzet\u00e9r\u0151l. M\u00e1sr\u00e9szt, elemezz\u00fck az\u00a0ATEV Zrt.\u00a0fenntarthat\u00f3s\u00e1gi teljes\u00edtm\u00e9ny\u00e9t a kor\u00e1bbi v\u00e1llal\u00e1sok \u00e9rt\u00e9kel\u00e9s\u00e9n kereszt\u00fcl, harmadr\u00e9szt felv\u00e1zoljuk a fenntarthat\u00f3s\u00e1gi \u00e1tmenet meger\u0151s\u00edt\u00e9s\u00e9re szolg\u00e1l\u00f3 konkr\u00e9t cselekv\u00e9seket.<\/summary>\n<p><\/p>\n<\/details>","protected":false},"excerpt":{"rendered":"<p>Az ATEV Zrt. kor\u00e1bban kidolgozott Fenntarthat\u00f3s\u00e1gi Jelent\u00e9s\u00e9nek indik\u00e1torait megvizsg\u00e1lva, javaslatot tesz\u00fcnk azok m\u00f3dos\u00edt\u00e1s\u00e1ra, valamint \u00faj indik\u00e1torok el\u0151\u00e1ll\u00edt\u00e1s\u00e1t v\u00e9gezz\u00fck el. Ezt k\u00f6vet\u0151en ker\u00fcl sor az ATEV Zrt. Dekarboniz\u00e1ci\u00f3s \u00datiterv\u00e9nek kidolgoz\u00e1s\u00e1ra.<\/p>","protected":false},"author":2,"featured_media":0,"comment_status":"closed","ping_status":"open","sticky":false,"template":"","format":"standard","meta":{"footnotes":""},"categories":[3],"tags":[],"class_list":["post-702","post","type-post","status-publish","format-standard","hentry","category-hirek"],"yoast_head":"<!-- This site is optimized with the Yoast SEO plugin v23.9 - https:\/\/yoast.com\/wordpress\/plugins\/seo\/ -->\n<title>Az Env-in-Cent Kft. megkezdte az ATEV Feh\u00e9rjefeldolgoz\u00f3 Zrt. Fenntarthat\u00f3s\u00e1gi Jelent\u00e9s\u00e9nek fel\u00fclvizsg\u00e1lat\u00e1t, valamint Dekarboniz\u00e1ci\u00f3s \u00datiterv\u00e9nek kidolgoz\u00e1s\u00e1t. - Env-in-Cent<\/title>\n<meta name=\"robots\" content=\"noindex, follow, max-snippet:-1, max-image-preview:large, max-video-preview:-1\" \/>\n<meta property=\"og:locale\" content=\"en_GB\" \/>\n<meta property=\"og:type\" content=\"article\" \/>\n<meta property=\"og:title\" content=\"Az Env-in-Cent Kft. megkezdte az ATEV Feh\u00e9rjefeldolgoz\u00f3 Zrt. Fenntarthat\u00f3s\u00e1gi Jelent\u00e9s\u00e9nek fel\u00fclvizsg\u00e1lat\u00e1t, valamint Dekarboniz\u00e1ci\u00f3s \u00datiterv\u00e9nek kidolgoz\u00e1s\u00e1t. - Env-in-Cent\" \/>\n<meta property=\"og:description\" content=\"Az ATEV Zrt. kor\u00e1bban kidolgozott Fenntarthat\u00f3s\u00e1gi Jelent\u00e9s\u00e9nek indik\u00e1torait megvizsg\u00e1lva, javaslatot tesz\u00fcnk azok m\u00f3dos\u00edt\u00e1s\u00e1ra, valamint \u00faj indik\u00e1torok el\u0151\u00e1ll\u00edt\u00e1s\u00e1t v\u00e9gezz\u00fck el. Ezt k\u00f6vet\u0151en ker\u00fcl sor az ATEV Zrt. Dekarboniz\u00e1ci\u00f3s \u00datiterv\u00e9nek kidolgoz\u00e1s\u00e1ra.\" \/>\n<meta property=\"og:url\" content=\"https:\/\/env-in-cent.hu\/en\/2023\/07\/28\/az-env-in-cent-kft-megkezdte-az-atev-feherjefeldolgozo-zrt-fenntarthatosagi-jelentesenek-felulvizsgalatat-valamint-dekarbonizacios-utitervenek-kidolgozasat\/\" \/>\n<meta property=\"og:site_name\" content=\"Env-in-Cent\" \/>\n<meta property=\"article:published_time\" content=\"2023-07-28T11:07:05+00:00\" \/>\n<meta property=\"article:modified_time\" content=\"2024-12-13T11:07:34+00:00\" \/>\n<meta name=\"author\" content=\"admin\" \/>\n<meta name=\"twitter:card\" content=\"summary_large_image\" \/>\n<meta name=\"twitter:label1\" content=\"Written by\" \/>\n\t<meta name=\"twitter:data1\" content=\"admin\" \/>\n<script type=\"application\/ld+json\" class=\"yoast-schema-graph\">{\"@context\":\"https:\/\/schema.org\",\"@graph\":[{\"@type\":\"Article\",\"@id\":\"https:\/\/env-in-cent.hu\/2023\/07\/28\/az-env-in-cent-kft-megkezdte-az-atev-feherjefeldolgozo-zrt-fenntarthatosagi-jelentesenek-felulvizsgalatat-valamint-dekarbonizacios-utitervenek-kidolgozasat\/#article\",\"isPartOf\":{\"@id\":\"https:\/\/env-in-cent.hu\/2023\/07\/28\/az-env-in-cent-kft-megkezdte-az-atev-feherjefeldolgozo-zrt-fenntarthatosagi-jelentesenek-felulvizsgalatat-valamint-dekarbonizacios-utitervenek-kidolgozasat\/\"},\"author\":{\"name\":\"admin\",\"@id\":\"https:\/\/env-in-cent.hu\/#\/schema\/person\/5c6f075eba9b22272b90fb3aae13186a\"},\"headline\":\"Az Env-in-Cent Kft. megkezdte az ATEV Feh\u00e9rjefeldolgoz\u00f3 Zrt. Fenntarthat\u00f3s\u00e1gi Jelent\u00e9s\u00e9nek fel\u00fclvizsg\u00e1lat\u00e1t, valamint Dekarboniz\u00e1ci\u00f3s \u00datiterv\u00e9nek kidolgoz\u00e1s\u00e1t.\",\"datePublished\":\"2023-07-28T11:07:05+00:00\",\"dateModified\":\"2024-12-13T11:07:34+00:00\",\"mainEntityOfPage\":{\"@id\":\"https:\/\/env-in-cent.hu\/2023\/07\/28\/az-env-in-cent-kft-megkezdte-az-atev-feherjefeldolgozo-zrt-fenntarthatosagi-jelentesenek-felulvizsgalatat-valamint-dekarbonizacios-utitervenek-kidolgozasat\/\"},\"wordCount\":209,\"publisher\":{\"@id\":\"https:\/\/env-in-cent.hu\/#organization\"},\"articleSection\":[\"H\u00edrek\"],\"inLanguage\":\"en-GB\"},{\"@type\":\"WebPage\",\"@id\":\"https:\/\/env-in-cent.hu\/2023\/07\/28\/az-env-in-cent-kft-megkezdte-az-atev-feherjefeldolgozo-zrt-fenntarthatosagi-jelentesenek-felulvizsgalatat-valamint-dekarbonizacios-utitervenek-kidolgozasat\/\",\"url\":\"https:\/\/env-in-cent.hu\/2023\/07\/28\/az-env-in-cent-kft-megkezdte-az-atev-feherjefeldolgozo-zrt-fenntarthatosagi-jelentesenek-felulvizsgalatat-valamint-dekarbonizacios-utitervenek-kidolgozasat\/\",\"name\":\"Az Env-in-Cent Kft. megkezdte az ATEV Feh\u00e9rjefeldolgoz\u00f3 Zrt. Fenntarthat\u00f3s\u00e1gi Jelent\u00e9s\u00e9nek fel\u00fclvizsg\u00e1lat\u00e1t, valamint Dekarboniz\u00e1ci\u00f3s \u00datiterv\u00e9nek kidolgoz\u00e1s\u00e1t. - Env-in-Cent\",\"isPartOf\":{\"@id\":\"https:\/\/env-in-cent.hu\/#website\"},\"datePublished\":\"2023-07-28T11:07:05+00:00\",\"dateModified\":\"2024-12-13T11:07:34+00:00\",\"breadcrumb\":{\"@id\":\"https:\/\/env-in-cent.hu\/2023\/07\/28\/az-env-in-cent-kft-megkezdte-az-atev-feherjefeldolgozo-zrt-fenntarthatosagi-jelentesenek-felulvizsgalatat-valamint-dekarbonizacios-utitervenek-kidolgozasat\/#breadcrumb\"},\"inLanguage\":\"en-GB\",\"potentialAction\":[{\"@type\":\"ReadAction\",\"target\":[\"https:\/\/env-in-cent.hu\/2023\/07\/28\/az-env-in-cent-kft-megkezdte-az-atev-feherjefeldolgozo-zrt-fenntarthatosagi-jelentesenek-felulvizsgalatat-valamint-dekarbonizacios-utitervenek-kidolgozasat\/\"]}]},{\"@type\":\"BreadcrumbList\",\"@id\":\"https:\/\/env-in-cent.hu\/2023\/07\/28\/az-env-in-cent-kft-megkezdte-az-atev-feherjefeldolgozo-zrt-fenntarthatosagi-jelentesenek-felulvizsgalatat-valamint-dekarbonizacios-utitervenek-kidolgozasat\/#breadcrumb\",\"itemListElement\":[{\"@type\":\"ListItem\",\"position\":1,\"name\":\"Kezd\u0151lap\",\"item\":\"https:\/\/env-in-cent.hu\/\"},{\"@type\":\"ListItem\",\"position\":2,\"name\":\"Az Env-in-Cent Kft. megkezdte az ATEV Feh\u00e9rjefeldolgoz\u00f3 Zrt. Fenntarthat\u00f3s\u00e1gi Jelent\u00e9s\u00e9nek fel\u00fclvizsg\u00e1lat\u00e1t, valamint Dekarboniz\u00e1ci\u00f3s \u00datiterv\u00e9nek kidolgoz\u00e1s\u00e1t.\"}]},{\"@type\":\"WebSite\",\"@id\":\"https:\/\/env-in-cent.hu\/#website\",\"url\":\"https:\/\/env-in-cent.hu\/\",\"name\":\"Env-in-Cent\",\"description\":\"Env-in-Cent K\u00f6rnyezetv\u00e9delmi Tan\u00e1csad\u00f3 Iroda Kft.\",\"publisher\":{\"@id\":\"https:\/\/env-in-cent.hu\/#organization\"},\"potentialAction\":[{\"@type\":\"SearchAction\",\"target\":{\"@type\":\"EntryPoint\",\"urlTemplate\":\"https:\/\/env-in-cent.hu\/?s={search_term_string}\"},\"query-input\":{\"@type\":\"PropertyValueSpecification\",\"valueRequired\":true,\"valueName\":\"search_term_string\"}}],\"inLanguage\":\"en-GB\"},{\"@type\":\"Organization\",\"@id\":\"https:\/\/env-in-cent.hu\/#organization\",\"name\":\"Env-in-Cent\",\"url\":\"https:\/\/env-in-cent.hu\/\",\"logo\":{\"@type\":\"ImageObject\",\"inLanguage\":\"en-GB\",\"@id\":\"https:\/\/env-in-cent.hu\/#\/schema\/logo\/image\/\",\"url\":\"https:\/\/env-in-cent.hu\/wp-content\/uploads\/2024\/11\/logo.jpg\",\"contentUrl\":\"https:\/\/env-in-cent.hu\/wp-content\/uploads\/2024\/11\/logo.jpg\",\"width\":170,\"height\":62,\"caption\":\"Env-in-Cent\"},\"image\":{\"@id\":\"https:\/\/env-in-cent.hu\/#\/schema\/logo\/image\/\"}},{\"@type\":\"Person\",\"@id\":\"https:\/\/env-in-cent.hu\/#\/schema\/person\/5c6f075eba9b22272b90fb3aae13186a\",\"name\":\"admin\",\"image\":{\"@type\":\"ImageObject\",\"inLanguage\":\"en-GB\",\"@id\":\"https:\/\/env-in-cent.hu\/#\/schema\/person\/image\/\",\"url\":\"https:\/\/secure.gravatar.com\/avatar\/f9e2bbe26e4bdee0e476af9928f1659a8a449c95de42e8ad8aa43642d806db7f?s=96&d=mm&r=g\",\"contentUrl\":\"https:\/\/secure.gravatar.com\/avatar\/f9e2bbe26e4bdee0e476af9928f1659a8a449c95de42e8ad8aa43642d806db7f?s=96&d=mm&r=g\",\"caption\":\"admin\"},\"url\":\"https:\/\/env-in-cent.hu\/en\/author\/admin\/\"}]}<\/script>\n<!-- \/ Yoast SEO plugin. -->","yoast_head_json":{"title":"Az Env-in-Cent Kft. megkezdte az ATEV Feh\u00e9rjefeldolgoz\u00f3 Zrt. Fenntarthat\u00f3s\u00e1gi Jelent\u00e9s\u00e9nek fel\u00fclvizsg\u00e1lat\u00e1t, valamint Dekarboniz\u00e1ci\u00f3s \u00datiterv\u00e9nek kidolgoz\u00e1s\u00e1t. - Env-in-Cent","robots":{"index":"noindex","follow":"follow","max-snippet":"max-snippet:-1","max-image-preview":"max-image-preview:large","max-video-preview":"max-video-preview:-1"},"og_locale":"en_GB","og_type":"article","og_title":"Az Env-in-Cent Kft. megkezdte az ATEV Feh\u00e9rjefeldolgoz\u00f3 Zrt. Fenntarthat\u00f3s\u00e1gi Jelent\u00e9s\u00e9nek fel\u00fclvizsg\u00e1lat\u00e1t, valamint Dekarboniz\u00e1ci\u00f3s \u00datiterv\u00e9nek kidolgoz\u00e1s\u00e1t. - Env-in-Cent","og_description":"Az ATEV Zrt. kor\u00e1bban kidolgozott Fenntarthat\u00f3s\u00e1gi Jelent\u00e9s\u00e9nek indik\u00e1torait megvizsg\u00e1lva, javaslatot tesz\u00fcnk azok m\u00f3dos\u00edt\u00e1s\u00e1ra, valamint \u00faj indik\u00e1torok el\u0151\u00e1ll\u00edt\u00e1s\u00e1t v\u00e9gezz\u00fck el. Ezt k\u00f6vet\u0151en ker\u00fcl sor az ATEV Zrt. Dekarboniz\u00e1ci\u00f3s \u00datiterv\u00e9nek kidolgoz\u00e1s\u00e1ra.","og_url":"https:\/\/env-in-cent.hu\/en\/2023\/07\/28\/az-env-in-cent-kft-megkezdte-az-atev-feherjefeldolgozo-zrt-fenntarthatosagi-jelentesenek-felulvizsgalatat-valamint-dekarbonizacios-utitervenek-kidolgozasat\/","og_site_name":"Env-in-Cent","article_published_time":"2023-07-28T11:07:05+00:00","article_modified_time":"2024-12-13T11:07:34+00:00","author":"admin","twitter_card":"summary_large_image","twitter_misc":{"Written by":"admin"},"schema":{"@context":"https:\/\/schema.org","@graph":[{"@type":"Article","@id":"https:\/\/env-in-cent.hu\/2023\/07\/28\/az-env-in-cent-kft-megkezdte-az-atev-feherjefeldolgozo-zrt-fenntarthatosagi-jelentesenek-felulvizsgalatat-valamint-dekarbonizacios-utitervenek-kidolgozasat\/#article","isPartOf":{"@id":"https:\/\/env-in-cent.hu\/2023\/07\/28\/az-env-in-cent-kft-megkezdte-az-atev-feherjefeldolgozo-zrt-fenntarthatosagi-jelentesenek-felulvizsgalatat-valamint-dekarbonizacios-utitervenek-kidolgozasat\/"},"author":{"name":"admin","@id":"https:\/\/env-in-cent.hu\/#\/schema\/person\/5c6f075eba9b22272b90fb3aae13186a"},"headline":"Az Env-in-Cent Kft. megkezdte az ATEV Feh\u00e9rjefeldolgoz\u00f3 Zrt. Fenntarthat\u00f3s\u00e1gi Jelent\u00e9s\u00e9nek fel\u00fclvizsg\u00e1lat\u00e1t, valamint Dekarboniz\u00e1ci\u00f3s \u00datiterv\u00e9nek kidolgoz\u00e1s\u00e1t.","datePublished":"2023-07-28T11:07:05+00:00","dateModified":"2024-12-13T11:07:34+00:00","mainEntityOfPage":{"@id":"https:\/\/env-in-cent.hu\/2023\/07\/28\/az-env-in-cent-kft-megkezdte-az-atev-feherjefeldolgozo-zrt-fenntarthatosagi-jelentesenek-felulvizsgalatat-valamint-dekarbonizacios-utitervenek-kidolgozasat\/"},"wordCount":209,"publisher":{"@id":"https:\/\/env-in-cent.hu\/#organization"},"articleSection":["H\u00edrek"],"inLanguage":"en-GB"},{"@type":"WebPage","@id":"https:\/\/env-in-cent.hu\/2023\/07\/28\/az-env-in-cent-kft-megkezdte-az-atev-feherjefeldolgozo-zrt-fenntarthatosagi-jelentesenek-felulvizsgalatat-valamint-dekarbonizacios-utitervenek-kidolgozasat\/","url":"https:\/\/env-in-cent.hu\/2023\/07\/28\/az-env-in-cent-kft-megkezdte-az-atev-feherjefeldolgozo-zrt-fenntarthatosagi-jelentesenek-felulvizsgalatat-valamint-dekarbonizacios-utitervenek-kidolgozasat\/","name":"Az Env-in-Cent Kft. megkezdte az ATEV Feh\u00e9rjefeldolgoz\u00f3 Zrt. Fenntarthat\u00f3s\u00e1gi Jelent\u00e9s\u00e9nek fel\u00fclvizsg\u00e1lat\u00e1t, valamint Dekarboniz\u00e1ci\u00f3s \u00datiterv\u00e9nek kidolgoz\u00e1s\u00e1t. - Env-in-Cent","isPartOf":{"@id":"https:\/\/env-in-cent.hu\/#website"},"datePublished":"2023-07-28T11:07:05+00:00","dateModified":"2024-12-13T11:07:34+00:00","breadcrumb":{"@id":"https:\/\/env-in-cent.hu\/2023\/07\/28\/az-env-in-cent-kft-megkezdte-az-atev-feherjefeldolgozo-zrt-fenntarthatosagi-jelentesenek-felulvizsgalatat-valamint-dekarbonizacios-utitervenek-kidolgozasat\/#breadcrumb"},"inLanguage":"en-GB","potentialAction":[{"@type":"ReadAction","target":["https:\/\/env-in-cent.hu\/2023\/07\/28\/az-env-in-cent-kft-megkezdte-az-atev-feherjefeldolgozo-zrt-fenntarthatosagi-jelentesenek-felulvizsgalatat-valamint-dekarbonizacios-utitervenek-kidolgozasat\/"]}]},{"@type":"BreadcrumbList","@id":"https:\/\/env-in-cent.hu\/2023\/07\/28\/az-env-in-cent-kft-megkezdte-az-atev-feherjefeldolgozo-zrt-fenntarthatosagi-jelentesenek-felulvizsgalatat-valamint-dekarbonizacios-utitervenek-kidolgozasat\/#breadcrumb","itemListElement":[{"@type":"ListItem","position":1,"name":"Kezd\u0151lap","item":"https:\/\/env-in-cent.hu\/"},{"@type":"ListItem","position":2,"name":"Az Env-in-Cent Kft. megkezdte az ATEV Feh\u00e9rjefeldolgoz\u00f3 Zrt. Fenntarthat\u00f3s\u00e1gi Jelent\u00e9s\u00e9nek fel\u00fclvizsg\u00e1lat\u00e1t, valamint Dekarboniz\u00e1ci\u00f3s \u00datiterv\u00e9nek kidolgoz\u00e1s\u00e1t."}]},{"@type":"WebSite","@id":"https:\/\/env-in-cent.hu\/#website","url":"https:\/\/env-in-cent.hu\/","name":"Env-in-Cent","description":"Env-in-Cent K\u00f6rnyezetv\u00e9delmi Tan\u00e1csad\u00f3 Iroda Kft.","publisher":{"@id":"https:\/\/env-in-cent.hu\/#organization"},"potentialAction":[{"@type":"SearchAction","target":{"@type":"EntryPoint","urlTemplate":"https:\/\/env-in-cent.hu\/?s={search_term_string}"},"query-input":{"@type":"PropertyValueSpecification","valueRequired":true,"valueName":"search_term_string"}}],"inLanguage":"en-GB"},{"@type":"Organization","@id":"https:\/\/env-in-cent.hu\/#organization","name":"Env-in-Cent","url":"https:\/\/env-in-cent.hu\/","logo":{"@type":"ImageObject","inLanguage":"en-GB","@id":"https:\/\/env-in-cent.hu\/#\/schema\/logo\/image\/","url":"https:\/\/env-in-cent.hu\/wp-content\/uploads\/2024\/11\/logo.jpg","contentUrl":"https:\/\/env-in-cent.hu\/wp-content\/uploads\/2024\/11\/logo.jpg","width":170,"height":62,"caption":"Env-in-Cent"},"image":{"@id":"https:\/\/env-in-cent.hu\/#\/schema\/logo\/image\/"}},{"@type":"Person","@id":"https:\/\/env-in-cent.hu\/#\/schema\/person\/5c6f075eba9b22272b90fb3aae13186a","name":"admin","image":{"@type":"ImageObject","inLanguage":"en-GB","@id":"https:\/\/env-in-cent.hu\/#\/schema\/person\/image\/","url":"https:\/\/secure.gravatar.com\/avatar\/f9e2bbe26e4bdee0e476af9928f1659a8a449c95de42e8ad8aa43642d806db7f?s=96&d=mm&r=g","contentUrl":"https:\/\/secure.gravatar.com\/avatar\/f9e2bbe26e4bdee0e476af9928f1659a8a449c95de42e8ad8aa43642d806db7f?s=96&d=mm&r=g","caption":"admin"},"url":"https:\/\/env-in-cent.hu\/en\/author\/admin\/"}]}},"_links":{"self":[{"href":"https:\/\/env-in-cent.hu\/en\/wp-json\/wp\/v2\/posts\/702","targetHints":{"allow":["GET"]}}],"collection":[{"href":"https:\/\/env-in-cent.hu\/en\/wp-json\/wp\/v2\/posts"}],"about":[{"href":"https:\/\/env-in-cent.hu\/en\/wp-json\/wp\/v2\/types\/post"}],"author":[{"embeddable":true,"href":"https:\/\/env-in-cent.hu\/en\/wp-json\/wp\/v2\/users\/2"}],"replies":[{"embeddable":true,"href":"https:\/\/env-in-cent.hu\/en\/wp-json\/wp\/v2\/comments?post=702"}],"version-history":[{"count":1,"href":"https:\/\/env-in-cent.hu\/en\/wp-json\/wp\/v2\/posts\/702\/revisions"}],"predecessor-version":[{"id":703,"href":"https:\/\/env-in-cent.hu\/en\/wp-json\/wp\/v2\/posts\/702\/revisions\/703"}],"wp:attachment":[{"href":"https:\/\/env-in-cent.hu\/en\/wp-json\/wp\/v2\/media?parent=702"}],"wp:term":[{"taxonomy":"category","embeddable":true,"href":"https:\/\/env-in-cent.hu\/en\/wp-json\/wp\/v2\/categories?post=702"},{"taxonomy":"post_tag","embeddable":true,"href":"https:\/\/env-in-cent.hu\/en\/wp-json\/wp\/v2\/tags?post=702"}],"curies":[{"name":"wp","href":"https:\/\/api.w.org\/{rel}","templated":true}]}}