{"id":700,"date":"2023-05-03T11:05:53","date_gmt":"2023-05-03T11:05:53","guid":{"rendered":"https:\/\/env-in-cent.hu\/?p=700"},"modified":"2024-12-13T11:06:25","modified_gmt":"2024-12-13T11:06:25","slug":"az-env-in-cent-kft-szakmai-koordinaciojaval-kidolgozasra-kerult-a-nemzeti-fenntarthato-fejlodesi-keretstrategia-5-elorehaladasi-jelentesehez-keszult-kutatas","status":"publish","type":"post","link":"https:\/\/env-in-cent.hu\/en\/2023\/05\/03\/az-env-in-cent-kft-szakmai-koordinaciojaval-kidolgozasra-kerult-a-nemzeti-fenntarthato-fejlodesi-keretstrategia-5-elorehaladasi-jelentesehez-keszult-kutatas\/","title":{"rendered":"Az Env-in-Cent Kft. szakmai koordin\u00e1ci\u00f3j\u00e1val kidolgoz\u00e1sra ker\u00fclt a Nemzeti Fenntarthat\u00f3 Fejl\u0151d\u00e9si Keretstrat\u00e9gia 5. el\u0151rehalad\u00e1si jelent\u00e9s\u00e9hez k\u00e9sz\u00fclt kutat\u00e1s."},"content":{"rendered":"<p>Az Env-in-Cent Kft. elk\u00e9sz\u00edtette a term\u00e9szeti er\u0151forr\u00e1sok \u00e1llapot\u00e1nak bemutat\u00e1s\u00e1t, valamint azoknak a tendenci\u00e1knak, v\u00e1ltoz\u00e1soknak az \u00e9rt\u00e9kel\u00e9s\u00e9t, melyek 2021-2022 \u00e9vekben meghat\u00e1rozt\u00e1k haz\u00e1nk term\u00e9szeti er\u0151forr\u00e1sainak alakul\u00e1s\u00e1t. Az elk\u00e9sz\u00fclt tanulm\u00e1ny a Nemzeti Fenntarthat\u00f3s\u00e1gi Keretstrat\u00e9gia (NFFS) 5. el\u0151rehalad\u00e1si jelent\u00e9s\u00e9nek megalapoz\u00e1s\u00e1t szolg\u00e1lja.<\/p>\n\n\n\n<details class=\"wp-block-details is-layout-flow wp-block-details-is-layout-flow\"><summary>Elk\u00e9sz\u00edtett\u00fck a term\u00e9szeti er\u0151forr\u00e1sok mennyis\u00e9gi \u00e9s min\u0151s\u00e9gi \u00e1llapot\u00e1nak v\u00e1ltoz\u00e1sait bemutat\u00f3 tanulm\u00e1nyt, mely arra a k\u00e9rd\u00e9sre keresett v\u00e1laszt: hogyan j\u00e1rulnak hozz\u00e1 term\u00e9szeti er\u0151forr\u00e1saink a fenntarthat\u00f3s\u00e1g fel\u00e9 val\u00f3 \u00e1tmenet megval\u00f3s\u00edt\u00e1s\u00e1hoz.\u00a0<br>A tanulm\u00e1nyban a fenntarthat\u00f3s\u00e1g fel\u00e9 val\u00f3 \u00e1tmenet a k\u00f6vetkez\u0151 kulcster\u00fcleteken v\u00e9gezt\u00fck el az el\u0151rehalad\u00e1s \u00e9rt\u00e9kel\u00e9s\u00e9t: (i) ter\u00fclethaszn\u00e1lat, (ii) term\u00e9szeti er\u0151forr\u00e1sok ig\u00e9nybev\u00e9tele, (iii) a k\u00f6rforg\u00e1sos gazdas\u00e1g lehet\u0151s\u00e9gei, (iv) kibocs\u00e1t\u00e1sok, terhel\u00e9sek alakul\u00e1sa \u00e9s a k\u00f6rnyezetmin\u0151s\u00e9g \u00e1llapota, (v) kl\u00edma \u00e9s energia, (vi) biol\u00f3giai sokf\u00e9les\u00e9g \u00e9s erd\u0151k. A tanulm\u00e1nyban a fenntarthat\u00f3s\u00e1g fel\u00e9 val\u00f3. A felsorolt kulcster\u00fcleteken indik\u00e1torokkal mutattuk be a term\u00e9szeti er\u0151forr\u00e1sok \u00e1llapot\u00e1ban tapasztalhat\u00f3 elmozdul\u00e1st, tov\u00e1bb\u00e1 a fenntarthat\u00f3s\u00e1g fel\u00e9 val\u00f3 \u00e1tmenetet befoly\u00e1sol\u00f3 hajt\u00f3er\u0151ket. \u00c9rt\u00e9kelt\u00fck a t\u00e9mater\u00fclet helyzet\u00e9t a fenntarthat\u00f3s\u00e1g fel\u00e9 val\u00f3 \u00e1tmenet szempontj\u00e1b\u00f3l, vizsg\u00e1ltuk a kedvez\u0151, t\u00e1mogat\u00f3 tendenci\u00e1kat, illetve az \u00e1tmenet \u00fatj\u00e1ban \u00e1ll\u00f3 akad\u00e1lyokat, kock\u00e1zatokat. Mind a kedvez\u0151, mind a kedvez\u0151tlen t\u00e9nyez\u0151kn\u00e9l \u2013 ahol erre adat, inform\u00e1ci\u00f3 \u00e1llt rendelkez\u00e9se \u2013 k\u00fcl\u00f6n kit\u00e9r\u00fcnk a kor\u00e1bbi \u00e9vek tapasztalataira is. V\u00e9g\u00fcl valamennyi t\u00e9mater\u00fcleten aj\u00e1nl\u00e1sokat tett\u00fcnk az \u00faj keretstrat\u00e9gia kidolgoz\u00e1s\u00e1hoz.<br>Egy-egy t\u00e9mater\u00fclet \u00e9rt\u00e9kel\u00e9s\u00e9t a kedvez\u0151 \u00e9s kedvez\u0151tlen tendenci\u00e1k r\u00f6vid \u00f6sszefoglal\u00e1s\u00e1val, felsorol\u00e1s\u00e1val z\u00e1rtuk. A meg\u00e1llap\u00edt\u00e1sainkhoz kapcsol\u00f3d\u00f3an javaslatokat fogalmaztunk meg a Keretstrat\u00e9gia c\u00e9ljainak \u00e9s int\u00e9zked\u00e9seinek kieg\u00e9sz\u00edt\u00e9s\u00e9re, illetve az \u00faj Keretstrat\u00e9gia kialak\u00edt\u00e1s\u00e1ra.\u00a0<br>\u00a0<\/summary>\n<p><\/p>\n<\/details>","protected":false},"excerpt":{"rendered":"<p>Az Env-in-Cent Kft. elk\u00e9sz\u00edtette a term\u00e9szeti er\u0151forr\u00e1sok \u00e1llapot\u00e1nak bemutat\u00e1s\u00e1t, valamint azoknak a tendenci\u00e1knak, v\u00e1ltoz\u00e1soknak az \u00e9rt\u00e9kel\u00e9s\u00e9t, melyek 2021-2022 \u00e9vekben meghat\u00e1rozt\u00e1k haz\u00e1nk term\u00e9szeti er\u0151forr\u00e1sainak alakul\u00e1s\u00e1t. Az elk\u00e9sz\u00fclt tanulm\u00e1ny a Nemzeti Fenntarthat\u00f3s\u00e1gi Keretstrat\u00e9gia (NFFS) 5. el\u0151rehalad\u00e1si jelent\u00e9s\u00e9nek megalapoz\u00e1s\u00e1t szolg\u00e1lja.<\/p>","protected":false},"author":2,"featured_media":0,"comment_status":"closed","ping_status":"open","sticky":false,"template":"","format":"standard","meta":{"footnotes":""},"categories":[3],"tags":[],"class_list":["post-700","post","type-post","status-publish","format-standard","hentry","category-hirek"],"yoast_head":"<!-- This site is optimized with the Yoast SEO plugin v23.9 - https:\/\/yoast.com\/wordpress\/plugins\/seo\/ -->\n<title>Az Env-in-Cent Kft. szakmai koordin\u00e1ci\u00f3j\u00e1val kidolgoz\u00e1sra ker\u00fclt a Nemzeti Fenntarthat\u00f3 Fejl\u0151d\u00e9si Keretstrat\u00e9gia 5. el\u0151rehalad\u00e1si jelent\u00e9s\u00e9hez k\u00e9sz\u00fclt kutat\u00e1s. - Env-in-Cent<\/title>\n<meta name=\"robots\" content=\"noindex, follow, max-snippet:-1, max-image-preview:large, max-video-preview:-1\" \/>\n<meta property=\"og:locale\" content=\"en_GB\" \/>\n<meta property=\"og:type\" content=\"article\" \/>\n<meta property=\"og:title\" content=\"Az Env-in-Cent Kft. szakmai koordin\u00e1ci\u00f3j\u00e1val kidolgoz\u00e1sra ker\u00fclt a Nemzeti Fenntarthat\u00f3 Fejl\u0151d\u00e9si Keretstrat\u00e9gia 5. el\u0151rehalad\u00e1si jelent\u00e9s\u00e9hez k\u00e9sz\u00fclt kutat\u00e1s. - Env-in-Cent\" \/>\n<meta property=\"og:description\" content=\"Az Env-in-Cent Kft. elk\u00e9sz\u00edtette a term\u00e9szeti er\u0151forr\u00e1sok \u00e1llapot\u00e1nak bemutat\u00e1s\u00e1t, valamint azoknak a tendenci\u00e1knak, v\u00e1ltoz\u00e1soknak az \u00e9rt\u00e9kel\u00e9s\u00e9t, melyek 2021-2022 \u00e9vekben meghat\u00e1rozt\u00e1k haz\u00e1nk term\u00e9szeti er\u0151forr\u00e1sainak alakul\u00e1s\u00e1t. Az elk\u00e9sz\u00fclt tanulm\u00e1ny a Nemzeti Fenntarthat\u00f3s\u00e1gi Keretstrat\u00e9gia (NFFS) 5. el\u0151rehalad\u00e1si jelent\u00e9s\u00e9nek megalapoz\u00e1s\u00e1t szolg\u00e1lja.\" \/>\n<meta property=\"og:url\" content=\"https:\/\/env-in-cent.hu\/en\/2023\/05\/03\/az-env-in-cent-kft-szakmai-koordinaciojaval-kidolgozasra-kerult-a-nemzeti-fenntarthato-fejlodesi-keretstrategia-5-elorehaladasi-jelentesehez-keszult-kutatas\/\" \/>\n<meta property=\"og:site_name\" content=\"Env-in-Cent\" \/>\n<meta property=\"article:published_time\" content=\"2023-05-03T11:05:53+00:00\" \/>\n<meta property=\"article:modified_time\" content=\"2024-12-13T11:06:25+00:00\" \/>\n<meta name=\"author\" content=\"admin\" \/>\n<meta name=\"twitter:card\" content=\"summary_large_image\" \/>\n<meta name=\"twitter:label1\" content=\"Written by\" \/>\n\t<meta name=\"twitter:data1\" content=\"admin\" \/>\n\t<meta name=\"twitter:label2\" content=\"Estimated reading time\" \/>\n\t<meta name=\"twitter:data2\" content=\"2 minutes\" \/>\n<script type=\"application\/ld+json\" class=\"yoast-schema-graph\">{\"@context\":\"https:\/\/schema.org\",\"@graph\":[{\"@type\":\"Article\",\"@id\":\"https:\/\/env-in-cent.hu\/2023\/05\/03\/az-env-in-cent-kft-szakmai-koordinaciojaval-kidolgozasra-kerult-a-nemzeti-fenntarthato-fejlodesi-keretstrategia-5-elorehaladasi-jelentesehez-keszult-kutatas\/#article\",\"isPartOf\":{\"@id\":\"https:\/\/env-in-cent.hu\/2023\/05\/03\/az-env-in-cent-kft-szakmai-koordinaciojaval-kidolgozasra-kerult-a-nemzeti-fenntarthato-fejlodesi-keretstrategia-5-elorehaladasi-jelentesehez-keszult-kutatas\/\"},\"author\":{\"name\":\"admin\",\"@id\":\"https:\/\/env-in-cent.hu\/#\/schema\/person\/5c6f075eba9b22272b90fb3aae13186a\"},\"headline\":\"Az Env-in-Cent Kft. szakmai koordin\u00e1ci\u00f3j\u00e1val kidolgoz\u00e1sra ker\u00fclt a Nemzeti Fenntarthat\u00f3 Fejl\u0151d\u00e9si Keretstrat\u00e9gia 5. el\u0151rehalad\u00e1si jelent\u00e9s\u00e9hez k\u00e9sz\u00fclt kutat\u00e1s.\",\"datePublished\":\"2023-05-03T11:05:53+00:00\",\"dateModified\":\"2024-12-13T11:06:25+00:00\",\"mainEntityOfPage\":{\"@id\":\"https:\/\/env-in-cent.hu\/2023\/05\/03\/az-env-in-cent-kft-szakmai-koordinaciojaval-kidolgozasra-kerult-a-nemzeti-fenntarthato-fejlodesi-keretstrategia-5-elorehaladasi-jelentesehez-keszult-kutatas\/\"},\"wordCount\":423,\"publisher\":{\"@id\":\"https:\/\/env-in-cent.hu\/#organization\"},\"articleSection\":[\"H\u00edrek\"],\"inLanguage\":\"en-GB\"},{\"@type\":\"WebPage\",\"@id\":\"https:\/\/env-in-cent.hu\/2023\/05\/03\/az-env-in-cent-kft-szakmai-koordinaciojaval-kidolgozasra-kerult-a-nemzeti-fenntarthato-fejlodesi-keretstrategia-5-elorehaladasi-jelentesehez-keszult-kutatas\/\",\"url\":\"https:\/\/env-in-cent.hu\/2023\/05\/03\/az-env-in-cent-kft-szakmai-koordinaciojaval-kidolgozasra-kerult-a-nemzeti-fenntarthato-fejlodesi-keretstrategia-5-elorehaladasi-jelentesehez-keszult-kutatas\/\",\"name\":\"Az Env-in-Cent Kft. szakmai koordin\u00e1ci\u00f3j\u00e1val kidolgoz\u00e1sra ker\u00fclt a Nemzeti Fenntarthat\u00f3 Fejl\u0151d\u00e9si Keretstrat\u00e9gia 5. el\u0151rehalad\u00e1si jelent\u00e9s\u00e9hez k\u00e9sz\u00fclt kutat\u00e1s. - Env-in-Cent\",\"isPartOf\":{\"@id\":\"https:\/\/env-in-cent.hu\/#website\"},\"datePublished\":\"2023-05-03T11:05:53+00:00\",\"dateModified\":\"2024-12-13T11:06:25+00:00\",\"breadcrumb\":{\"@id\":\"https:\/\/env-in-cent.hu\/2023\/05\/03\/az-env-in-cent-kft-szakmai-koordinaciojaval-kidolgozasra-kerult-a-nemzeti-fenntarthato-fejlodesi-keretstrategia-5-elorehaladasi-jelentesehez-keszult-kutatas\/#breadcrumb\"},\"inLanguage\":\"en-GB\",\"potentialAction\":[{\"@type\":\"ReadAction\",\"target\":[\"https:\/\/env-in-cent.hu\/2023\/05\/03\/az-env-in-cent-kft-szakmai-koordinaciojaval-kidolgozasra-kerult-a-nemzeti-fenntarthato-fejlodesi-keretstrategia-5-elorehaladasi-jelentesehez-keszult-kutatas\/\"]}]},{\"@type\":\"BreadcrumbList\",\"@id\":\"https:\/\/env-in-cent.hu\/2023\/05\/03\/az-env-in-cent-kft-szakmai-koordinaciojaval-kidolgozasra-kerult-a-nemzeti-fenntarthato-fejlodesi-keretstrategia-5-elorehaladasi-jelentesehez-keszult-kutatas\/#breadcrumb\",\"itemListElement\":[{\"@type\":\"ListItem\",\"position\":1,\"name\":\"Kezd\u0151lap\",\"item\":\"https:\/\/env-in-cent.hu\/\"},{\"@type\":\"ListItem\",\"position\":2,\"name\":\"Az Env-in-Cent Kft. szakmai koordin\u00e1ci\u00f3j\u00e1val kidolgoz\u00e1sra ker\u00fclt a Nemzeti Fenntarthat\u00f3 Fejl\u0151d\u00e9si Keretstrat\u00e9gia 5. el\u0151rehalad\u00e1si jelent\u00e9s\u00e9hez k\u00e9sz\u00fclt kutat\u00e1s.\"}]},{\"@type\":\"WebSite\",\"@id\":\"https:\/\/env-in-cent.hu\/#website\",\"url\":\"https:\/\/env-in-cent.hu\/\",\"name\":\"Env-in-Cent\",\"description\":\"Env-in-Cent K\u00f6rnyezetv\u00e9delmi Tan\u00e1csad\u00f3 Iroda Kft.\",\"publisher\":{\"@id\":\"https:\/\/env-in-cent.hu\/#organization\"},\"potentialAction\":[{\"@type\":\"SearchAction\",\"target\":{\"@type\":\"EntryPoint\",\"urlTemplate\":\"https:\/\/env-in-cent.hu\/?s={search_term_string}\"},\"query-input\":{\"@type\":\"PropertyValueSpecification\",\"valueRequired\":true,\"valueName\":\"search_term_string\"}}],\"inLanguage\":\"en-GB\"},{\"@type\":\"Organization\",\"@id\":\"https:\/\/env-in-cent.hu\/#organization\",\"name\":\"Env-in-Cent\",\"url\":\"https:\/\/env-in-cent.hu\/\",\"logo\":{\"@type\":\"ImageObject\",\"inLanguage\":\"en-GB\",\"@id\":\"https:\/\/env-in-cent.hu\/#\/schema\/logo\/image\/\",\"url\":\"https:\/\/env-in-cent.hu\/wp-content\/uploads\/2024\/11\/logo.jpg\",\"contentUrl\":\"https:\/\/env-in-cent.hu\/wp-content\/uploads\/2024\/11\/logo.jpg\",\"width\":170,\"height\":62,\"caption\":\"Env-in-Cent\"},\"image\":{\"@id\":\"https:\/\/env-in-cent.hu\/#\/schema\/logo\/image\/\"}},{\"@type\":\"Person\",\"@id\":\"https:\/\/env-in-cent.hu\/#\/schema\/person\/5c6f075eba9b22272b90fb3aae13186a\",\"name\":\"admin\",\"image\":{\"@type\":\"ImageObject\",\"inLanguage\":\"en-GB\",\"@id\":\"https:\/\/env-in-cent.hu\/#\/schema\/person\/image\/\",\"url\":\"https:\/\/secure.gravatar.com\/avatar\/f9e2bbe26e4bdee0e476af9928f1659a8a449c95de42e8ad8aa43642d806db7f?s=96&d=mm&r=g\",\"contentUrl\":\"https:\/\/secure.gravatar.com\/avatar\/f9e2bbe26e4bdee0e476af9928f1659a8a449c95de42e8ad8aa43642d806db7f?s=96&d=mm&r=g\",\"caption\":\"admin\"},\"url\":\"https:\/\/env-in-cent.hu\/en\/author\/admin\/\"}]}<\/script>\n<!-- \/ Yoast SEO plugin. -->","yoast_head_json":{"title":"Az Env-in-Cent Kft. szakmai koordin\u00e1ci\u00f3j\u00e1val kidolgoz\u00e1sra ker\u00fclt a Nemzeti Fenntarthat\u00f3 Fejl\u0151d\u00e9si Keretstrat\u00e9gia 5. el\u0151rehalad\u00e1si jelent\u00e9s\u00e9hez k\u00e9sz\u00fclt kutat\u00e1s. - Env-in-Cent","robots":{"index":"noindex","follow":"follow","max-snippet":"max-snippet:-1","max-image-preview":"max-image-preview:large","max-video-preview":"max-video-preview:-1"},"og_locale":"en_GB","og_type":"article","og_title":"Az Env-in-Cent Kft. szakmai koordin\u00e1ci\u00f3j\u00e1val kidolgoz\u00e1sra ker\u00fclt a Nemzeti Fenntarthat\u00f3 Fejl\u0151d\u00e9si Keretstrat\u00e9gia 5. el\u0151rehalad\u00e1si jelent\u00e9s\u00e9hez k\u00e9sz\u00fclt kutat\u00e1s. - Env-in-Cent","og_description":"Az Env-in-Cent Kft. elk\u00e9sz\u00edtette a term\u00e9szeti er\u0151forr\u00e1sok \u00e1llapot\u00e1nak bemutat\u00e1s\u00e1t, valamint azoknak a tendenci\u00e1knak, v\u00e1ltoz\u00e1soknak az \u00e9rt\u00e9kel\u00e9s\u00e9t, melyek 2021-2022 \u00e9vekben meghat\u00e1rozt\u00e1k haz\u00e1nk term\u00e9szeti er\u0151forr\u00e1sainak alakul\u00e1s\u00e1t. Az elk\u00e9sz\u00fclt tanulm\u00e1ny a Nemzeti Fenntarthat\u00f3s\u00e1gi Keretstrat\u00e9gia (NFFS) 5. el\u0151rehalad\u00e1si jelent\u00e9s\u00e9nek megalapoz\u00e1s\u00e1t szolg\u00e1lja.","og_url":"https:\/\/env-in-cent.hu\/en\/2023\/05\/03\/az-env-in-cent-kft-szakmai-koordinaciojaval-kidolgozasra-kerult-a-nemzeti-fenntarthato-fejlodesi-keretstrategia-5-elorehaladasi-jelentesehez-keszult-kutatas\/","og_site_name":"Env-in-Cent","article_published_time":"2023-05-03T11:05:53+00:00","article_modified_time":"2024-12-13T11:06:25+00:00","author":"admin","twitter_card":"summary_large_image","twitter_misc":{"Written by":"admin","Estimated reading time":"2 minutes"},"schema":{"@context":"https:\/\/schema.org","@graph":[{"@type":"Article","@id":"https:\/\/env-in-cent.hu\/2023\/05\/03\/az-env-in-cent-kft-szakmai-koordinaciojaval-kidolgozasra-kerult-a-nemzeti-fenntarthato-fejlodesi-keretstrategia-5-elorehaladasi-jelentesehez-keszult-kutatas\/#article","isPartOf":{"@id":"https:\/\/env-in-cent.hu\/2023\/05\/03\/az-env-in-cent-kft-szakmai-koordinaciojaval-kidolgozasra-kerult-a-nemzeti-fenntarthato-fejlodesi-keretstrategia-5-elorehaladasi-jelentesehez-keszult-kutatas\/"},"author":{"name":"admin","@id":"https:\/\/env-in-cent.hu\/#\/schema\/person\/5c6f075eba9b22272b90fb3aae13186a"},"headline":"Az Env-in-Cent Kft. szakmai koordin\u00e1ci\u00f3j\u00e1val kidolgoz\u00e1sra ker\u00fclt a Nemzeti Fenntarthat\u00f3 Fejl\u0151d\u00e9si Keretstrat\u00e9gia 5. el\u0151rehalad\u00e1si jelent\u00e9s\u00e9hez k\u00e9sz\u00fclt kutat\u00e1s.","datePublished":"2023-05-03T11:05:53+00:00","dateModified":"2024-12-13T11:06:25+00:00","mainEntityOfPage":{"@id":"https:\/\/env-in-cent.hu\/2023\/05\/03\/az-env-in-cent-kft-szakmai-koordinaciojaval-kidolgozasra-kerult-a-nemzeti-fenntarthato-fejlodesi-keretstrategia-5-elorehaladasi-jelentesehez-keszult-kutatas\/"},"wordCount":423,"publisher":{"@id":"https:\/\/env-in-cent.hu\/#organization"},"articleSection":["H\u00edrek"],"inLanguage":"en-GB"},{"@type":"WebPage","@id":"https:\/\/env-in-cent.hu\/2023\/05\/03\/az-env-in-cent-kft-szakmai-koordinaciojaval-kidolgozasra-kerult-a-nemzeti-fenntarthato-fejlodesi-keretstrategia-5-elorehaladasi-jelentesehez-keszult-kutatas\/","url":"https:\/\/env-in-cent.hu\/2023\/05\/03\/az-env-in-cent-kft-szakmai-koordinaciojaval-kidolgozasra-kerult-a-nemzeti-fenntarthato-fejlodesi-keretstrategia-5-elorehaladasi-jelentesehez-keszult-kutatas\/","name":"Az Env-in-Cent Kft. szakmai koordin\u00e1ci\u00f3j\u00e1val kidolgoz\u00e1sra ker\u00fclt a Nemzeti Fenntarthat\u00f3 Fejl\u0151d\u00e9si Keretstrat\u00e9gia 5. el\u0151rehalad\u00e1si jelent\u00e9s\u00e9hez k\u00e9sz\u00fclt kutat\u00e1s. - Env-in-Cent","isPartOf":{"@id":"https:\/\/env-in-cent.hu\/#website"},"datePublished":"2023-05-03T11:05:53+00:00","dateModified":"2024-12-13T11:06:25+00:00","breadcrumb":{"@id":"https:\/\/env-in-cent.hu\/2023\/05\/03\/az-env-in-cent-kft-szakmai-koordinaciojaval-kidolgozasra-kerult-a-nemzeti-fenntarthato-fejlodesi-keretstrategia-5-elorehaladasi-jelentesehez-keszult-kutatas\/#breadcrumb"},"inLanguage":"en-GB","potentialAction":[{"@type":"ReadAction","target":["https:\/\/env-in-cent.hu\/2023\/05\/03\/az-env-in-cent-kft-szakmai-koordinaciojaval-kidolgozasra-kerult-a-nemzeti-fenntarthato-fejlodesi-keretstrategia-5-elorehaladasi-jelentesehez-keszult-kutatas\/"]}]},{"@type":"BreadcrumbList","@id":"https:\/\/env-in-cent.hu\/2023\/05\/03\/az-env-in-cent-kft-szakmai-koordinaciojaval-kidolgozasra-kerult-a-nemzeti-fenntarthato-fejlodesi-keretstrategia-5-elorehaladasi-jelentesehez-keszult-kutatas\/#breadcrumb","itemListElement":[{"@type":"ListItem","position":1,"name":"Kezd\u0151lap","item":"https:\/\/env-in-cent.hu\/"},{"@type":"ListItem","position":2,"name":"Az Env-in-Cent Kft. szakmai koordin\u00e1ci\u00f3j\u00e1val kidolgoz\u00e1sra ker\u00fclt a Nemzeti Fenntarthat\u00f3 Fejl\u0151d\u00e9si Keretstrat\u00e9gia 5. el\u0151rehalad\u00e1si jelent\u00e9s\u00e9hez k\u00e9sz\u00fclt kutat\u00e1s."}]},{"@type":"WebSite","@id":"https:\/\/env-in-cent.hu\/#website","url":"https:\/\/env-in-cent.hu\/","name":"Env-in-Cent","description":"Env-in-Cent K\u00f6rnyezetv\u00e9delmi Tan\u00e1csad\u00f3 Iroda Kft.","publisher":{"@id":"https:\/\/env-in-cent.hu\/#organization"},"potentialAction":[{"@type":"SearchAction","target":{"@type":"EntryPoint","urlTemplate":"https:\/\/env-in-cent.hu\/?s={search_term_string}"},"query-input":{"@type":"PropertyValueSpecification","valueRequired":true,"valueName":"search_term_string"}}],"inLanguage":"en-GB"},{"@type":"Organization","@id":"https:\/\/env-in-cent.hu\/#organization","name":"Env-in-Cent","url":"https:\/\/env-in-cent.hu\/","logo":{"@type":"ImageObject","inLanguage":"en-GB","@id":"https:\/\/env-in-cent.hu\/#\/schema\/logo\/image\/","url":"https:\/\/env-in-cent.hu\/wp-content\/uploads\/2024\/11\/logo.jpg","contentUrl":"https:\/\/env-in-cent.hu\/wp-content\/uploads\/2024\/11\/logo.jpg","width":170,"height":62,"caption":"Env-in-Cent"},"image":{"@id":"https:\/\/env-in-cent.hu\/#\/schema\/logo\/image\/"}},{"@type":"Person","@id":"https:\/\/env-in-cent.hu\/#\/schema\/person\/5c6f075eba9b22272b90fb3aae13186a","name":"admin","image":{"@type":"ImageObject","inLanguage":"en-GB","@id":"https:\/\/env-in-cent.hu\/#\/schema\/person\/image\/","url":"https:\/\/secure.gravatar.com\/avatar\/f9e2bbe26e4bdee0e476af9928f1659a8a449c95de42e8ad8aa43642d806db7f?s=96&d=mm&r=g","contentUrl":"https:\/\/secure.gravatar.com\/avatar\/f9e2bbe26e4bdee0e476af9928f1659a8a449c95de42e8ad8aa43642d806db7f?s=96&d=mm&r=g","caption":"admin"},"url":"https:\/\/env-in-cent.hu\/en\/author\/admin\/"}]}},"_links":{"self":[{"href":"https:\/\/env-in-cent.hu\/en\/wp-json\/wp\/v2\/posts\/700","targetHints":{"allow":["GET"]}}],"collection":[{"href":"https:\/\/env-in-cent.hu\/en\/wp-json\/wp\/v2\/posts"}],"about":[{"href":"https:\/\/env-in-cent.hu\/en\/wp-json\/wp\/v2\/types\/post"}],"author":[{"embeddable":true,"href":"https:\/\/env-in-cent.hu\/en\/wp-json\/wp\/v2\/users\/2"}],"replies":[{"embeddable":true,"href":"https:\/\/env-in-cent.hu\/en\/wp-json\/wp\/v2\/comments?post=700"}],"version-history":[{"count":1,"href":"https:\/\/env-in-cent.hu\/en\/wp-json\/wp\/v2\/posts\/700\/revisions"}],"predecessor-version":[{"id":701,"href":"https:\/\/env-in-cent.hu\/en\/wp-json\/wp\/v2\/posts\/700\/revisions\/701"}],"wp:attachment":[{"href":"https:\/\/env-in-cent.hu\/en\/wp-json\/wp\/v2\/media?parent=700"}],"wp:term":[{"taxonomy":"category","embeddable":true,"href":"https:\/\/env-in-cent.hu\/en\/wp-json\/wp\/v2\/categories?post=700"},{"taxonomy":"post_tag","embeddable":true,"href":"https:\/\/env-in-cent.hu\/en\/wp-json\/wp\/v2\/tags?post=700"}],"curies":[{"name":"wp","href":"https:\/\/api.w.org\/{rel}","templated":true}]}}