{"id":696,"date":"2022-06-27T11:02:47","date_gmt":"2022-06-27T11:02:47","guid":{"rendered":"https:\/\/env-in-cent.hu\/?p=696"},"modified":"2024-12-13T11:03:27","modified_gmt":"2024-12-13T11:03:27","slug":"elkeszult-tiszaujvaros-varos-onkormanyzata-onkormanyzat-fenntarthato-energia-es-klima-akcioterv-secap-monitoring-jelentese","status":"publish","type":"post","link":"https:\/\/env-in-cent.hu\/en\/2022\/06\/27\/elkeszult-tiszaujvaros-varos-onkormanyzata-onkormanyzat-fenntarthato-energia-es-klima-akcioterv-secap-monitoring-jelentese\/","title":{"rendered":"Elk\u00e9sz\u00fclt Tisza\u00fajv\u00e1ros V\u00e1ros \u00d6nkorm\u00e1nyzata \u00d6nkorm\u00e1nyzat Fenntarthat\u00f3 Energia- \u00e9s Kl\u00edma Akci\u00f3terv (SECAP) monitoring jelent\u00e9se"},"content":{"rendered":"<p>A tisza\u00fajv\u00e1rosi SECAP a Polg\u00e1rmesterek Kl\u00edma- \u00e9s Energia\u00fcgyi Sz\u00f6vets\u00e9g\u00e9nek \u00fatmutat\u00f3ja alapj\u00e1n k\u00e9sz\u00fclt \u00e9s t\u00f6bbek k\u00f6z\u00f6tt tartalmazza a sz\u00e9n-dioxid kibocs\u00e1t\u00e1s 40%-os cs\u00f6kkent\u00e9s\u00e9re ir\u00e1nyul\u00f3 c\u00e9lokat \u00e9s r\u00e9szletes int\u00e9zked\u00e9seket, valamint az \u00e9ghajlati kock\u00e1zatok alapj\u00e1n meghat\u00e1rozott adapt\u00e1ci\u00f3s cselekv\u00e9si ir\u00e1nyokat<\/p>\n\n\n\n<details class=\"wp-block-details is-layout-flow wp-block-details-is-layout-flow\"><summary><\/summary>\n<p>A Monitoring Jelent\u00e9sben bemutatjuk a 2020. \u00e9vre vonatkoz\u00f3 sz\u00e9n-dioxid kibocs\u00e1t\u00e1si lelt\u00e1rt. A lelt\u00e1r ugyanazokra a jelent\u0151s \u00e1gazatokra k\u00e9sz\u00fclt el, mint a SECAP dokumentum. Bemutatjuk a 2020. \u00e9vi kibocs\u00e1t\u00e1si lelt\u00e1r \u00e1gazati \u00f6sszet\u00e9tel\u00e9t, elemezz\u00fck a 2015 \u00e9s 2020. \u00e9vek k\u00f6z\u00f6tti v\u00e1ltoz\u00e1sokat, tendenci\u00e1kat. A Monitoring jelent\u00e9s r\u00e9sz\u00e9t k\u00e9pezi a kibocs\u00e1t\u00e1s-cs\u00f6kkent\u00e9si strat\u00e9gia fel\u00fclvizsg\u00e1lata is. A SECAP dekarboniz\u00e1ci\u00f3s j\u00f6v\u0151k\u00e9pe \u00e9s a kapcsol\u00f3d\u00f3 c\u00e9lkit\u0171z\u00e9sek tov\u00e1bbra is megfelel\u0151ek, a Monitoring Jelent\u00e9s n\u00e9h\u00e1ny aj\u00e1nl\u00e1st tesz a c\u00e9lkit\u0171z\u00e9sek k\u00f6z\u00f6tti hangs\u00falyokra \u00e9s priorit\u00e1sokra. A m\u00e1sodik r\u00e9szben kapott helyet az \u00e9ghajlati sebezhet\u0151s\u00e9g \u00e9s kock\u00e1zatok alakul\u00e1s\u00e1nak \u00e9rt\u00e9kel\u00e9se, mely a SECAP-hoz k\u00e9pest kieg\u00e9sz\u00edt\u0151, \u00faj munkar\u00e9sz. Ezt k\u00f6vet\u0151en ker\u00fclt sor az alkalmazkod\u00e1si strat\u00e9gia \u00e9s c\u00e9lok \u00e1tfog\u00f3 \u00e9rt\u00e9kel\u00e9s\u00e9re, melyek szint\u00e9n alkalmasak a tov\u00e1bbi adapt\u00e1ci\u00f3s tev\u00e9kenys\u00e9gekre, m\u00f3dos\u00edt\u00e1sukra nincs sz\u00fcks\u00e9g, n\u00e9h\u00e1ny f\u00f3kusz-t\u00e9mater\u00fclet kiemel\u00e9s\u00e9re azonban tett\u00fcnk aj\u00e1nl\u00e1sokat. Szint\u00e9n a Monitoring Jelent\u00e9s m\u00e1sodik r\u00e9sz\u00e9ben \u00f6sszegezz\u00fck az \u00d6nkorm\u00e1nyzat SECAP v\u00e9grehajt\u00e1si int\u00e9zm\u00e9nyrendszer\u00e9vel kapcsolatos \u00e9rt\u00e9kel\u00e9seket \u00e9s aj\u00e1nl\u00e1sokat. V\u00e9g\u00fcl a dokumentum harmadik r\u00e9sze alkotja az int\u00e9zked\u00e9s monitoringot. E munkar\u00e9szben &#8211; a SECAP strukt\u00far\u00e1j\u00e1nak megfelel\u0151en \u2013 r\u00e9szletesen \u00e9rt\u00e9kelj\u00fck a kibocs\u00e1t\u00e1s-cs\u00f6kkent\u0151 int\u00e9zked\u00e9sek el\u0151rehalad\u00e1s\u00e1t, melynek keret\u00e9ben javaslatokat tesz\u00fcnk az egyes int\u00e9zked\u00e9sek tov\u00e1bbi v\u00e9grehajt\u00e1s\u00e1val \u00f6sszef\u00fcgg\u00e9sben. Szint\u00e9n ebben a r\u00e9szben v\u00e1zlatosan \u00e9rintj\u00fck az adapt\u00e1ci\u00f3s int\u00e9zked\u00e9sek helyzet\u00e9t is.\u00a0<\/p>\n<\/details>","protected":false},"excerpt":{"rendered":"<p>A tisza\u00fajv\u00e1rosi SECAP a Polg\u00e1rmesterek Kl\u00edma- \u00e9s Energia\u00fcgyi Sz\u00f6vets\u00e9g\u00e9nek \u00fatmutat\u00f3ja alapj\u00e1n k\u00e9sz\u00fclt \u00e9s t\u00f6bbek k\u00f6z\u00f6tt tartalmazza a sz\u00e9n-dioxid kibocs\u00e1t\u00e1s 40%-os cs\u00f6kkent\u00e9s\u00e9re ir\u00e1nyul\u00f3 c\u00e9lokat \u00e9s r\u00e9szletes int\u00e9zked\u00e9seket, valamint az \u00e9ghajlati kock\u00e1zatok alapj\u00e1n meghat\u00e1rozott adapt\u00e1ci\u00f3s cselekv\u00e9si ir\u00e1nyokat<\/p>","protected":false},"author":2,"featured_media":0,"comment_status":"closed","ping_status":"open","sticky":false,"template":"","format":"standard","meta":{"footnotes":""},"categories":[3],"tags":[],"class_list":["post-696","post","type-post","status-publish","format-standard","hentry","category-hirek"],"yoast_head":"<!-- This site is optimized with the Yoast SEO plugin v23.9 - https:\/\/yoast.com\/wordpress\/plugins\/seo\/ -->\n<title>Elk\u00e9sz\u00fclt Tisza\u00fajv\u00e1ros V\u00e1ros \u00d6nkorm\u00e1nyzata \u00d6nkorm\u00e1nyzat Fenntarthat\u00f3 Energia- \u00e9s Kl\u00edma Akci\u00f3terv (SECAP) monitoring jelent\u00e9se - Env-in-Cent<\/title>\n<meta name=\"robots\" content=\"noindex, follow, max-snippet:-1, max-image-preview:large, max-video-preview:-1\" \/>\n<meta property=\"og:locale\" content=\"en_GB\" \/>\n<meta property=\"og:type\" content=\"article\" \/>\n<meta property=\"og:title\" content=\"Elk\u00e9sz\u00fclt Tisza\u00fajv\u00e1ros V\u00e1ros \u00d6nkorm\u00e1nyzata \u00d6nkorm\u00e1nyzat Fenntarthat\u00f3 Energia- \u00e9s Kl\u00edma Akci\u00f3terv (SECAP) monitoring jelent\u00e9se - Env-in-Cent\" \/>\n<meta property=\"og:description\" content=\"A tisza\u00fajv\u00e1rosi SECAP a Polg\u00e1rmesterek Kl\u00edma- \u00e9s Energia\u00fcgyi Sz\u00f6vets\u00e9g\u00e9nek \u00fatmutat\u00f3ja alapj\u00e1n k\u00e9sz\u00fclt \u00e9s t\u00f6bbek k\u00f6z\u00f6tt tartalmazza a sz\u00e9n-dioxid kibocs\u00e1t\u00e1s 40%-os cs\u00f6kkent\u00e9s\u00e9re ir\u00e1nyul\u00f3 c\u00e9lokat \u00e9s r\u00e9szletes int\u00e9zked\u00e9seket, valamint az \u00e9ghajlati kock\u00e1zatok alapj\u00e1n meghat\u00e1rozott adapt\u00e1ci\u00f3s cselekv\u00e9si ir\u00e1nyokat\" \/>\n<meta property=\"og:url\" content=\"https:\/\/env-in-cent.hu\/en\/2022\/06\/27\/elkeszult-tiszaujvaros-varos-onkormanyzata-onkormanyzat-fenntarthato-energia-es-klima-akcioterv-secap-monitoring-jelentese\/\" \/>\n<meta property=\"og:site_name\" content=\"Env-in-Cent\" \/>\n<meta property=\"article:published_time\" content=\"2022-06-27T11:02:47+00:00\" \/>\n<meta property=\"article:modified_time\" content=\"2024-12-13T11:03:27+00:00\" \/>\n<meta name=\"author\" content=\"admin\" \/>\n<meta name=\"twitter:card\" content=\"summary_large_image\" \/>\n<meta name=\"twitter:label1\" content=\"Written by\" \/>\n\t<meta name=\"twitter:data1\" content=\"admin\" \/>\n\t<meta name=\"twitter:label2\" content=\"Estimated reading time\" \/>\n\t<meta name=\"twitter:data2\" content=\"2 minutes\" \/>\n<script type=\"application\/ld+json\" class=\"yoast-schema-graph\">{\"@context\":\"https:\/\/schema.org\",\"@graph\":[{\"@type\":\"Article\",\"@id\":\"https:\/\/env-in-cent.hu\/2022\/06\/27\/elkeszult-tiszaujvaros-varos-onkormanyzata-onkormanyzat-fenntarthato-energia-es-klima-akcioterv-secap-monitoring-jelentese\/#article\",\"isPartOf\":{\"@id\":\"https:\/\/env-in-cent.hu\/2022\/06\/27\/elkeszult-tiszaujvaros-varos-onkormanyzata-onkormanyzat-fenntarthato-energia-es-klima-akcioterv-secap-monitoring-jelentese\/\"},\"author\":{\"name\":\"admin\",\"@id\":\"https:\/\/env-in-cent.hu\/#\/schema\/person\/5c6f075eba9b22272b90fb3aae13186a\"},\"headline\":\"Elk\u00e9sz\u00fclt Tisza\u00fajv\u00e1ros V\u00e1ros \u00d6nkorm\u00e1nyzata \u00d6nkorm\u00e1nyzat Fenntarthat\u00f3 Energia- \u00e9s Kl\u00edma Akci\u00f3terv (SECAP) monitoring jelent\u00e9se\",\"datePublished\":\"2022-06-27T11:02:47+00:00\",\"dateModified\":\"2024-12-13T11:03:27+00:00\",\"mainEntityOfPage\":{\"@id\":\"https:\/\/env-in-cent.hu\/2022\/06\/27\/elkeszult-tiszaujvaros-varos-onkormanyzata-onkormanyzat-fenntarthato-energia-es-klima-akcioterv-secap-monitoring-jelentese\/\"},\"wordCount\":418,\"publisher\":{\"@id\":\"https:\/\/env-in-cent.hu\/#organization\"},\"articleSection\":[\"H\u00edrek\"],\"inLanguage\":\"en-GB\"},{\"@type\":\"WebPage\",\"@id\":\"https:\/\/env-in-cent.hu\/2022\/06\/27\/elkeszult-tiszaujvaros-varos-onkormanyzata-onkormanyzat-fenntarthato-energia-es-klima-akcioterv-secap-monitoring-jelentese\/\",\"url\":\"https:\/\/env-in-cent.hu\/2022\/06\/27\/elkeszult-tiszaujvaros-varos-onkormanyzata-onkormanyzat-fenntarthato-energia-es-klima-akcioterv-secap-monitoring-jelentese\/\",\"name\":\"Elk\u00e9sz\u00fclt Tisza\u00fajv\u00e1ros V\u00e1ros \u00d6nkorm\u00e1nyzata \u00d6nkorm\u00e1nyzat Fenntarthat\u00f3 Energia- \u00e9s Kl\u00edma Akci\u00f3terv (SECAP) monitoring jelent\u00e9se - Env-in-Cent\",\"isPartOf\":{\"@id\":\"https:\/\/env-in-cent.hu\/#website\"},\"datePublished\":\"2022-06-27T11:02:47+00:00\",\"dateModified\":\"2024-12-13T11:03:27+00:00\",\"breadcrumb\":{\"@id\":\"https:\/\/env-in-cent.hu\/2022\/06\/27\/elkeszult-tiszaujvaros-varos-onkormanyzata-onkormanyzat-fenntarthato-energia-es-klima-akcioterv-secap-monitoring-jelentese\/#breadcrumb\"},\"inLanguage\":\"en-GB\",\"potentialAction\":[{\"@type\":\"ReadAction\",\"target\":[\"https:\/\/env-in-cent.hu\/2022\/06\/27\/elkeszult-tiszaujvaros-varos-onkormanyzata-onkormanyzat-fenntarthato-energia-es-klima-akcioterv-secap-monitoring-jelentese\/\"]}]},{\"@type\":\"BreadcrumbList\",\"@id\":\"https:\/\/env-in-cent.hu\/2022\/06\/27\/elkeszult-tiszaujvaros-varos-onkormanyzata-onkormanyzat-fenntarthato-energia-es-klima-akcioterv-secap-monitoring-jelentese\/#breadcrumb\",\"itemListElement\":[{\"@type\":\"ListItem\",\"position\":1,\"name\":\"Kezd\u0151lap\",\"item\":\"https:\/\/env-in-cent.hu\/\"},{\"@type\":\"ListItem\",\"position\":2,\"name\":\"Elk\u00e9sz\u00fclt Tisza\u00fajv\u00e1ros V\u00e1ros \u00d6nkorm\u00e1nyzata \u00d6nkorm\u00e1nyzat Fenntarthat\u00f3 Energia- \u00e9s Kl\u00edma Akci\u00f3terv (SECAP) monitoring jelent\u00e9se\"}]},{\"@type\":\"WebSite\",\"@id\":\"https:\/\/env-in-cent.hu\/#website\",\"url\":\"https:\/\/env-in-cent.hu\/\",\"name\":\"Env-in-Cent\",\"description\":\"Env-in-Cent K\u00f6rnyezetv\u00e9delmi Tan\u00e1csad\u00f3 Iroda Kft.\",\"publisher\":{\"@id\":\"https:\/\/env-in-cent.hu\/#organization\"},\"potentialAction\":[{\"@type\":\"SearchAction\",\"target\":{\"@type\":\"EntryPoint\",\"urlTemplate\":\"https:\/\/env-in-cent.hu\/?s={search_term_string}\"},\"query-input\":{\"@type\":\"PropertyValueSpecification\",\"valueRequired\":true,\"valueName\":\"search_term_string\"}}],\"inLanguage\":\"en-GB\"},{\"@type\":\"Organization\",\"@id\":\"https:\/\/env-in-cent.hu\/#organization\",\"name\":\"Env-in-Cent\",\"url\":\"https:\/\/env-in-cent.hu\/\",\"logo\":{\"@type\":\"ImageObject\",\"inLanguage\":\"en-GB\",\"@id\":\"https:\/\/env-in-cent.hu\/#\/schema\/logo\/image\/\",\"url\":\"https:\/\/env-in-cent.hu\/wp-content\/uploads\/2024\/11\/logo.jpg\",\"contentUrl\":\"https:\/\/env-in-cent.hu\/wp-content\/uploads\/2024\/11\/logo.jpg\",\"width\":170,\"height\":62,\"caption\":\"Env-in-Cent\"},\"image\":{\"@id\":\"https:\/\/env-in-cent.hu\/#\/schema\/logo\/image\/\"}},{\"@type\":\"Person\",\"@id\":\"https:\/\/env-in-cent.hu\/#\/schema\/person\/5c6f075eba9b22272b90fb3aae13186a\",\"name\":\"admin\",\"image\":{\"@type\":\"ImageObject\",\"inLanguage\":\"en-GB\",\"@id\":\"https:\/\/env-in-cent.hu\/#\/schema\/person\/image\/\",\"url\":\"https:\/\/secure.gravatar.com\/avatar\/f9e2bbe26e4bdee0e476af9928f1659a8a449c95de42e8ad8aa43642d806db7f?s=96&d=mm&r=g\",\"contentUrl\":\"https:\/\/secure.gravatar.com\/avatar\/f9e2bbe26e4bdee0e476af9928f1659a8a449c95de42e8ad8aa43642d806db7f?s=96&d=mm&r=g\",\"caption\":\"admin\"},\"url\":\"https:\/\/env-in-cent.hu\/en\/author\/admin\/\"}]}<\/script>\n<!-- \/ Yoast SEO plugin. -->","yoast_head_json":{"title":"Elk\u00e9sz\u00fclt Tisza\u00fajv\u00e1ros V\u00e1ros \u00d6nkorm\u00e1nyzata \u00d6nkorm\u00e1nyzat Fenntarthat\u00f3 Energia- \u00e9s Kl\u00edma Akci\u00f3terv (SECAP) monitoring jelent\u00e9se - Env-in-Cent","robots":{"index":"noindex","follow":"follow","max-snippet":"max-snippet:-1","max-image-preview":"max-image-preview:large","max-video-preview":"max-video-preview:-1"},"og_locale":"en_GB","og_type":"article","og_title":"Elk\u00e9sz\u00fclt Tisza\u00fajv\u00e1ros V\u00e1ros \u00d6nkorm\u00e1nyzata \u00d6nkorm\u00e1nyzat Fenntarthat\u00f3 Energia- \u00e9s Kl\u00edma Akci\u00f3terv (SECAP) monitoring jelent\u00e9se - Env-in-Cent","og_description":"A tisza\u00fajv\u00e1rosi SECAP a Polg\u00e1rmesterek Kl\u00edma- \u00e9s Energia\u00fcgyi Sz\u00f6vets\u00e9g\u00e9nek \u00fatmutat\u00f3ja alapj\u00e1n k\u00e9sz\u00fclt \u00e9s t\u00f6bbek k\u00f6z\u00f6tt tartalmazza a sz\u00e9n-dioxid kibocs\u00e1t\u00e1s 40%-os cs\u00f6kkent\u00e9s\u00e9re ir\u00e1nyul\u00f3 c\u00e9lokat \u00e9s r\u00e9szletes int\u00e9zked\u00e9seket, valamint az \u00e9ghajlati kock\u00e1zatok alapj\u00e1n meghat\u00e1rozott adapt\u00e1ci\u00f3s cselekv\u00e9si ir\u00e1nyokat","og_url":"https:\/\/env-in-cent.hu\/en\/2022\/06\/27\/elkeszult-tiszaujvaros-varos-onkormanyzata-onkormanyzat-fenntarthato-energia-es-klima-akcioterv-secap-monitoring-jelentese\/","og_site_name":"Env-in-Cent","article_published_time":"2022-06-27T11:02:47+00:00","article_modified_time":"2024-12-13T11:03:27+00:00","author":"admin","twitter_card":"summary_large_image","twitter_misc":{"Written by":"admin","Estimated reading time":"2 minutes"},"schema":{"@context":"https:\/\/schema.org","@graph":[{"@type":"Article","@id":"https:\/\/env-in-cent.hu\/2022\/06\/27\/elkeszult-tiszaujvaros-varos-onkormanyzata-onkormanyzat-fenntarthato-energia-es-klima-akcioterv-secap-monitoring-jelentese\/#article","isPartOf":{"@id":"https:\/\/env-in-cent.hu\/2022\/06\/27\/elkeszult-tiszaujvaros-varos-onkormanyzata-onkormanyzat-fenntarthato-energia-es-klima-akcioterv-secap-monitoring-jelentese\/"},"author":{"name":"admin","@id":"https:\/\/env-in-cent.hu\/#\/schema\/person\/5c6f075eba9b22272b90fb3aae13186a"},"headline":"Elk\u00e9sz\u00fclt Tisza\u00fajv\u00e1ros V\u00e1ros \u00d6nkorm\u00e1nyzata \u00d6nkorm\u00e1nyzat Fenntarthat\u00f3 Energia- \u00e9s Kl\u00edma Akci\u00f3terv (SECAP) monitoring jelent\u00e9se","datePublished":"2022-06-27T11:02:47+00:00","dateModified":"2024-12-13T11:03:27+00:00","mainEntityOfPage":{"@id":"https:\/\/env-in-cent.hu\/2022\/06\/27\/elkeszult-tiszaujvaros-varos-onkormanyzata-onkormanyzat-fenntarthato-energia-es-klima-akcioterv-secap-monitoring-jelentese\/"},"wordCount":418,"publisher":{"@id":"https:\/\/env-in-cent.hu\/#organization"},"articleSection":["H\u00edrek"],"inLanguage":"en-GB"},{"@type":"WebPage","@id":"https:\/\/env-in-cent.hu\/2022\/06\/27\/elkeszult-tiszaujvaros-varos-onkormanyzata-onkormanyzat-fenntarthato-energia-es-klima-akcioterv-secap-monitoring-jelentese\/","url":"https:\/\/env-in-cent.hu\/2022\/06\/27\/elkeszult-tiszaujvaros-varos-onkormanyzata-onkormanyzat-fenntarthato-energia-es-klima-akcioterv-secap-monitoring-jelentese\/","name":"Elk\u00e9sz\u00fclt Tisza\u00fajv\u00e1ros V\u00e1ros \u00d6nkorm\u00e1nyzata \u00d6nkorm\u00e1nyzat Fenntarthat\u00f3 Energia- \u00e9s Kl\u00edma Akci\u00f3terv (SECAP) monitoring jelent\u00e9se - Env-in-Cent","isPartOf":{"@id":"https:\/\/env-in-cent.hu\/#website"},"datePublished":"2022-06-27T11:02:47+00:00","dateModified":"2024-12-13T11:03:27+00:00","breadcrumb":{"@id":"https:\/\/env-in-cent.hu\/2022\/06\/27\/elkeszult-tiszaujvaros-varos-onkormanyzata-onkormanyzat-fenntarthato-energia-es-klima-akcioterv-secap-monitoring-jelentese\/#breadcrumb"},"inLanguage":"en-GB","potentialAction":[{"@type":"ReadAction","target":["https:\/\/env-in-cent.hu\/2022\/06\/27\/elkeszult-tiszaujvaros-varos-onkormanyzata-onkormanyzat-fenntarthato-energia-es-klima-akcioterv-secap-monitoring-jelentese\/"]}]},{"@type":"BreadcrumbList","@id":"https:\/\/env-in-cent.hu\/2022\/06\/27\/elkeszult-tiszaujvaros-varos-onkormanyzata-onkormanyzat-fenntarthato-energia-es-klima-akcioterv-secap-monitoring-jelentese\/#breadcrumb","itemListElement":[{"@type":"ListItem","position":1,"name":"Kezd\u0151lap","item":"https:\/\/env-in-cent.hu\/"},{"@type":"ListItem","position":2,"name":"Elk\u00e9sz\u00fclt Tisza\u00fajv\u00e1ros V\u00e1ros \u00d6nkorm\u00e1nyzata \u00d6nkorm\u00e1nyzat Fenntarthat\u00f3 Energia- \u00e9s Kl\u00edma Akci\u00f3terv (SECAP) monitoring jelent\u00e9se"}]},{"@type":"WebSite","@id":"https:\/\/env-in-cent.hu\/#website","url":"https:\/\/env-in-cent.hu\/","name":"Env-in-Cent","description":"Env-in-Cent K\u00f6rnyezetv\u00e9delmi Tan\u00e1csad\u00f3 Iroda Kft.","publisher":{"@id":"https:\/\/env-in-cent.hu\/#organization"},"potentialAction":[{"@type":"SearchAction","target":{"@type":"EntryPoint","urlTemplate":"https:\/\/env-in-cent.hu\/?s={search_term_string}"},"query-input":{"@type":"PropertyValueSpecification","valueRequired":true,"valueName":"search_term_string"}}],"inLanguage":"en-GB"},{"@type":"Organization","@id":"https:\/\/env-in-cent.hu\/#organization","name":"Env-in-Cent","url":"https:\/\/env-in-cent.hu\/","logo":{"@type":"ImageObject","inLanguage":"en-GB","@id":"https:\/\/env-in-cent.hu\/#\/schema\/logo\/image\/","url":"https:\/\/env-in-cent.hu\/wp-content\/uploads\/2024\/11\/logo.jpg","contentUrl":"https:\/\/env-in-cent.hu\/wp-content\/uploads\/2024\/11\/logo.jpg","width":170,"height":62,"caption":"Env-in-Cent"},"image":{"@id":"https:\/\/env-in-cent.hu\/#\/schema\/logo\/image\/"}},{"@type":"Person","@id":"https:\/\/env-in-cent.hu\/#\/schema\/person\/5c6f075eba9b22272b90fb3aae13186a","name":"admin","image":{"@type":"ImageObject","inLanguage":"en-GB","@id":"https:\/\/env-in-cent.hu\/#\/schema\/person\/image\/","url":"https:\/\/secure.gravatar.com\/avatar\/f9e2bbe26e4bdee0e476af9928f1659a8a449c95de42e8ad8aa43642d806db7f?s=96&d=mm&r=g","contentUrl":"https:\/\/secure.gravatar.com\/avatar\/f9e2bbe26e4bdee0e476af9928f1659a8a449c95de42e8ad8aa43642d806db7f?s=96&d=mm&r=g","caption":"admin"},"url":"https:\/\/env-in-cent.hu\/en\/author\/admin\/"}]}},"_links":{"self":[{"href":"https:\/\/env-in-cent.hu\/en\/wp-json\/wp\/v2\/posts\/696","targetHints":{"allow":["GET"]}}],"collection":[{"href":"https:\/\/env-in-cent.hu\/en\/wp-json\/wp\/v2\/posts"}],"about":[{"href":"https:\/\/env-in-cent.hu\/en\/wp-json\/wp\/v2\/types\/post"}],"author":[{"embeddable":true,"href":"https:\/\/env-in-cent.hu\/en\/wp-json\/wp\/v2\/users\/2"}],"replies":[{"embeddable":true,"href":"https:\/\/env-in-cent.hu\/en\/wp-json\/wp\/v2\/comments?post=696"}],"version-history":[{"count":1,"href":"https:\/\/env-in-cent.hu\/en\/wp-json\/wp\/v2\/posts\/696\/revisions"}],"predecessor-version":[{"id":697,"href":"https:\/\/env-in-cent.hu\/en\/wp-json\/wp\/v2\/posts\/696\/revisions\/697"}],"wp:attachment":[{"href":"https:\/\/env-in-cent.hu\/en\/wp-json\/wp\/v2\/media?parent=696"}],"wp:term":[{"taxonomy":"category","embeddable":true,"href":"https:\/\/env-in-cent.hu\/en\/wp-json\/wp\/v2\/categories?post=696"},{"taxonomy":"post_tag","embeddable":true,"href":"https:\/\/env-in-cent.hu\/en\/wp-json\/wp\/v2\/tags?post=696"}],"curies":[{"name":"wp","href":"https:\/\/api.w.org\/{rel}","templated":true}]}}