{"id":694,"date":"2022-04-15T00:00:46","date_gmt":"2022-04-15T00:00:46","guid":{"rendered":"https:\/\/env-in-cent.hu\/?p=694"},"modified":"2024-12-13T10:57:21","modified_gmt":"2024-12-13T10:57:21","slug":"elkeszult-budapest-fovaros-xii-kerulet-hegyvidek-klimastrategiaja-2030-ig-kitekintessel-2050-re","status":"publish","type":"post","link":"https:\/\/env-in-cent.hu\/en\/2022\/04\/15\/elkeszult-budapest-fovaros-xii-kerulet-hegyvidek-klimastrategiaja-2030-ig-kitekintessel-2050-re\/","title":{"rendered":"Elk\u00e9sz\u00fclt Budapest F\u0151v\u00e1ros XII. ker\u00fclet Hegyvid\u00e9k Kl\u00edmastrat\u00e9gi\u00e1ja 2030-ig, kitekint\u00e9ssel 2050-re."},"content":{"rendered":"<p>A Kl\u00edmastrat\u00e9gia megalapoz\u00e1sa sor\u00e1n figyelembe vett\u00fck a nemzetk\u00f6zi \u00e9s EU-s \u00e9ghajlatv\u00e9delmi t\u00f6rekv\u00e9seket, a relev\u00e1ns hazai strat\u00e9giai dokumentumokhoz val\u00f3 kapcsol\u00f3d\u00e1st, valamint a budapesti \u00e9s a ker\u00fcleti relev\u00e1ns dokumentumokat is. A SWOT eredm\u00e9nyeit, valamint a helyzetelemz\u00e9s l\u00e9nyegi meg\u00e1llap\u00edt\u00e1sait alapul v\u00e9ve elk\u00e9sz\u00edtett\u00fck a XII. ker\u00fclet kl\u00edmaszempont\u00fa probl\u00e9mat\u00e9rk\u00e9p\u00e9t, melynek c\u00e9lja a ker\u00fclet kl\u00edmav\u00e9delmi kih\u00edv\u00e1sainak azonos\u00edt\u00e1sa \u00e9s rendszerbe foglal\u00e1sa. Erre alapozva ker\u00fclt kidolgoz\u00e1sra a ker\u00fclet kl\u00edmav\u00e9delmi j\u00f6v\u0151k\u00e9pe, c\u00e9lrendszere \u00e9s az azok megval\u00f3s\u00edt\u00e1s\u00e1t seg\u00edt\u0151 int\u00e9zked\u00e9sek<\/p>\n\n\n\n<details class=\"wp-block-details is-layout-flow wp-block-details-is-layout-flow\"><summary>A Hegyvid\u00e9k dekarboniz\u00e1ci\u00f3s j\u00f6v\u0151k\u00e9pe az \u00fcvegh\u00e1zhat\u00e1s\u00fa g\u00e1zok kibocs\u00e1t\u00e1s\u00e1nak tart\u00f3s \u00e9s jelent\u0151s m\u00e9rt\u00e9k\u0171 cs\u00f6kkent\u00e9se, melynek keret\u00e9ben 2050-re a Hegyvid\u00e9k megk\u00f6zel\u00edti a karbonsemlegess\u00e9get. A Hegyvid\u00e9k alkalmazkod\u00e1si j\u00f6v\u0151k\u00e9pe alapj\u00e1n az \u00e9ghajlati sebezhet\u0151s\u00e9g tart\u00f3san m\u00e9rs\u00e9kl\u0151dik, mik\u00f6zben er\u0151s\u00f6dik a helyi gazdas\u00e1g \u00e9s t\u00e1rsadalom rezilienci\u00e1ja. A Hegyvid\u00e9ki \u00d6nkorm\u00e1nyzat \u00e1tt\u00e9r a kl\u00edma- \u00e9s energia-tudatos, fenntarthat\u00f3 m\u0171k\u00f6d\u00e9sre, a lakoss\u00e1g, a ker\u00fcletbe l\u00e1togat\u00f3k \u00e9s v\u00e1llalkoz\u00e1sok fenntarthat\u00f3s\u00e1gi szeml\u00e9lete \u00e9s tud\u00e1sa b\u0151v\u00fcl. E j\u00f6v\u0151k\u00e9p megval\u00f3s\u00edt\u00e1s\u00e1t n\u00e9gy dekarboniz\u00e1ci\u00f3s, h\u00e1rom \u00e1tfog\u00f3 adapt\u00e1ci\u00f3s, h\u00e1rom specifikus adapt\u00e1ci\u00f3s c\u00e9l, valamint 6 szeml\u00e9letform\u00e1l\u00e1si c\u00e9l seg\u00edti. A c\u00e9lokhoz \u00f6sszesen 45 int\u00e9zked\u00e9s kapcsol\u00f3dik: 25 mitig\u00e1ci\u00f3s, 9 adapt\u00e1ci\u00f3s \u00e9s 11 szeml\u00e9letform\u00e1l\u00f3 beavatkoz\u00e1s teszi lehet\u0151v\u00e9 a ker\u00fclet kl\u00edmapolitikai c\u00e9ljainak el\u00e9r\u00e9s\u00e9t.<\/summary>\n<p><\/p>\n<\/details>","protected":false},"excerpt":{"rendered":"<p>A Kl\u00edmastrat\u00e9gia megalapoz\u00e1sa sor\u00e1n figyelembe vett\u00fck a nemzetk\u00f6zi \u00e9s EU-s \u00e9ghajlatv\u00e9delmi t\u00f6rekv\u00e9seket, a relev\u00e1ns hazai strat\u00e9giai dokumentumokhoz val\u00f3 kapcsol\u00f3d\u00e1st, valamint a budapesti \u00e9s a ker\u00fcleti relev\u00e1ns dokumentumokat is. A SWOT eredm\u00e9nyeit, valamint a helyzetelemz\u00e9s l\u00e9nyegi meg\u00e1llap\u00edt\u00e1sait alapul v\u00e9ve elk\u00e9sz\u00edtett\u00fck a XII. ker\u00fclet kl\u00edmaszempont\u00fa probl\u00e9mat\u00e9rk\u00e9p\u00e9t, melynek c\u00e9lja a ker\u00fclet kl\u00edmav\u00e9delmi kih\u00edv\u00e1sainak azonos\u00edt\u00e1sa \u00e9s rendszerbe foglal\u00e1sa. Erre [&hellip;]<\/p>","protected":false},"author":2,"featured_media":0,"comment_status":"closed","ping_status":"open","sticky":false,"template":"","format":"standard","meta":{"footnotes":""},"categories":[3],"tags":[],"class_list":["post-694","post","type-post","status-publish","format-standard","hentry","category-hirek"],"yoast_head":"<!-- This site is optimized with the Yoast SEO plugin v23.9 - https:\/\/yoast.com\/wordpress\/plugins\/seo\/ -->\n<title>Elk\u00e9sz\u00fclt Budapest F\u0151v\u00e1ros XII. ker\u00fclet Hegyvid\u00e9k Kl\u00edmastrat\u00e9gi\u00e1ja 2030-ig, kitekint\u00e9ssel 2050-re. - Env-in-Cent<\/title>\n<meta name=\"robots\" content=\"noindex, follow, max-snippet:-1, max-image-preview:large, max-video-preview:-1\" \/>\n<meta property=\"og:locale\" content=\"en_GB\" \/>\n<meta property=\"og:type\" content=\"article\" \/>\n<meta property=\"og:title\" content=\"Elk\u00e9sz\u00fclt Budapest F\u0151v\u00e1ros XII. ker\u00fclet Hegyvid\u00e9k Kl\u00edmastrat\u00e9gi\u00e1ja 2030-ig, kitekint\u00e9ssel 2050-re. - Env-in-Cent\" \/>\n<meta property=\"og:description\" content=\"A Kl\u00edmastrat\u00e9gia megalapoz\u00e1sa sor\u00e1n figyelembe vett\u00fck a nemzetk\u00f6zi \u00e9s EU-s \u00e9ghajlatv\u00e9delmi t\u00f6rekv\u00e9seket, a relev\u00e1ns hazai strat\u00e9giai dokumentumokhoz val\u00f3 kapcsol\u00f3d\u00e1st, valamint a budapesti \u00e9s a ker\u00fcleti relev\u00e1ns dokumentumokat is. A SWOT eredm\u00e9nyeit, valamint a helyzetelemz\u00e9s l\u00e9nyegi meg\u00e1llap\u00edt\u00e1sait alapul v\u00e9ve elk\u00e9sz\u00edtett\u00fck a XII. ker\u00fclet kl\u00edmaszempont\u00fa probl\u00e9mat\u00e9rk\u00e9p\u00e9t, melynek c\u00e9lja a ker\u00fclet kl\u00edmav\u00e9delmi kih\u00edv\u00e1sainak azonos\u00edt\u00e1sa \u00e9s rendszerbe foglal\u00e1sa. Erre [&hellip;]\" \/>\n<meta property=\"og:url\" content=\"https:\/\/env-in-cent.hu\/en\/2022\/04\/15\/elkeszult-budapest-fovaros-xii-kerulet-hegyvidek-klimastrategiaja-2030-ig-kitekintessel-2050-re\/\" \/>\n<meta property=\"og:site_name\" content=\"Env-in-Cent\" \/>\n<meta property=\"article:published_time\" content=\"2022-04-15T00:00:46+00:00\" \/>\n<meta property=\"article:modified_time\" content=\"2024-12-13T10:57:21+00:00\" \/>\n<meta name=\"author\" content=\"admin\" \/>\n<meta name=\"twitter:card\" content=\"summary_large_image\" \/>\n<meta name=\"twitter:label1\" content=\"Written by\" \/>\n\t<meta name=\"twitter:data1\" content=\"admin\" \/>\n<script type=\"application\/ld+json\" class=\"yoast-schema-graph\">{\"@context\":\"https:\/\/schema.org\",\"@graph\":[{\"@type\":\"Article\",\"@id\":\"https:\/\/env-in-cent.hu\/2022\/04\/15\/elkeszult-budapest-fovaros-xii-kerulet-hegyvidek-klimastrategiaja-2030-ig-kitekintessel-2050-re\/#article\",\"isPartOf\":{\"@id\":\"https:\/\/env-in-cent.hu\/2022\/04\/15\/elkeszult-budapest-fovaros-xii-kerulet-hegyvidek-klimastrategiaja-2030-ig-kitekintessel-2050-re\/\"},\"author\":{\"name\":\"admin\",\"@id\":\"https:\/\/env-in-cent.hu\/#\/schema\/person\/5c6f075eba9b22272b90fb3aae13186a\"},\"headline\":\"Elk\u00e9sz\u00fclt Budapest F\u0151v\u00e1ros XII. ker\u00fclet Hegyvid\u00e9k Kl\u00edmastrat\u00e9gi\u00e1ja 2030-ig, kitekint\u00e9ssel 2050-re.\",\"datePublished\":\"2022-04-15T00:00:46+00:00\",\"dateModified\":\"2024-12-13T10:57:21+00:00\",\"mainEntityOfPage\":{\"@id\":\"https:\/\/env-in-cent.hu\/2022\/04\/15\/elkeszult-budapest-fovaros-xii-kerulet-hegyvidek-klimastrategiaja-2030-ig-kitekintessel-2050-re\/\"},\"wordCount\":339,\"publisher\":{\"@id\":\"https:\/\/env-in-cent.hu\/#organization\"},\"articleSection\":[\"H\u00edrek\"],\"inLanguage\":\"en-GB\"},{\"@type\":\"WebPage\",\"@id\":\"https:\/\/env-in-cent.hu\/2022\/04\/15\/elkeszult-budapest-fovaros-xii-kerulet-hegyvidek-klimastrategiaja-2030-ig-kitekintessel-2050-re\/\",\"url\":\"https:\/\/env-in-cent.hu\/2022\/04\/15\/elkeszult-budapest-fovaros-xii-kerulet-hegyvidek-klimastrategiaja-2030-ig-kitekintessel-2050-re\/\",\"name\":\"Elk\u00e9sz\u00fclt Budapest F\u0151v\u00e1ros XII. ker\u00fclet Hegyvid\u00e9k Kl\u00edmastrat\u00e9gi\u00e1ja 2030-ig, kitekint\u00e9ssel 2050-re. - Env-in-Cent\",\"isPartOf\":{\"@id\":\"https:\/\/env-in-cent.hu\/#website\"},\"datePublished\":\"2022-04-15T00:00:46+00:00\",\"dateModified\":\"2024-12-13T10:57:21+00:00\",\"breadcrumb\":{\"@id\":\"https:\/\/env-in-cent.hu\/2022\/04\/15\/elkeszult-budapest-fovaros-xii-kerulet-hegyvidek-klimastrategiaja-2030-ig-kitekintessel-2050-re\/#breadcrumb\"},\"inLanguage\":\"en-GB\",\"potentialAction\":[{\"@type\":\"ReadAction\",\"target\":[\"https:\/\/env-in-cent.hu\/2022\/04\/15\/elkeszult-budapest-fovaros-xii-kerulet-hegyvidek-klimastrategiaja-2030-ig-kitekintessel-2050-re\/\"]}]},{\"@type\":\"BreadcrumbList\",\"@id\":\"https:\/\/env-in-cent.hu\/2022\/04\/15\/elkeszult-budapest-fovaros-xii-kerulet-hegyvidek-klimastrategiaja-2030-ig-kitekintessel-2050-re\/#breadcrumb\",\"itemListElement\":[{\"@type\":\"ListItem\",\"position\":1,\"name\":\"Kezd\u0151lap\",\"item\":\"https:\/\/env-in-cent.hu\/\"},{\"@type\":\"ListItem\",\"position\":2,\"name\":\"Elk\u00e9sz\u00fclt Budapest F\u0151v\u00e1ros XII. ker\u00fclet Hegyvid\u00e9k Kl\u00edmastrat\u00e9gi\u00e1ja 2030-ig, kitekint\u00e9ssel 2050-re.\"}]},{\"@type\":\"WebSite\",\"@id\":\"https:\/\/env-in-cent.hu\/#website\",\"url\":\"https:\/\/env-in-cent.hu\/\",\"name\":\"Env-in-Cent\",\"description\":\"Env-in-Cent K\u00f6rnyezetv\u00e9delmi Tan\u00e1csad\u00f3 Iroda Kft.\",\"publisher\":{\"@id\":\"https:\/\/env-in-cent.hu\/#organization\"},\"potentialAction\":[{\"@type\":\"SearchAction\",\"target\":{\"@type\":\"EntryPoint\",\"urlTemplate\":\"https:\/\/env-in-cent.hu\/?s={search_term_string}\"},\"query-input\":{\"@type\":\"PropertyValueSpecification\",\"valueRequired\":true,\"valueName\":\"search_term_string\"}}],\"inLanguage\":\"en-GB\"},{\"@type\":\"Organization\",\"@id\":\"https:\/\/env-in-cent.hu\/#organization\",\"name\":\"Env-in-Cent\",\"url\":\"https:\/\/env-in-cent.hu\/\",\"logo\":{\"@type\":\"ImageObject\",\"inLanguage\":\"en-GB\",\"@id\":\"https:\/\/env-in-cent.hu\/#\/schema\/logo\/image\/\",\"url\":\"https:\/\/env-in-cent.hu\/wp-content\/uploads\/2024\/11\/logo.jpg\",\"contentUrl\":\"https:\/\/env-in-cent.hu\/wp-content\/uploads\/2024\/11\/logo.jpg\",\"width\":170,\"height\":62,\"caption\":\"Env-in-Cent\"},\"image\":{\"@id\":\"https:\/\/env-in-cent.hu\/#\/schema\/logo\/image\/\"}},{\"@type\":\"Person\",\"@id\":\"https:\/\/env-in-cent.hu\/#\/schema\/person\/5c6f075eba9b22272b90fb3aae13186a\",\"name\":\"admin\",\"image\":{\"@type\":\"ImageObject\",\"inLanguage\":\"en-GB\",\"@id\":\"https:\/\/env-in-cent.hu\/#\/schema\/person\/image\/\",\"url\":\"https:\/\/secure.gravatar.com\/avatar\/f9e2bbe26e4bdee0e476af9928f1659a8a449c95de42e8ad8aa43642d806db7f?s=96&d=mm&r=g\",\"contentUrl\":\"https:\/\/secure.gravatar.com\/avatar\/f9e2bbe26e4bdee0e476af9928f1659a8a449c95de42e8ad8aa43642d806db7f?s=96&d=mm&r=g\",\"caption\":\"admin\"},\"url\":\"https:\/\/env-in-cent.hu\/en\/author\/admin\/\"}]}<\/script>\n<!-- \/ Yoast SEO plugin. -->","yoast_head_json":{"title":"Elk\u00e9sz\u00fclt Budapest F\u0151v\u00e1ros XII. ker\u00fclet Hegyvid\u00e9k Kl\u00edmastrat\u00e9gi\u00e1ja 2030-ig, kitekint\u00e9ssel 2050-re. - Env-in-Cent","robots":{"index":"noindex","follow":"follow","max-snippet":"max-snippet:-1","max-image-preview":"max-image-preview:large","max-video-preview":"max-video-preview:-1"},"og_locale":"en_GB","og_type":"article","og_title":"Elk\u00e9sz\u00fclt Budapest F\u0151v\u00e1ros XII. ker\u00fclet Hegyvid\u00e9k Kl\u00edmastrat\u00e9gi\u00e1ja 2030-ig, kitekint\u00e9ssel 2050-re. - Env-in-Cent","og_description":"A Kl\u00edmastrat\u00e9gia megalapoz\u00e1sa sor\u00e1n figyelembe vett\u00fck a nemzetk\u00f6zi \u00e9s EU-s \u00e9ghajlatv\u00e9delmi t\u00f6rekv\u00e9seket, a relev\u00e1ns hazai strat\u00e9giai dokumentumokhoz val\u00f3 kapcsol\u00f3d\u00e1st, valamint a budapesti \u00e9s a ker\u00fcleti relev\u00e1ns dokumentumokat is. A SWOT eredm\u00e9nyeit, valamint a helyzetelemz\u00e9s l\u00e9nyegi meg\u00e1llap\u00edt\u00e1sait alapul v\u00e9ve elk\u00e9sz\u00edtett\u00fck a XII. ker\u00fclet kl\u00edmaszempont\u00fa probl\u00e9mat\u00e9rk\u00e9p\u00e9t, melynek c\u00e9lja a ker\u00fclet kl\u00edmav\u00e9delmi kih\u00edv\u00e1sainak azonos\u00edt\u00e1sa \u00e9s rendszerbe foglal\u00e1sa. Erre [&hellip;]","og_url":"https:\/\/env-in-cent.hu\/en\/2022\/04\/15\/elkeszult-budapest-fovaros-xii-kerulet-hegyvidek-klimastrategiaja-2030-ig-kitekintessel-2050-re\/","og_site_name":"Env-in-Cent","article_published_time":"2022-04-15T00:00:46+00:00","article_modified_time":"2024-12-13T10:57:21+00:00","author":"admin","twitter_card":"summary_large_image","twitter_misc":{"Written by":"admin"},"schema":{"@context":"https:\/\/schema.org","@graph":[{"@type":"Article","@id":"https:\/\/env-in-cent.hu\/2022\/04\/15\/elkeszult-budapest-fovaros-xii-kerulet-hegyvidek-klimastrategiaja-2030-ig-kitekintessel-2050-re\/#article","isPartOf":{"@id":"https:\/\/env-in-cent.hu\/2022\/04\/15\/elkeszult-budapest-fovaros-xii-kerulet-hegyvidek-klimastrategiaja-2030-ig-kitekintessel-2050-re\/"},"author":{"name":"admin","@id":"https:\/\/env-in-cent.hu\/#\/schema\/person\/5c6f075eba9b22272b90fb3aae13186a"},"headline":"Elk\u00e9sz\u00fclt Budapest F\u0151v\u00e1ros XII. ker\u00fclet Hegyvid\u00e9k Kl\u00edmastrat\u00e9gi\u00e1ja 2030-ig, kitekint\u00e9ssel 2050-re.","datePublished":"2022-04-15T00:00:46+00:00","dateModified":"2024-12-13T10:57:21+00:00","mainEntityOfPage":{"@id":"https:\/\/env-in-cent.hu\/2022\/04\/15\/elkeszult-budapest-fovaros-xii-kerulet-hegyvidek-klimastrategiaja-2030-ig-kitekintessel-2050-re\/"},"wordCount":339,"publisher":{"@id":"https:\/\/env-in-cent.hu\/#organization"},"articleSection":["H\u00edrek"],"inLanguage":"en-GB"},{"@type":"WebPage","@id":"https:\/\/env-in-cent.hu\/2022\/04\/15\/elkeszult-budapest-fovaros-xii-kerulet-hegyvidek-klimastrategiaja-2030-ig-kitekintessel-2050-re\/","url":"https:\/\/env-in-cent.hu\/2022\/04\/15\/elkeszult-budapest-fovaros-xii-kerulet-hegyvidek-klimastrategiaja-2030-ig-kitekintessel-2050-re\/","name":"Elk\u00e9sz\u00fclt Budapest F\u0151v\u00e1ros XII. ker\u00fclet Hegyvid\u00e9k Kl\u00edmastrat\u00e9gi\u00e1ja 2030-ig, kitekint\u00e9ssel 2050-re. - Env-in-Cent","isPartOf":{"@id":"https:\/\/env-in-cent.hu\/#website"},"datePublished":"2022-04-15T00:00:46+00:00","dateModified":"2024-12-13T10:57:21+00:00","breadcrumb":{"@id":"https:\/\/env-in-cent.hu\/2022\/04\/15\/elkeszult-budapest-fovaros-xii-kerulet-hegyvidek-klimastrategiaja-2030-ig-kitekintessel-2050-re\/#breadcrumb"},"inLanguage":"en-GB","potentialAction":[{"@type":"ReadAction","target":["https:\/\/env-in-cent.hu\/2022\/04\/15\/elkeszult-budapest-fovaros-xii-kerulet-hegyvidek-klimastrategiaja-2030-ig-kitekintessel-2050-re\/"]}]},{"@type":"BreadcrumbList","@id":"https:\/\/env-in-cent.hu\/2022\/04\/15\/elkeszult-budapest-fovaros-xii-kerulet-hegyvidek-klimastrategiaja-2030-ig-kitekintessel-2050-re\/#breadcrumb","itemListElement":[{"@type":"ListItem","position":1,"name":"Kezd\u0151lap","item":"https:\/\/env-in-cent.hu\/"},{"@type":"ListItem","position":2,"name":"Elk\u00e9sz\u00fclt Budapest F\u0151v\u00e1ros XII. ker\u00fclet Hegyvid\u00e9k Kl\u00edmastrat\u00e9gi\u00e1ja 2030-ig, kitekint\u00e9ssel 2050-re."}]},{"@type":"WebSite","@id":"https:\/\/env-in-cent.hu\/#website","url":"https:\/\/env-in-cent.hu\/","name":"Env-in-Cent","description":"Env-in-Cent K\u00f6rnyezetv\u00e9delmi Tan\u00e1csad\u00f3 Iroda Kft.","publisher":{"@id":"https:\/\/env-in-cent.hu\/#organization"},"potentialAction":[{"@type":"SearchAction","target":{"@type":"EntryPoint","urlTemplate":"https:\/\/env-in-cent.hu\/?s={search_term_string}"},"query-input":{"@type":"PropertyValueSpecification","valueRequired":true,"valueName":"search_term_string"}}],"inLanguage":"en-GB"},{"@type":"Organization","@id":"https:\/\/env-in-cent.hu\/#organization","name":"Env-in-Cent","url":"https:\/\/env-in-cent.hu\/","logo":{"@type":"ImageObject","inLanguage":"en-GB","@id":"https:\/\/env-in-cent.hu\/#\/schema\/logo\/image\/","url":"https:\/\/env-in-cent.hu\/wp-content\/uploads\/2024\/11\/logo.jpg","contentUrl":"https:\/\/env-in-cent.hu\/wp-content\/uploads\/2024\/11\/logo.jpg","width":170,"height":62,"caption":"Env-in-Cent"},"image":{"@id":"https:\/\/env-in-cent.hu\/#\/schema\/logo\/image\/"}},{"@type":"Person","@id":"https:\/\/env-in-cent.hu\/#\/schema\/person\/5c6f075eba9b22272b90fb3aae13186a","name":"admin","image":{"@type":"ImageObject","inLanguage":"en-GB","@id":"https:\/\/env-in-cent.hu\/#\/schema\/person\/image\/","url":"https:\/\/secure.gravatar.com\/avatar\/f9e2bbe26e4bdee0e476af9928f1659a8a449c95de42e8ad8aa43642d806db7f?s=96&d=mm&r=g","contentUrl":"https:\/\/secure.gravatar.com\/avatar\/f9e2bbe26e4bdee0e476af9928f1659a8a449c95de42e8ad8aa43642d806db7f?s=96&d=mm&r=g","caption":"admin"},"url":"https:\/\/env-in-cent.hu\/en\/author\/admin\/"}]}},"_links":{"self":[{"href":"https:\/\/env-in-cent.hu\/en\/wp-json\/wp\/v2\/posts\/694","targetHints":{"allow":["GET"]}}],"collection":[{"href":"https:\/\/env-in-cent.hu\/en\/wp-json\/wp\/v2\/posts"}],"about":[{"href":"https:\/\/env-in-cent.hu\/en\/wp-json\/wp\/v2\/types\/post"}],"author":[{"embeddable":true,"href":"https:\/\/env-in-cent.hu\/en\/wp-json\/wp\/v2\/users\/2"}],"replies":[{"embeddable":true,"href":"https:\/\/env-in-cent.hu\/en\/wp-json\/wp\/v2\/comments?post=694"}],"version-history":[{"count":1,"href":"https:\/\/env-in-cent.hu\/en\/wp-json\/wp\/v2\/posts\/694\/revisions"}],"predecessor-version":[{"id":695,"href":"https:\/\/env-in-cent.hu\/en\/wp-json\/wp\/v2\/posts\/694\/revisions\/695"}],"wp:attachment":[{"href":"https:\/\/env-in-cent.hu\/en\/wp-json\/wp\/v2\/media?parent=694"}],"wp:term":[{"taxonomy":"category","embeddable":true,"href":"https:\/\/env-in-cent.hu\/en\/wp-json\/wp\/v2\/categories?post=694"},{"taxonomy":"post_tag","embeddable":true,"href":"https:\/\/env-in-cent.hu\/en\/wp-json\/wp\/v2\/tags?post=694"}],"curies":[{"name":"wp","href":"https:\/\/api.w.org\/{rel}","templated":true}]}}