{"id":690,"date":"2022-01-10T00:52:34","date_gmt":"2022-01-10T00:52:34","guid":{"rendered":"https:\/\/env-in-cent.hu\/?p=690"},"modified":"2024-12-13T10:54:37","modified_gmt":"2024-12-13T10:54:37","slug":"elkeszult-budapest-fovaros-x-kerulet-kobanyai-onkormanyzat-fenntarthato-energia-es-klima-akcioterve-secap","status":"publish","type":"post","link":"https:\/\/env-in-cent.hu\/en\/2022\/01\/10\/elkeszult-budapest-fovaros-x-kerulet-kobanyai-onkormanyzat-fenntarthato-energia-es-klima-akcioterve-secap\/","title":{"rendered":"Elk\u00e9sz\u00fclt Budapest F\u0151v\u00e1ros X. ker\u00fclet K\u0151b\u00e1nyai \u00d6nkorm\u00e1nyzat Fenntarthat\u00f3 Energia- \u00e9s Kl\u00edma Akci\u00f3terve (SECAP)."},"content":{"rendered":"<p>A SECAP dokumentumot a Polg\u00e1rmesterek Sz\u00f6vets\u00e9ge (Covenant of Mayors) el\u0151\u00edr\u00e1sai alapj\u00e1n k\u00e9sz\u00fclt el, amely tartalmazza ker\u00fclet CO<sub>2<\/sub>\u00a0kibocs\u00e1t\u00e1si lelt\u00e1r\u00e1t. A dekarboniz\u00e1ci\u00f3s forgat\u00f3k\u00f6nyv r\u00e9szletesen bemutatja a 2030-ig el\u00e9rend\u0151 40% kibocs\u00e1t\u00e1s cs\u00f6kkent\u00e9shez vezet\u0151 \u00e1gazati sz\u00e9n-dioxid kibocs\u00e1t\u00e1si tev\u00e9kenys\u00e9geket \u00e9s a megtakar\u00edt\u00e1si c\u00e9l\u00e9rt\u00e9keket<\/p>\n\n\n\n<p>A SECAP kidolgoz\u00e1sa sor\u00e1n meg\u00e1llap\u00edtottuk, hogy K\u0151b\u00e1ny\u00e1n a b\u00e1zis \u00e9vben m\u00e9rt adatok alapj\u00e1n az \u00f6sszes CO<sub>2<\/sub>&nbsp;kibocs\u00e1t\u00e1s 50%-\u00e1t az ipari tev\u00e9kenys\u00e9gek okozz\u00e1k (ipar \u00e9s szolg\u00e1ltat\u00e1sok villamosenergia \u00e9s f\u00f6ldg\u00e1z fogyaszt\u00e1sa). A k\u00f6z\u00e9p\u00fcletek megfelelnek a f\u0151v\u00e1rosi \u00e1tlagnak, a lak\u00f3\u00e9p\u00fcletek (h\u00e1ztart\u00e1sok) kibocs\u00e1t\u00e1sa is \u00e1tlagos. A k\u00f6zleked\u00e9si kibocs\u00e1t\u00e1sok kb. 17%-kal magasabbak, mint a f\u0151v\u00e1rosi \u00e9rt\u00e9kek, els\u0151sorban a sz\u00e1ll\u00edt\u00e1si tev\u00e9kenys\u00e9gek miatt. A sz\u00fcks\u00e9ges CO<sub>2<\/sub>&nbsp;kibocs\u00e1t\u00e1scs\u00f6kkent\u00e9s el\u00e9r\u00e9s\u00e9t 23 mitig\u00e1ci\u00f3s int\u00e9zked\u00e9s megval\u00f3s\u00edt\u00e1sa biztos\u00edtja. K\u0151b\u00e1nya \u00e9ghajlati kitetts\u00e9g\u00e9t meghat\u00e1roz\u00f3 t\u00e9nyez\u0151k k\u00f6z\u00e9 tartozik az \u00e1tlagn\u00e1l nagyobb m\u00e9rt\u00e9kben emelked\u0151 h\u0151m\u00e9rs\u00e9klet \u00e9s a hirtelen lez\u00fadul\u00f3 csapad\u00e9kmennyis\u00e9g. Az \u00e9rz\u00e9kenys\u00e9gi kateg\u00f3ri\u00e1k k\u00f6z\u00fcl kiemelend\u0151k a ker\u00fcletben tal\u00e1lhat\u00f3 v\u00e9dett vizes \u00e9l\u0151helyek, erd\u0151k, k\u00f6zparkok, valamint a kritikus infrastrukt\u00fara l\u00e9tes\u00edtm\u00e9nyek. Az alkalmazkod\u00e1si k\u00e9pess\u00e9get nagym\u00e9rt\u00e9kben cs\u00f6kkent\u0151 t\u00e9nyez\u0151 az orsz\u00e1gos \u00e1tlagot meghalad\u00f3 id\u0151skor\u00faak ar\u00e1nya.<\/p>","protected":false},"excerpt":{"rendered":"<p>A SECAP dokumentumot a Polg\u00e1rmesterek Sz\u00f6vets\u00e9ge (Covenant of Mayors) el\u0151\u00edr\u00e1sai alapj\u00e1n k\u00e9sz\u00fclt el, amely tartalmazza ker\u00fclet CO2\u00a0kibocs\u00e1t\u00e1si lelt\u00e1r\u00e1t. A dekarboniz\u00e1ci\u00f3s forgat\u00f3k\u00f6nyv r\u00e9szletesen bemutatja a 2030-ig el\u00e9rend\u0151 40% kibocs\u00e1t\u00e1s cs\u00f6kkent\u00e9shez vezet\u0151 \u00e1gazati sz\u00e9n-dioxid kibocs\u00e1t\u00e1si tev\u00e9kenys\u00e9geket \u00e9s a megtakar\u00edt\u00e1si c\u00e9l\u00e9rt\u00e9keket A SECAP kidolgoz\u00e1sa sor\u00e1n meg\u00e1llap\u00edtottuk, hogy K\u0151b\u00e1ny\u00e1n a b\u00e1zis \u00e9vben m\u00e9rt adatok alapj\u00e1n az \u00f6sszes CO2&nbsp;kibocs\u00e1t\u00e1s 50%-\u00e1t [&hellip;]<\/p>","protected":false},"author":2,"featured_media":0,"comment_status":"closed","ping_status":"open","sticky":false,"template":"","format":"standard","meta":{"footnotes":""},"categories":[3],"tags":[],"class_list":["post-690","post","type-post","status-publish","format-standard","hentry","category-hirek"],"yoast_head":"<!-- This site is optimized with the Yoast SEO plugin v23.9 - https:\/\/yoast.com\/wordpress\/plugins\/seo\/ -->\n<title>Elk\u00e9sz\u00fclt Budapest F\u0151v\u00e1ros X. ker\u00fclet K\u0151b\u00e1nyai \u00d6nkorm\u00e1nyzat Fenntarthat\u00f3 Energia- \u00e9s Kl\u00edma Akci\u00f3terve (SECAP). - Env-in-Cent<\/title>\n<meta name=\"robots\" content=\"noindex, follow, max-snippet:-1, max-image-preview:large, max-video-preview:-1\" \/>\n<meta property=\"og:locale\" content=\"en_GB\" \/>\n<meta property=\"og:type\" content=\"article\" \/>\n<meta property=\"og:title\" content=\"Elk\u00e9sz\u00fclt Budapest F\u0151v\u00e1ros X. ker\u00fclet K\u0151b\u00e1nyai \u00d6nkorm\u00e1nyzat Fenntarthat\u00f3 Energia- \u00e9s Kl\u00edma Akci\u00f3terve (SECAP). - Env-in-Cent\" \/>\n<meta property=\"og:description\" content=\"A SECAP dokumentumot a Polg\u00e1rmesterek Sz\u00f6vets\u00e9ge (Covenant of Mayors) el\u0151\u00edr\u00e1sai alapj\u00e1n k\u00e9sz\u00fclt el, amely tartalmazza ker\u00fclet CO2\u00a0kibocs\u00e1t\u00e1si lelt\u00e1r\u00e1t. A dekarboniz\u00e1ci\u00f3s forgat\u00f3k\u00f6nyv r\u00e9szletesen bemutatja a 2030-ig el\u00e9rend\u0151 40% kibocs\u00e1t\u00e1s cs\u00f6kkent\u00e9shez vezet\u0151 \u00e1gazati sz\u00e9n-dioxid kibocs\u00e1t\u00e1si tev\u00e9kenys\u00e9geket \u00e9s a megtakar\u00edt\u00e1si c\u00e9l\u00e9rt\u00e9keket A SECAP kidolgoz\u00e1sa sor\u00e1n meg\u00e1llap\u00edtottuk, hogy K\u0151b\u00e1ny\u00e1n a b\u00e1zis \u00e9vben m\u00e9rt adatok alapj\u00e1n az \u00f6sszes CO2&nbsp;kibocs\u00e1t\u00e1s 50%-\u00e1t [&hellip;]\" \/>\n<meta property=\"og:url\" content=\"https:\/\/env-in-cent.hu\/en\/2022\/01\/10\/elkeszult-budapest-fovaros-x-kerulet-kobanyai-onkormanyzat-fenntarthato-energia-es-klima-akcioterve-secap\/\" \/>\n<meta property=\"og:site_name\" content=\"Env-in-Cent\" \/>\n<meta property=\"article:published_time\" content=\"2022-01-10T00:52:34+00:00\" \/>\n<meta property=\"article:modified_time\" content=\"2024-12-13T10:54:37+00:00\" \/>\n<meta name=\"author\" content=\"admin\" \/>\n<meta name=\"twitter:card\" content=\"summary_large_image\" \/>\n<meta name=\"twitter:label1\" content=\"Written by\" \/>\n\t<meta name=\"twitter:data1\" content=\"admin\" \/>\n\t<meta name=\"twitter:label2\" content=\"Estimated reading time\" \/>\n\t<meta name=\"twitter:data2\" content=\"1 minute\" \/>\n<script type=\"application\/ld+json\" class=\"yoast-schema-graph\">{\"@context\":\"https:\/\/schema.org\",\"@graph\":[{\"@type\":\"Article\",\"@id\":\"https:\/\/env-in-cent.hu\/2022\/01\/10\/elkeszult-budapest-fovaros-x-kerulet-kobanyai-onkormanyzat-fenntarthato-energia-es-klima-akcioterve-secap\/#article\",\"isPartOf\":{\"@id\":\"https:\/\/env-in-cent.hu\/2022\/01\/10\/elkeszult-budapest-fovaros-x-kerulet-kobanyai-onkormanyzat-fenntarthato-energia-es-klima-akcioterve-secap\/\"},\"author\":{\"name\":\"admin\",\"@id\":\"https:\/\/env-in-cent.hu\/#\/schema\/person\/5c6f075eba9b22272b90fb3aae13186a\"},\"headline\":\"Elk\u00e9sz\u00fclt Budapest F\u0151v\u00e1ros X. ker\u00fclet K\u0151b\u00e1nyai \u00d6nkorm\u00e1nyzat Fenntarthat\u00f3 Energia- \u00e9s Kl\u00edma Akci\u00f3terve (SECAP).\",\"datePublished\":\"2022-01-10T00:52:34+00:00\",\"dateModified\":\"2024-12-13T10:54:37+00:00\",\"mainEntityOfPage\":{\"@id\":\"https:\/\/env-in-cent.hu\/2022\/01\/10\/elkeszult-budapest-fovaros-x-kerulet-kobanyai-onkormanyzat-fenntarthato-energia-es-klima-akcioterve-secap\/\"},\"wordCount\":316,\"publisher\":{\"@id\":\"https:\/\/env-in-cent.hu\/#organization\"},\"articleSection\":[\"H\u00edrek\"],\"inLanguage\":\"en-GB\"},{\"@type\":\"WebPage\",\"@id\":\"https:\/\/env-in-cent.hu\/2022\/01\/10\/elkeszult-budapest-fovaros-x-kerulet-kobanyai-onkormanyzat-fenntarthato-energia-es-klima-akcioterve-secap\/\",\"url\":\"https:\/\/env-in-cent.hu\/2022\/01\/10\/elkeszult-budapest-fovaros-x-kerulet-kobanyai-onkormanyzat-fenntarthato-energia-es-klima-akcioterve-secap\/\",\"name\":\"Elk\u00e9sz\u00fclt Budapest F\u0151v\u00e1ros X. ker\u00fclet K\u0151b\u00e1nyai \u00d6nkorm\u00e1nyzat Fenntarthat\u00f3 Energia- \u00e9s Kl\u00edma Akci\u00f3terve (SECAP). - Env-in-Cent\",\"isPartOf\":{\"@id\":\"https:\/\/env-in-cent.hu\/#website\"},\"datePublished\":\"2022-01-10T00:52:34+00:00\",\"dateModified\":\"2024-12-13T10:54:37+00:00\",\"breadcrumb\":{\"@id\":\"https:\/\/env-in-cent.hu\/2022\/01\/10\/elkeszult-budapest-fovaros-x-kerulet-kobanyai-onkormanyzat-fenntarthato-energia-es-klima-akcioterve-secap\/#breadcrumb\"},\"inLanguage\":\"en-GB\",\"potentialAction\":[{\"@type\":\"ReadAction\",\"target\":[\"https:\/\/env-in-cent.hu\/2022\/01\/10\/elkeszult-budapest-fovaros-x-kerulet-kobanyai-onkormanyzat-fenntarthato-energia-es-klima-akcioterve-secap\/\"]}]},{\"@type\":\"BreadcrumbList\",\"@id\":\"https:\/\/env-in-cent.hu\/2022\/01\/10\/elkeszult-budapest-fovaros-x-kerulet-kobanyai-onkormanyzat-fenntarthato-energia-es-klima-akcioterve-secap\/#breadcrumb\",\"itemListElement\":[{\"@type\":\"ListItem\",\"position\":1,\"name\":\"Kezd\u0151lap\",\"item\":\"https:\/\/env-in-cent.hu\/\"},{\"@type\":\"ListItem\",\"position\":2,\"name\":\"Elk\u00e9sz\u00fclt Budapest F\u0151v\u00e1ros X. ker\u00fclet K\u0151b\u00e1nyai \u00d6nkorm\u00e1nyzat Fenntarthat\u00f3 Energia- \u00e9s Kl\u00edma Akci\u00f3terve (SECAP).\"}]},{\"@type\":\"WebSite\",\"@id\":\"https:\/\/env-in-cent.hu\/#website\",\"url\":\"https:\/\/env-in-cent.hu\/\",\"name\":\"Env-in-Cent\",\"description\":\"Env-in-Cent K\u00f6rnyezetv\u00e9delmi Tan\u00e1csad\u00f3 Iroda Kft.\",\"publisher\":{\"@id\":\"https:\/\/env-in-cent.hu\/#organization\"},\"potentialAction\":[{\"@type\":\"SearchAction\",\"target\":{\"@type\":\"EntryPoint\",\"urlTemplate\":\"https:\/\/env-in-cent.hu\/?s={search_term_string}\"},\"query-input\":{\"@type\":\"PropertyValueSpecification\",\"valueRequired\":true,\"valueName\":\"search_term_string\"}}],\"inLanguage\":\"en-GB\"},{\"@type\":\"Organization\",\"@id\":\"https:\/\/env-in-cent.hu\/#organization\",\"name\":\"Env-in-Cent\",\"url\":\"https:\/\/env-in-cent.hu\/\",\"logo\":{\"@type\":\"ImageObject\",\"inLanguage\":\"en-GB\",\"@id\":\"https:\/\/env-in-cent.hu\/#\/schema\/logo\/image\/\",\"url\":\"https:\/\/env-in-cent.hu\/wp-content\/uploads\/2024\/11\/logo.jpg\",\"contentUrl\":\"https:\/\/env-in-cent.hu\/wp-content\/uploads\/2024\/11\/logo.jpg\",\"width\":170,\"height\":62,\"caption\":\"Env-in-Cent\"},\"image\":{\"@id\":\"https:\/\/env-in-cent.hu\/#\/schema\/logo\/image\/\"}},{\"@type\":\"Person\",\"@id\":\"https:\/\/env-in-cent.hu\/#\/schema\/person\/5c6f075eba9b22272b90fb3aae13186a\",\"name\":\"admin\",\"image\":{\"@type\":\"ImageObject\",\"inLanguage\":\"en-GB\",\"@id\":\"https:\/\/env-in-cent.hu\/#\/schema\/person\/image\/\",\"url\":\"https:\/\/secure.gravatar.com\/avatar\/f9e2bbe26e4bdee0e476af9928f1659a8a449c95de42e8ad8aa43642d806db7f?s=96&d=mm&r=g\",\"contentUrl\":\"https:\/\/secure.gravatar.com\/avatar\/f9e2bbe26e4bdee0e476af9928f1659a8a449c95de42e8ad8aa43642d806db7f?s=96&d=mm&r=g\",\"caption\":\"admin\"},\"url\":\"https:\/\/env-in-cent.hu\/en\/author\/admin\/\"}]}<\/script>\n<!-- \/ Yoast SEO plugin. -->","yoast_head_json":{"title":"Elk\u00e9sz\u00fclt Budapest F\u0151v\u00e1ros X. ker\u00fclet K\u0151b\u00e1nyai \u00d6nkorm\u00e1nyzat Fenntarthat\u00f3 Energia- \u00e9s Kl\u00edma Akci\u00f3terve (SECAP). - Env-in-Cent","robots":{"index":"noindex","follow":"follow","max-snippet":"max-snippet:-1","max-image-preview":"max-image-preview:large","max-video-preview":"max-video-preview:-1"},"og_locale":"en_GB","og_type":"article","og_title":"Elk\u00e9sz\u00fclt Budapest F\u0151v\u00e1ros X. ker\u00fclet K\u0151b\u00e1nyai \u00d6nkorm\u00e1nyzat Fenntarthat\u00f3 Energia- \u00e9s Kl\u00edma Akci\u00f3terve (SECAP). - Env-in-Cent","og_description":"A SECAP dokumentumot a Polg\u00e1rmesterek Sz\u00f6vets\u00e9ge (Covenant of Mayors) el\u0151\u00edr\u00e1sai alapj\u00e1n k\u00e9sz\u00fclt el, amely tartalmazza ker\u00fclet CO2\u00a0kibocs\u00e1t\u00e1si lelt\u00e1r\u00e1t. A dekarboniz\u00e1ci\u00f3s forgat\u00f3k\u00f6nyv r\u00e9szletesen bemutatja a 2030-ig el\u00e9rend\u0151 40% kibocs\u00e1t\u00e1s cs\u00f6kkent\u00e9shez vezet\u0151 \u00e1gazati sz\u00e9n-dioxid kibocs\u00e1t\u00e1si tev\u00e9kenys\u00e9geket \u00e9s a megtakar\u00edt\u00e1si c\u00e9l\u00e9rt\u00e9keket A SECAP kidolgoz\u00e1sa sor\u00e1n meg\u00e1llap\u00edtottuk, hogy K\u0151b\u00e1ny\u00e1n a b\u00e1zis \u00e9vben m\u00e9rt adatok alapj\u00e1n az \u00f6sszes CO2&nbsp;kibocs\u00e1t\u00e1s 50%-\u00e1t [&hellip;]","og_url":"https:\/\/env-in-cent.hu\/en\/2022\/01\/10\/elkeszult-budapest-fovaros-x-kerulet-kobanyai-onkormanyzat-fenntarthato-energia-es-klima-akcioterve-secap\/","og_site_name":"Env-in-Cent","article_published_time":"2022-01-10T00:52:34+00:00","article_modified_time":"2024-12-13T10:54:37+00:00","author":"admin","twitter_card":"summary_large_image","twitter_misc":{"Written by":"admin","Estimated reading time":"1 minute"},"schema":{"@context":"https:\/\/schema.org","@graph":[{"@type":"Article","@id":"https:\/\/env-in-cent.hu\/2022\/01\/10\/elkeszult-budapest-fovaros-x-kerulet-kobanyai-onkormanyzat-fenntarthato-energia-es-klima-akcioterve-secap\/#article","isPartOf":{"@id":"https:\/\/env-in-cent.hu\/2022\/01\/10\/elkeszult-budapest-fovaros-x-kerulet-kobanyai-onkormanyzat-fenntarthato-energia-es-klima-akcioterve-secap\/"},"author":{"name":"admin","@id":"https:\/\/env-in-cent.hu\/#\/schema\/person\/5c6f075eba9b22272b90fb3aae13186a"},"headline":"Elk\u00e9sz\u00fclt Budapest F\u0151v\u00e1ros X. ker\u00fclet K\u0151b\u00e1nyai \u00d6nkorm\u00e1nyzat Fenntarthat\u00f3 Energia- \u00e9s Kl\u00edma Akci\u00f3terve (SECAP).","datePublished":"2022-01-10T00:52:34+00:00","dateModified":"2024-12-13T10:54:37+00:00","mainEntityOfPage":{"@id":"https:\/\/env-in-cent.hu\/2022\/01\/10\/elkeszult-budapest-fovaros-x-kerulet-kobanyai-onkormanyzat-fenntarthato-energia-es-klima-akcioterve-secap\/"},"wordCount":316,"publisher":{"@id":"https:\/\/env-in-cent.hu\/#organization"},"articleSection":["H\u00edrek"],"inLanguage":"en-GB"},{"@type":"WebPage","@id":"https:\/\/env-in-cent.hu\/2022\/01\/10\/elkeszult-budapest-fovaros-x-kerulet-kobanyai-onkormanyzat-fenntarthato-energia-es-klima-akcioterve-secap\/","url":"https:\/\/env-in-cent.hu\/2022\/01\/10\/elkeszult-budapest-fovaros-x-kerulet-kobanyai-onkormanyzat-fenntarthato-energia-es-klima-akcioterve-secap\/","name":"Elk\u00e9sz\u00fclt Budapest F\u0151v\u00e1ros X. ker\u00fclet K\u0151b\u00e1nyai \u00d6nkorm\u00e1nyzat Fenntarthat\u00f3 Energia- \u00e9s Kl\u00edma Akci\u00f3terve (SECAP). - Env-in-Cent","isPartOf":{"@id":"https:\/\/env-in-cent.hu\/#website"},"datePublished":"2022-01-10T00:52:34+00:00","dateModified":"2024-12-13T10:54:37+00:00","breadcrumb":{"@id":"https:\/\/env-in-cent.hu\/2022\/01\/10\/elkeszult-budapest-fovaros-x-kerulet-kobanyai-onkormanyzat-fenntarthato-energia-es-klima-akcioterve-secap\/#breadcrumb"},"inLanguage":"en-GB","potentialAction":[{"@type":"ReadAction","target":["https:\/\/env-in-cent.hu\/2022\/01\/10\/elkeszult-budapest-fovaros-x-kerulet-kobanyai-onkormanyzat-fenntarthato-energia-es-klima-akcioterve-secap\/"]}]},{"@type":"BreadcrumbList","@id":"https:\/\/env-in-cent.hu\/2022\/01\/10\/elkeszult-budapest-fovaros-x-kerulet-kobanyai-onkormanyzat-fenntarthato-energia-es-klima-akcioterve-secap\/#breadcrumb","itemListElement":[{"@type":"ListItem","position":1,"name":"Kezd\u0151lap","item":"https:\/\/env-in-cent.hu\/"},{"@type":"ListItem","position":2,"name":"Elk\u00e9sz\u00fclt Budapest F\u0151v\u00e1ros X. ker\u00fclet K\u0151b\u00e1nyai \u00d6nkorm\u00e1nyzat Fenntarthat\u00f3 Energia- \u00e9s Kl\u00edma Akci\u00f3terve (SECAP)."}]},{"@type":"WebSite","@id":"https:\/\/env-in-cent.hu\/#website","url":"https:\/\/env-in-cent.hu\/","name":"Env-in-Cent","description":"Env-in-Cent K\u00f6rnyezetv\u00e9delmi Tan\u00e1csad\u00f3 Iroda Kft.","publisher":{"@id":"https:\/\/env-in-cent.hu\/#organization"},"potentialAction":[{"@type":"SearchAction","target":{"@type":"EntryPoint","urlTemplate":"https:\/\/env-in-cent.hu\/?s={search_term_string}"},"query-input":{"@type":"PropertyValueSpecification","valueRequired":true,"valueName":"search_term_string"}}],"inLanguage":"en-GB"},{"@type":"Organization","@id":"https:\/\/env-in-cent.hu\/#organization","name":"Env-in-Cent","url":"https:\/\/env-in-cent.hu\/","logo":{"@type":"ImageObject","inLanguage":"en-GB","@id":"https:\/\/env-in-cent.hu\/#\/schema\/logo\/image\/","url":"https:\/\/env-in-cent.hu\/wp-content\/uploads\/2024\/11\/logo.jpg","contentUrl":"https:\/\/env-in-cent.hu\/wp-content\/uploads\/2024\/11\/logo.jpg","width":170,"height":62,"caption":"Env-in-Cent"},"image":{"@id":"https:\/\/env-in-cent.hu\/#\/schema\/logo\/image\/"}},{"@type":"Person","@id":"https:\/\/env-in-cent.hu\/#\/schema\/person\/5c6f075eba9b22272b90fb3aae13186a","name":"admin","image":{"@type":"ImageObject","inLanguage":"en-GB","@id":"https:\/\/env-in-cent.hu\/#\/schema\/person\/image\/","url":"https:\/\/secure.gravatar.com\/avatar\/f9e2bbe26e4bdee0e476af9928f1659a8a449c95de42e8ad8aa43642d806db7f?s=96&d=mm&r=g","contentUrl":"https:\/\/secure.gravatar.com\/avatar\/f9e2bbe26e4bdee0e476af9928f1659a8a449c95de42e8ad8aa43642d806db7f?s=96&d=mm&r=g","caption":"admin"},"url":"https:\/\/env-in-cent.hu\/en\/author\/admin\/"}]}},"_links":{"self":[{"href":"https:\/\/env-in-cent.hu\/en\/wp-json\/wp\/v2\/posts\/690","targetHints":{"allow":["GET"]}}],"collection":[{"href":"https:\/\/env-in-cent.hu\/en\/wp-json\/wp\/v2\/posts"}],"about":[{"href":"https:\/\/env-in-cent.hu\/en\/wp-json\/wp\/v2\/types\/post"}],"author":[{"embeddable":true,"href":"https:\/\/env-in-cent.hu\/en\/wp-json\/wp\/v2\/users\/2"}],"replies":[{"embeddable":true,"href":"https:\/\/env-in-cent.hu\/en\/wp-json\/wp\/v2\/comments?post=690"}],"version-history":[{"count":1,"href":"https:\/\/env-in-cent.hu\/en\/wp-json\/wp\/v2\/posts\/690\/revisions"}],"predecessor-version":[{"id":691,"href":"https:\/\/env-in-cent.hu\/en\/wp-json\/wp\/v2\/posts\/690\/revisions\/691"}],"wp:attachment":[{"href":"https:\/\/env-in-cent.hu\/en\/wp-json\/wp\/v2\/media?parent=690"}],"wp:term":[{"taxonomy":"category","embeddable":true,"href":"https:\/\/env-in-cent.hu\/en\/wp-json\/wp\/v2\/categories?post=690"},{"taxonomy":"post_tag","embeddable":true,"href":"https:\/\/env-in-cent.hu\/en\/wp-json\/wp\/v2\/tags?post=690"}],"curies":[{"name":"wp","href":"https:\/\/api.w.org\/{rel}","templated":true}]}}