{"id":684,"date":"2021-03-16T00:00:10","date_gmt":"2021-03-16T00:00:10","guid":{"rendered":"https:\/\/env-in-cent.hu\/?p=684"},"modified":"2024-12-13T10:50:20","modified_gmt":"2024-12-13T10:50:20","slug":"az-env-in-cent-kft-megkezdte-a-budapest-fovaros-xii-kerulet-hegyvidek-klimastrategiajanak-kidolgozasat","status":"publish","type":"post","link":"https:\/\/env-in-cent.hu\/en\/2021\/03\/16\/az-env-in-cent-kft-megkezdte-a-budapest-fovaros-xii-kerulet-hegyvidek-klimastrategiajanak-kidolgozasat\/","title":{"rendered":"Az Env-in-Cent Kft. megkezdte a Budapest F\u0151v\u00e1ros XII. ker\u00fclet Hegyvid\u00e9k Kl\u00edmastrat\u00e9gi\u00e1j\u00e1nak kidolgoz\u00e1s\u00e1t."},"content":{"rendered":"<p>A Kl\u00edmastrat\u00e9gia megalapoz\u00e1s\u00e1t egy r\u00e9szletes helyzetelemz\u00e9s \u00e9s helyzet\u00e9rt\u00e9kel\u00e9s kidolgoz\u00e1sa teszi lehet\u0151v\u00e9, melynek figyelembev\u00e9tel\u00e9vel SWOT elemz\u00e9s \u00e9s kl\u00edmaszempont\u00fa probl\u00e9mat\u00e9rk\u00e9p k\u00e9sz\u00fcl. A felt\u00e1rt inform\u00e1ci\u00f3kra \u00e9p\u00fcl a Kl\u00edmastrat\u00e9gia c\u00e9lrendszere \u00e9s int\u00e9zked\u00e9si terve.<\/p>\n\n\n\n<details class=\"wp-block-details is-layout-flow wp-block-details-is-layout-flow\"><summary>Az \u00e9ghajlatv\u00e1ltoz\u00e1s szempontj\u00e1b\u00f3l kiemelt jelent\u0151s\u00e9ggel b\u00edrnak a v\u00e1rosi ter\u00fcletek: mind az \u00fcvegh\u00e1zhat\u00e1s\u00fa g\u00e1zok n\u00f6vekv\u0151 kibocs\u00e1t\u00e1sa, mind a v\u00e1rhat\u00f3 kedvez\u0151tlen hat\u00e1sok, illetve a sz\u00e9ls\u0151s\u00e9ges id\u0151j\u00e1r\u00e1si k\u00f6r\u00fclm\u00e9nyekhez val\u00f3 alkalmazkod\u00e1s vonatkoz\u00e1saiban. A ker\u00fcleti kl\u00edmastrat\u00e9gia kidolgoz\u00e1sa sor\u00e1n fontos szakpolitikai h\u00e1tteret ad a m\u00e1sodik Nemzeti \u00c9ghajlatv\u00e1ltoz\u00e1si Strat\u00e9gia, a Budapest meg\u00faj\u00edtott kl\u00edmastrat\u00e9gi\u00e1ja, valamint a Hegyvid\u00e9k Fenntarthat\u00f3 Energia \u00e9s Kl\u00edmaterve (SECAP). Kiindul\u00f3pontunk, hogy a Kl\u00edmabar\u00e1t Telep\u00fcl\u00e9sek Sz\u00f6vets\u00e9ge \u00e1ltal rendelkez\u00e9sre bocs\u00e1tott m\u00f3dszertan alapj\u00e1n k\u00e9sz\u00edtj\u00fck el a Kl\u00edmastrat\u00e9gi\u00e1t. A M\u00f3dszertani \u00datmutat\u00f3 alkalmaz\u00e1sa biztos alapot ny\u00fajt a strat\u00e9giaalkot\u00e1s sor\u00e1n, illetve kijel\u00f6li azokat a kritikus szempontokat \u00e9s vizsg\u00e1lati ter\u00fcleteket, melyek egy megfelel\u0151en struktur\u00e1lt, \u00e1m haszn\u00e1lhat\u00f3 \u00e9s a j\u00f6v\u0151ben is alkalmazhat\u00f3 strat\u00e9gia megsz\u00fclet\u00e9s\u00e9hez vezetnek.<\/summary>\n<p><\/p>\n<\/details>\n\n\n\n<p><\/p>","protected":false},"excerpt":{"rendered":"<p>A Kl\u00edmastrat\u00e9gia megalapoz\u00e1s\u00e1t egy r\u00e9szletes helyzetelemz\u00e9s \u00e9s helyzet\u00e9rt\u00e9kel\u00e9s kidolgoz\u00e1sa teszi lehet\u0151v\u00e9, melynek figyelembev\u00e9tel\u00e9vel SWOT elemz\u00e9s \u00e9s kl\u00edmaszempont\u00fa probl\u00e9mat\u00e9rk\u00e9p k\u00e9sz\u00fcl. A felt\u00e1rt inform\u00e1ci\u00f3kra \u00e9p\u00fcl a Kl\u00edmastrat\u00e9gia c\u00e9lrendszere \u00e9s int\u00e9zked\u00e9si terve.<\/p>","protected":false},"author":2,"featured_media":0,"comment_status":"closed","ping_status":"open","sticky":false,"template":"","format":"standard","meta":{"footnotes":""},"categories":[3],"tags":[],"class_list":["post-684","post","type-post","status-publish","format-standard","hentry","category-hirek"],"yoast_head":"<!-- This site is optimized with the Yoast SEO plugin v23.9 - https:\/\/yoast.com\/wordpress\/plugins\/seo\/ -->\n<title>Az Env-in-Cent Kft. megkezdte a Budapest F\u0151v\u00e1ros XII. ker\u00fclet Hegyvid\u00e9k Kl\u00edmastrat\u00e9gi\u00e1j\u00e1nak kidolgoz\u00e1s\u00e1t. - Env-in-Cent<\/title>\n<meta name=\"robots\" content=\"noindex, follow, max-snippet:-1, max-image-preview:large, max-video-preview:-1\" \/>\n<meta property=\"og:locale\" content=\"en_GB\" \/>\n<meta property=\"og:type\" content=\"article\" \/>\n<meta property=\"og:title\" content=\"Az Env-in-Cent Kft. megkezdte a Budapest F\u0151v\u00e1ros XII. ker\u00fclet Hegyvid\u00e9k Kl\u00edmastrat\u00e9gi\u00e1j\u00e1nak kidolgoz\u00e1s\u00e1t. - Env-in-Cent\" \/>\n<meta property=\"og:description\" content=\"A Kl\u00edmastrat\u00e9gia megalapoz\u00e1s\u00e1t egy r\u00e9szletes helyzetelemz\u00e9s \u00e9s helyzet\u00e9rt\u00e9kel\u00e9s kidolgoz\u00e1sa teszi lehet\u0151v\u00e9, melynek figyelembev\u00e9tel\u00e9vel SWOT elemz\u00e9s \u00e9s kl\u00edmaszempont\u00fa probl\u00e9mat\u00e9rk\u00e9p k\u00e9sz\u00fcl. A felt\u00e1rt inform\u00e1ci\u00f3kra \u00e9p\u00fcl a Kl\u00edmastrat\u00e9gia c\u00e9lrendszere \u00e9s int\u00e9zked\u00e9si terve.\" \/>\n<meta property=\"og:url\" content=\"https:\/\/env-in-cent.hu\/en\/2021\/03\/16\/az-env-in-cent-kft-megkezdte-a-budapest-fovaros-xii-kerulet-hegyvidek-klimastrategiajanak-kidolgozasat\/\" \/>\n<meta property=\"og:site_name\" content=\"Env-in-Cent\" \/>\n<meta property=\"article:published_time\" content=\"2021-03-16T00:00:10+00:00\" \/>\n<meta property=\"article:modified_time\" content=\"2024-12-13T10:50:20+00:00\" \/>\n<meta name=\"author\" content=\"admin\" \/>\n<meta name=\"twitter:card\" content=\"summary_large_image\" \/>\n<meta name=\"twitter:label1\" content=\"Written by\" \/>\n\t<meta name=\"twitter:data1\" content=\"admin\" \/>\n<script type=\"application\/ld+json\" class=\"yoast-schema-graph\">{\"@context\":\"https:\/\/schema.org\",\"@graph\":[{\"@type\":\"Article\",\"@id\":\"https:\/\/env-in-cent.hu\/2021\/03\/16\/az-env-in-cent-kft-megkezdte-a-budapest-fovaros-xii-kerulet-hegyvidek-klimastrategiajanak-kidolgozasat\/#article\",\"isPartOf\":{\"@id\":\"https:\/\/env-in-cent.hu\/2021\/03\/16\/az-env-in-cent-kft-megkezdte-a-budapest-fovaros-xii-kerulet-hegyvidek-klimastrategiajanak-kidolgozasat\/\"},\"author\":{\"name\":\"admin\",\"@id\":\"https:\/\/env-in-cent.hu\/#\/schema\/person\/5c6f075eba9b22272b90fb3aae13186a\"},\"headline\":\"Az Env-in-Cent Kft. megkezdte a Budapest F\u0151v\u00e1ros XII. ker\u00fclet Hegyvid\u00e9k Kl\u00edmastrat\u00e9gi\u00e1j\u00e1nak kidolgoz\u00e1s\u00e1t.\",\"datePublished\":\"2021-03-16T00:00:10+00:00\",\"dateModified\":\"2024-12-13T10:50:20+00:00\",\"mainEntityOfPage\":{\"@id\":\"https:\/\/env-in-cent.hu\/2021\/03\/16\/az-env-in-cent-kft-megkezdte-a-budapest-fovaros-xii-kerulet-hegyvidek-klimastrategiajanak-kidolgozasat\/\"},\"wordCount\":263,\"publisher\":{\"@id\":\"https:\/\/env-in-cent.hu\/#organization\"},\"articleSection\":[\"H\u00edrek\"],\"inLanguage\":\"en-GB\"},{\"@type\":\"WebPage\",\"@id\":\"https:\/\/env-in-cent.hu\/2021\/03\/16\/az-env-in-cent-kft-megkezdte-a-budapest-fovaros-xii-kerulet-hegyvidek-klimastrategiajanak-kidolgozasat\/\",\"url\":\"https:\/\/env-in-cent.hu\/2021\/03\/16\/az-env-in-cent-kft-megkezdte-a-budapest-fovaros-xii-kerulet-hegyvidek-klimastrategiajanak-kidolgozasat\/\",\"name\":\"Az Env-in-Cent Kft. megkezdte a Budapest F\u0151v\u00e1ros XII. ker\u00fclet Hegyvid\u00e9k Kl\u00edmastrat\u00e9gi\u00e1j\u00e1nak kidolgoz\u00e1s\u00e1t. - Env-in-Cent\",\"isPartOf\":{\"@id\":\"https:\/\/env-in-cent.hu\/#website\"},\"datePublished\":\"2021-03-16T00:00:10+00:00\",\"dateModified\":\"2024-12-13T10:50:20+00:00\",\"breadcrumb\":{\"@id\":\"https:\/\/env-in-cent.hu\/2021\/03\/16\/az-env-in-cent-kft-megkezdte-a-budapest-fovaros-xii-kerulet-hegyvidek-klimastrategiajanak-kidolgozasat\/#breadcrumb\"},\"inLanguage\":\"en-GB\",\"potentialAction\":[{\"@type\":\"ReadAction\",\"target\":[\"https:\/\/env-in-cent.hu\/2021\/03\/16\/az-env-in-cent-kft-megkezdte-a-budapest-fovaros-xii-kerulet-hegyvidek-klimastrategiajanak-kidolgozasat\/\"]}]},{\"@type\":\"BreadcrumbList\",\"@id\":\"https:\/\/env-in-cent.hu\/2021\/03\/16\/az-env-in-cent-kft-megkezdte-a-budapest-fovaros-xii-kerulet-hegyvidek-klimastrategiajanak-kidolgozasat\/#breadcrumb\",\"itemListElement\":[{\"@type\":\"ListItem\",\"position\":1,\"name\":\"Kezd\u0151lap\",\"item\":\"https:\/\/env-in-cent.hu\/\"},{\"@type\":\"ListItem\",\"position\":2,\"name\":\"Az Env-in-Cent Kft. megkezdte a Budapest F\u0151v\u00e1ros XII. ker\u00fclet Hegyvid\u00e9k Kl\u00edmastrat\u00e9gi\u00e1j\u00e1nak kidolgoz\u00e1s\u00e1t.\"}]},{\"@type\":\"WebSite\",\"@id\":\"https:\/\/env-in-cent.hu\/#website\",\"url\":\"https:\/\/env-in-cent.hu\/\",\"name\":\"Env-in-Cent\",\"description\":\"Env-in-Cent K\u00f6rnyezetv\u00e9delmi Tan\u00e1csad\u00f3 Iroda Kft.\",\"publisher\":{\"@id\":\"https:\/\/env-in-cent.hu\/#organization\"},\"potentialAction\":[{\"@type\":\"SearchAction\",\"target\":{\"@type\":\"EntryPoint\",\"urlTemplate\":\"https:\/\/env-in-cent.hu\/?s={search_term_string}\"},\"query-input\":{\"@type\":\"PropertyValueSpecification\",\"valueRequired\":true,\"valueName\":\"search_term_string\"}}],\"inLanguage\":\"en-GB\"},{\"@type\":\"Organization\",\"@id\":\"https:\/\/env-in-cent.hu\/#organization\",\"name\":\"Env-in-Cent\",\"url\":\"https:\/\/env-in-cent.hu\/\",\"logo\":{\"@type\":\"ImageObject\",\"inLanguage\":\"en-GB\",\"@id\":\"https:\/\/env-in-cent.hu\/#\/schema\/logo\/image\/\",\"url\":\"https:\/\/env-in-cent.hu\/wp-content\/uploads\/2024\/11\/logo.jpg\",\"contentUrl\":\"https:\/\/env-in-cent.hu\/wp-content\/uploads\/2024\/11\/logo.jpg\",\"width\":170,\"height\":62,\"caption\":\"Env-in-Cent\"},\"image\":{\"@id\":\"https:\/\/env-in-cent.hu\/#\/schema\/logo\/image\/\"}},{\"@type\":\"Person\",\"@id\":\"https:\/\/env-in-cent.hu\/#\/schema\/person\/5c6f075eba9b22272b90fb3aae13186a\",\"name\":\"admin\",\"image\":{\"@type\":\"ImageObject\",\"inLanguage\":\"en-GB\",\"@id\":\"https:\/\/env-in-cent.hu\/#\/schema\/person\/image\/\",\"url\":\"https:\/\/secure.gravatar.com\/avatar\/f9e2bbe26e4bdee0e476af9928f1659a8a449c95de42e8ad8aa43642d806db7f?s=96&d=mm&r=g\",\"contentUrl\":\"https:\/\/secure.gravatar.com\/avatar\/f9e2bbe26e4bdee0e476af9928f1659a8a449c95de42e8ad8aa43642d806db7f?s=96&d=mm&r=g\",\"caption\":\"admin\"},\"url\":\"https:\/\/env-in-cent.hu\/en\/author\/admin\/\"}]}<\/script>\n<!-- \/ Yoast SEO plugin. -->","yoast_head_json":{"title":"Az Env-in-Cent Kft. megkezdte a Budapest F\u0151v\u00e1ros XII. ker\u00fclet Hegyvid\u00e9k Kl\u00edmastrat\u00e9gi\u00e1j\u00e1nak kidolgoz\u00e1s\u00e1t. - Env-in-Cent","robots":{"index":"noindex","follow":"follow","max-snippet":"max-snippet:-1","max-image-preview":"max-image-preview:large","max-video-preview":"max-video-preview:-1"},"og_locale":"en_GB","og_type":"article","og_title":"Az Env-in-Cent Kft. megkezdte a Budapest F\u0151v\u00e1ros XII. ker\u00fclet Hegyvid\u00e9k Kl\u00edmastrat\u00e9gi\u00e1j\u00e1nak kidolgoz\u00e1s\u00e1t. - Env-in-Cent","og_description":"A Kl\u00edmastrat\u00e9gia megalapoz\u00e1s\u00e1t egy r\u00e9szletes helyzetelemz\u00e9s \u00e9s helyzet\u00e9rt\u00e9kel\u00e9s kidolgoz\u00e1sa teszi lehet\u0151v\u00e9, melynek figyelembev\u00e9tel\u00e9vel SWOT elemz\u00e9s \u00e9s kl\u00edmaszempont\u00fa probl\u00e9mat\u00e9rk\u00e9p k\u00e9sz\u00fcl. A felt\u00e1rt inform\u00e1ci\u00f3kra \u00e9p\u00fcl a Kl\u00edmastrat\u00e9gia c\u00e9lrendszere \u00e9s int\u00e9zked\u00e9si terve.","og_url":"https:\/\/env-in-cent.hu\/en\/2021\/03\/16\/az-env-in-cent-kft-megkezdte-a-budapest-fovaros-xii-kerulet-hegyvidek-klimastrategiajanak-kidolgozasat\/","og_site_name":"Env-in-Cent","article_published_time":"2021-03-16T00:00:10+00:00","article_modified_time":"2024-12-13T10:50:20+00:00","author":"admin","twitter_card":"summary_large_image","twitter_misc":{"Written by":"admin"},"schema":{"@context":"https:\/\/schema.org","@graph":[{"@type":"Article","@id":"https:\/\/env-in-cent.hu\/2021\/03\/16\/az-env-in-cent-kft-megkezdte-a-budapest-fovaros-xii-kerulet-hegyvidek-klimastrategiajanak-kidolgozasat\/#article","isPartOf":{"@id":"https:\/\/env-in-cent.hu\/2021\/03\/16\/az-env-in-cent-kft-megkezdte-a-budapest-fovaros-xii-kerulet-hegyvidek-klimastrategiajanak-kidolgozasat\/"},"author":{"name":"admin","@id":"https:\/\/env-in-cent.hu\/#\/schema\/person\/5c6f075eba9b22272b90fb3aae13186a"},"headline":"Az Env-in-Cent Kft. megkezdte a Budapest F\u0151v\u00e1ros XII. ker\u00fclet Hegyvid\u00e9k Kl\u00edmastrat\u00e9gi\u00e1j\u00e1nak kidolgoz\u00e1s\u00e1t.","datePublished":"2021-03-16T00:00:10+00:00","dateModified":"2024-12-13T10:50:20+00:00","mainEntityOfPage":{"@id":"https:\/\/env-in-cent.hu\/2021\/03\/16\/az-env-in-cent-kft-megkezdte-a-budapest-fovaros-xii-kerulet-hegyvidek-klimastrategiajanak-kidolgozasat\/"},"wordCount":263,"publisher":{"@id":"https:\/\/env-in-cent.hu\/#organization"},"articleSection":["H\u00edrek"],"inLanguage":"en-GB"},{"@type":"WebPage","@id":"https:\/\/env-in-cent.hu\/2021\/03\/16\/az-env-in-cent-kft-megkezdte-a-budapest-fovaros-xii-kerulet-hegyvidek-klimastrategiajanak-kidolgozasat\/","url":"https:\/\/env-in-cent.hu\/2021\/03\/16\/az-env-in-cent-kft-megkezdte-a-budapest-fovaros-xii-kerulet-hegyvidek-klimastrategiajanak-kidolgozasat\/","name":"Az Env-in-Cent Kft. megkezdte a Budapest F\u0151v\u00e1ros XII. ker\u00fclet Hegyvid\u00e9k Kl\u00edmastrat\u00e9gi\u00e1j\u00e1nak kidolgoz\u00e1s\u00e1t. - Env-in-Cent","isPartOf":{"@id":"https:\/\/env-in-cent.hu\/#website"},"datePublished":"2021-03-16T00:00:10+00:00","dateModified":"2024-12-13T10:50:20+00:00","breadcrumb":{"@id":"https:\/\/env-in-cent.hu\/2021\/03\/16\/az-env-in-cent-kft-megkezdte-a-budapest-fovaros-xii-kerulet-hegyvidek-klimastrategiajanak-kidolgozasat\/#breadcrumb"},"inLanguage":"en-GB","potentialAction":[{"@type":"ReadAction","target":["https:\/\/env-in-cent.hu\/2021\/03\/16\/az-env-in-cent-kft-megkezdte-a-budapest-fovaros-xii-kerulet-hegyvidek-klimastrategiajanak-kidolgozasat\/"]}]},{"@type":"BreadcrumbList","@id":"https:\/\/env-in-cent.hu\/2021\/03\/16\/az-env-in-cent-kft-megkezdte-a-budapest-fovaros-xii-kerulet-hegyvidek-klimastrategiajanak-kidolgozasat\/#breadcrumb","itemListElement":[{"@type":"ListItem","position":1,"name":"Kezd\u0151lap","item":"https:\/\/env-in-cent.hu\/"},{"@type":"ListItem","position":2,"name":"Az Env-in-Cent Kft. megkezdte a Budapest F\u0151v\u00e1ros XII. ker\u00fclet Hegyvid\u00e9k Kl\u00edmastrat\u00e9gi\u00e1j\u00e1nak kidolgoz\u00e1s\u00e1t."}]},{"@type":"WebSite","@id":"https:\/\/env-in-cent.hu\/#website","url":"https:\/\/env-in-cent.hu\/","name":"Env-in-Cent","description":"Env-in-Cent K\u00f6rnyezetv\u00e9delmi Tan\u00e1csad\u00f3 Iroda Kft.","publisher":{"@id":"https:\/\/env-in-cent.hu\/#organization"},"potentialAction":[{"@type":"SearchAction","target":{"@type":"EntryPoint","urlTemplate":"https:\/\/env-in-cent.hu\/?s={search_term_string}"},"query-input":{"@type":"PropertyValueSpecification","valueRequired":true,"valueName":"search_term_string"}}],"inLanguage":"en-GB"},{"@type":"Organization","@id":"https:\/\/env-in-cent.hu\/#organization","name":"Env-in-Cent","url":"https:\/\/env-in-cent.hu\/","logo":{"@type":"ImageObject","inLanguage":"en-GB","@id":"https:\/\/env-in-cent.hu\/#\/schema\/logo\/image\/","url":"https:\/\/env-in-cent.hu\/wp-content\/uploads\/2024\/11\/logo.jpg","contentUrl":"https:\/\/env-in-cent.hu\/wp-content\/uploads\/2024\/11\/logo.jpg","width":170,"height":62,"caption":"Env-in-Cent"},"image":{"@id":"https:\/\/env-in-cent.hu\/#\/schema\/logo\/image\/"}},{"@type":"Person","@id":"https:\/\/env-in-cent.hu\/#\/schema\/person\/5c6f075eba9b22272b90fb3aae13186a","name":"admin","image":{"@type":"ImageObject","inLanguage":"en-GB","@id":"https:\/\/env-in-cent.hu\/#\/schema\/person\/image\/","url":"https:\/\/secure.gravatar.com\/avatar\/f9e2bbe26e4bdee0e476af9928f1659a8a449c95de42e8ad8aa43642d806db7f?s=96&d=mm&r=g","contentUrl":"https:\/\/secure.gravatar.com\/avatar\/f9e2bbe26e4bdee0e476af9928f1659a8a449c95de42e8ad8aa43642d806db7f?s=96&d=mm&r=g","caption":"admin"},"url":"https:\/\/env-in-cent.hu\/en\/author\/admin\/"}]}},"_links":{"self":[{"href":"https:\/\/env-in-cent.hu\/en\/wp-json\/wp\/v2\/posts\/684","targetHints":{"allow":["GET"]}}],"collection":[{"href":"https:\/\/env-in-cent.hu\/en\/wp-json\/wp\/v2\/posts"}],"about":[{"href":"https:\/\/env-in-cent.hu\/en\/wp-json\/wp\/v2\/types\/post"}],"author":[{"embeddable":true,"href":"https:\/\/env-in-cent.hu\/en\/wp-json\/wp\/v2\/users\/2"}],"replies":[{"embeddable":true,"href":"https:\/\/env-in-cent.hu\/en\/wp-json\/wp\/v2\/comments?post=684"}],"version-history":[{"count":1,"href":"https:\/\/env-in-cent.hu\/en\/wp-json\/wp\/v2\/posts\/684\/revisions"}],"predecessor-version":[{"id":685,"href":"https:\/\/env-in-cent.hu\/en\/wp-json\/wp\/v2\/posts\/684\/revisions\/685"}],"wp:attachment":[{"href":"https:\/\/env-in-cent.hu\/en\/wp-json\/wp\/v2\/media?parent=684"}],"wp:term":[{"taxonomy":"category","embeddable":true,"href":"https:\/\/env-in-cent.hu\/en\/wp-json\/wp\/v2\/categories?post=684"},{"taxonomy":"post_tag","embeddable":true,"href":"https:\/\/env-in-cent.hu\/en\/wp-json\/wp\/v2\/tags?post=684"}],"curies":[{"name":"wp","href":"https:\/\/api.w.org\/{rel}","templated":true}]}}