{"id":67,"date":"2019-02-28T10:17:00","date_gmt":"2019-02-28T10:17:00","guid":{"rendered":"https:\/\/env-in-cent.hu\/?p=67"},"modified":"2024-12-04T14:58:59","modified_gmt":"2024-12-04T14:58:59","slug":"az-env-in-cent-kft-dolgozta-ki-a-telepulesvezetoi-eghajlati-akademia-koncepcio-es-programtervet","status":"publish","type":"post","link":"https:\/\/env-in-cent.hu\/en\/2019\/02\/28\/az-env-in-cent-kft-dolgozta-ki-a-telepulesvezetoi-eghajlati-akademia-koncepcio-es-programtervet\/","title":{"rendered":"Az Env-in-Cent Kft- dolgozta ki a Telep\u00fcl\u00e9svezet\u0151i \u00c9ghajlati Akad\u00e9mia koncepci\u00f3- \u00e9s programterv\u00e9t"},"content":{"rendered":"<p>A Nemzeti Alkalmazkod\u00e1si T\u00e9rinformatikai Rendszer (NAT\u00e9R) tov\u00e1bbfejleszt\u00e9s\u00e9nek egyik fontos c\u00e9lja az \u00f6nkorm\u00e1nyzatok \u00e9ghajlati alkalmazkod\u00e1ssal \u00e9s dekarboniz\u00e1ci\u00f3val kapcsolatos felk\u00e9sz\u00edt\u00e9se. A Telep\u00fcl\u00e9svezet\u0151i \u00e9ghajlati Akad\u00e9mia (T\u00e9A) koncepci\u00f3 kidolgoz\u00e1s\u00e1t egy attit\u0171d vizsg\u00e1lat el\u0151zte meg, melynek eredm\u00e9nyei alapj\u00e1n ker\u00fcltek megfogalmaz\u00e1sra az \u00e9ghajlatv\u00e1ltoz\u00e1ssal kapcsolatos legfontosabb \u00fczenetek. A Programtervben keret\u00e9ben egy 14 modulb\u00f3l \u00e1ll\u00f3 szakmai \u00f6ssze\u00e1ll\u00edt\u00e1st k\u00e9sz\u00edtett\u00fcnk, amely a NAT\u00e9R felhaszn\u00e1l\u00e1s\u00e1hoz, \u00f6nkorm\u00e1nyzati alkalmaz\u00e1s\u00e1hoz biztos\u00edt szakmai h\u00e1tteret.<\/p>","protected":false},"excerpt":{"rendered":"<p class='Standard'>A Nemzeti Alkalmazkod\u00e1si T\u00e9rinformatikai Rendszer (NAT\u00e9R) tov\u00e1bbfejleszt\u00e9s\u00e9nek egyik fontos c\u00e9lja az \u00f6nkorm\u00e1nyzatok \u00e9ghajlati alkalmazkod\u00e1ssal \u00e9s dekarboniz\u00e1ci\u00f3val kapcsolatos felk\u00e9sz\u00edt\u00e9se. A Telep\u00fcl\u00e9svezet\u0151i \u00e9ghajlati Akad\u00e9mia (T\u00e9A) koncepci\u00f3 kidolgoz\u00e1s\u00e1t egy attit\u0171d vizsg\u00e1lat el\u0151zte meg, melynek eredm\u00e9nyei alapj\u00e1n ker\u00fcltek megfogalmaz\u00e1sra az \u00e9ghajlatv\u00e1ltoz\u00e1ssal kapcsolatos legfontosabb \u00fczenetek. A Programtervben keret\u00e9ben egy 14 modulb\u00f3l \u00e1ll\u00f3 szakmai \u00f6ssze\u00e1ll\u00edt\u00e1st k\u00e9sz\u00edtett\u00fcnk, amely a NAT\u00e9R felhaszn\u00e1l\u00e1s\u00e1hoz, \u00f6nkorm\u00e1nyzati alkalmaz\u00e1s\u00e1hoz biztos\u00edt szakmai h\u00e1tteret.<\/p>","protected":false},"author":1,"featured_media":0,"comment_status":"closed","ping_status":"open","sticky":false,"template":"","format":"standard","meta":{"footnotes":""},"categories":[3],"tags":[],"class_list":["post-67","post","type-post","status-publish","format-standard","hentry","category-hirek"],"yoast_head":"<!-- This site is optimized with the Yoast SEO plugin v23.9 - https:\/\/yoast.com\/wordpress\/plugins\/seo\/ -->\n<title>Az Env-in-Cent Kft- dolgozta ki a Telep\u00fcl\u00e9svezet\u0151i \u00c9ghajlati Akad\u00e9mia koncepci\u00f3- \u00e9s programterv\u00e9t - Env-in-Cent<\/title>\n<meta name=\"robots\" content=\"noindex, follow, max-snippet:-1, max-image-preview:large, max-video-preview:-1\" \/>\n<meta property=\"og:locale\" content=\"en_GB\" \/>\n<meta property=\"og:type\" content=\"article\" \/>\n<meta property=\"og:title\" content=\"Az Env-in-Cent Kft- dolgozta ki a Telep\u00fcl\u00e9svezet\u0151i \u00c9ghajlati Akad\u00e9mia koncepci\u00f3- \u00e9s programterv\u00e9t - Env-in-Cent\" \/>\n<meta property=\"og:description\" content=\"A Nemzeti Alkalmazkod\u00e1si T\u00e9rinformatikai Rendszer (NAT\u00e9R) tov\u00e1bbfejleszt\u00e9s\u00e9nek egyik fontos c\u00e9lja az \u00f6nkorm\u00e1nyzatok \u00e9ghajlati alkalmazkod\u00e1ssal \u00e9s dekarboniz\u00e1ci\u00f3val kapcsolatos felk\u00e9sz\u00edt\u00e9se. A Telep\u00fcl\u00e9svezet\u0151i \u00e9ghajlati Akad\u00e9mia (T\u00e9A) koncepci\u00f3 kidolgoz\u00e1s\u00e1t egy attit\u0171d vizsg\u00e1lat el\u0151zte meg, melynek eredm\u00e9nyei alapj\u00e1n ker\u00fcltek megfogalmaz\u00e1sra az \u00e9ghajlatv\u00e1ltoz\u00e1ssal kapcsolatos legfontosabb \u00fczenetek. A Programtervben keret\u00e9ben egy 14 modulb\u00f3l \u00e1ll\u00f3 szakmai \u00f6ssze\u00e1ll\u00edt\u00e1st k\u00e9sz\u00edtett\u00fcnk, amely a NAT\u00e9R felhaszn\u00e1l\u00e1s\u00e1hoz, \u00f6nkorm\u00e1nyzati alkalmaz\u00e1s\u00e1hoz biztos\u00edt szakmai h\u00e1tteret.\" \/>\n<meta property=\"og:url\" content=\"https:\/\/env-in-cent.hu\/en\/2019\/02\/28\/az-env-in-cent-kft-dolgozta-ki-a-telepulesvezetoi-eghajlati-akademia-koncepcio-es-programtervet\/\" \/>\n<meta property=\"og:site_name\" content=\"Env-in-Cent\" \/>\n<meta property=\"article:published_time\" content=\"2019-02-28T10:17:00+00:00\" \/>\n<meta property=\"article:modified_time\" content=\"2024-12-04T14:58:59+00:00\" \/>\n<meta name=\"author\" content=\"wpadmin\" \/>\n<meta name=\"twitter:card\" content=\"summary_large_image\" \/>\n<meta name=\"twitter:label1\" content=\"Written by\" \/>\n\t<meta name=\"twitter:data1\" content=\"wpadmin\" \/>\n\t<meta name=\"twitter:label2\" content=\"Estimated reading time\" \/>\n\t<meta name=\"twitter:data2\" content=\"1 minute\" \/>\n<script type=\"application\/ld+json\" class=\"yoast-schema-graph\">{\"@context\":\"https:\/\/schema.org\",\"@graph\":[{\"@type\":\"Article\",\"@id\":\"https:\/\/env-in-cent.hu\/2019\/02\/28\/az-env-in-cent-kft-dolgozta-ki-a-telepulesvezetoi-eghajlati-akademia-koncepcio-es-programtervet\/#article\",\"isPartOf\":{\"@id\":\"https:\/\/env-in-cent.hu\/2019\/02\/28\/az-env-in-cent-kft-dolgozta-ki-a-telepulesvezetoi-eghajlati-akademia-koncepcio-es-programtervet\/\"},\"author\":{\"name\":\"wpadmin\",\"@id\":\"https:\/\/env-in-cent.hu\/#\/schema\/person\/08a7dac74c2fe21558e1c2d5031c2286\"},\"headline\":\"Az Env-in-Cent Kft- dolgozta ki a Telep\u00fcl\u00e9svezet\u0151i \u00c9ghajlati Akad\u00e9mia koncepci\u00f3- \u00e9s programterv\u00e9t\",\"datePublished\":\"2019-02-28T10:17:00+00:00\",\"dateModified\":\"2024-12-04T14:58:59+00:00\",\"mainEntityOfPage\":{\"@id\":\"https:\/\/env-in-cent.hu\/2019\/02\/28\/az-env-in-cent-kft-dolgozta-ki-a-telepulesvezetoi-eghajlati-akademia-koncepcio-es-programtervet\/\"},\"wordCount\":123,\"publisher\":{\"@id\":\"https:\/\/env-in-cent.hu\/#organization\"},\"articleSection\":[\"H\u00edrek\"],\"inLanguage\":\"en-GB\"},{\"@type\":\"WebPage\",\"@id\":\"https:\/\/env-in-cent.hu\/2019\/02\/28\/az-env-in-cent-kft-dolgozta-ki-a-telepulesvezetoi-eghajlati-akademia-koncepcio-es-programtervet\/\",\"url\":\"https:\/\/env-in-cent.hu\/2019\/02\/28\/az-env-in-cent-kft-dolgozta-ki-a-telepulesvezetoi-eghajlati-akademia-koncepcio-es-programtervet\/\",\"name\":\"Az Env-in-Cent Kft- dolgozta ki a Telep\u00fcl\u00e9svezet\u0151i \u00c9ghajlati Akad\u00e9mia koncepci\u00f3- \u00e9s programterv\u00e9t - Env-in-Cent\",\"isPartOf\":{\"@id\":\"https:\/\/env-in-cent.hu\/#website\"},\"datePublished\":\"2019-02-28T10:17:00+00:00\",\"dateModified\":\"2024-12-04T14:58:59+00:00\",\"breadcrumb\":{\"@id\":\"https:\/\/env-in-cent.hu\/2019\/02\/28\/az-env-in-cent-kft-dolgozta-ki-a-telepulesvezetoi-eghajlati-akademia-koncepcio-es-programtervet\/#breadcrumb\"},\"inLanguage\":\"en-GB\",\"potentialAction\":[{\"@type\":\"ReadAction\",\"target\":[\"https:\/\/env-in-cent.hu\/2019\/02\/28\/az-env-in-cent-kft-dolgozta-ki-a-telepulesvezetoi-eghajlati-akademia-koncepcio-es-programtervet\/\"]}]},{\"@type\":\"BreadcrumbList\",\"@id\":\"https:\/\/env-in-cent.hu\/2019\/02\/28\/az-env-in-cent-kft-dolgozta-ki-a-telepulesvezetoi-eghajlati-akademia-koncepcio-es-programtervet\/#breadcrumb\",\"itemListElement\":[{\"@type\":\"ListItem\",\"position\":1,\"name\":\"Kezd\u0151lap\",\"item\":\"https:\/\/env-in-cent.hu\/\"},{\"@type\":\"ListItem\",\"position\":2,\"name\":\"Az Env-in-Cent Kft- dolgozta ki a Telep\u00fcl\u00e9svezet\u0151i \u00c9ghajlati Akad\u00e9mia koncepci\u00f3- \u00e9s programterv\u00e9t\"}]},{\"@type\":\"WebSite\",\"@id\":\"https:\/\/env-in-cent.hu\/#website\",\"url\":\"https:\/\/env-in-cent.hu\/\",\"name\":\"Env-in-Cent\",\"description\":\"Env-in-Cent K\u00f6rnyezetv\u00e9delmi Tan\u00e1csad\u00f3 Iroda Kft.\",\"publisher\":{\"@id\":\"https:\/\/env-in-cent.hu\/#organization\"},\"potentialAction\":[{\"@type\":\"SearchAction\",\"target\":{\"@type\":\"EntryPoint\",\"urlTemplate\":\"https:\/\/env-in-cent.hu\/?s={search_term_string}\"},\"query-input\":{\"@type\":\"PropertyValueSpecification\",\"valueRequired\":true,\"valueName\":\"search_term_string\"}}],\"inLanguage\":\"en-GB\"},{\"@type\":\"Organization\",\"@id\":\"https:\/\/env-in-cent.hu\/#organization\",\"name\":\"Env-in-Cent\",\"url\":\"https:\/\/env-in-cent.hu\/\",\"logo\":{\"@type\":\"ImageObject\",\"inLanguage\":\"en-GB\",\"@id\":\"https:\/\/env-in-cent.hu\/#\/schema\/logo\/image\/\",\"url\":\"https:\/\/env-in-cent.hu\/wp-content\/uploads\/2024\/11\/logo.jpg\",\"contentUrl\":\"https:\/\/env-in-cent.hu\/wp-content\/uploads\/2024\/11\/logo.jpg\",\"width\":170,\"height\":62,\"caption\":\"Env-in-Cent\"},\"image\":{\"@id\":\"https:\/\/env-in-cent.hu\/#\/schema\/logo\/image\/\"}},{\"@type\":\"Person\",\"@id\":\"https:\/\/env-in-cent.hu\/#\/schema\/person\/08a7dac74c2fe21558e1c2d5031c2286\",\"name\":\"wpadmin\",\"image\":{\"@type\":\"ImageObject\",\"inLanguage\":\"en-GB\",\"@id\":\"https:\/\/env-in-cent.hu\/#\/schema\/person\/image\/\",\"url\":\"https:\/\/secure.gravatar.com\/avatar\/53a24cf06dbef3f89a60c98c61552040977719f05381b5a07034a7748ee6e029?s=96&d=mm&r=g\",\"contentUrl\":\"https:\/\/secure.gravatar.com\/avatar\/53a24cf06dbef3f89a60c98c61552040977719f05381b5a07034a7748ee6e029?s=96&d=mm&r=g\",\"caption\":\"wpadmin\"},\"sameAs\":[\"https:\/\/env-in-cent.hu\"],\"url\":\"https:\/\/env-in-cent.hu\/en\/author\/wpadmin\/\"}]}<\/script>\n<!-- \/ Yoast SEO plugin. -->","yoast_head_json":{"title":"Az Env-in-Cent Kft- dolgozta ki a Telep\u00fcl\u00e9svezet\u0151i \u00c9ghajlati Akad\u00e9mia koncepci\u00f3- \u00e9s programterv\u00e9t - Env-in-Cent","robots":{"index":"noindex","follow":"follow","max-snippet":"max-snippet:-1","max-image-preview":"max-image-preview:large","max-video-preview":"max-video-preview:-1"},"og_locale":"en_GB","og_type":"article","og_title":"Az Env-in-Cent Kft- dolgozta ki a Telep\u00fcl\u00e9svezet\u0151i \u00c9ghajlati Akad\u00e9mia koncepci\u00f3- \u00e9s programterv\u00e9t - Env-in-Cent","og_description":"A Nemzeti Alkalmazkod\u00e1si T\u00e9rinformatikai Rendszer (NAT\u00e9R) tov\u00e1bbfejleszt\u00e9s\u00e9nek egyik fontos c\u00e9lja az \u00f6nkorm\u00e1nyzatok \u00e9ghajlati alkalmazkod\u00e1ssal \u00e9s dekarboniz\u00e1ci\u00f3val kapcsolatos felk\u00e9sz\u00edt\u00e9se. A Telep\u00fcl\u00e9svezet\u0151i \u00e9ghajlati Akad\u00e9mia (T\u00e9A) koncepci\u00f3 kidolgoz\u00e1s\u00e1t egy attit\u0171d vizsg\u00e1lat el\u0151zte meg, melynek eredm\u00e9nyei alapj\u00e1n ker\u00fcltek megfogalmaz\u00e1sra az \u00e9ghajlatv\u00e1ltoz\u00e1ssal kapcsolatos legfontosabb \u00fczenetek. A Programtervben keret\u00e9ben egy 14 modulb\u00f3l \u00e1ll\u00f3 szakmai \u00f6ssze\u00e1ll\u00edt\u00e1st k\u00e9sz\u00edtett\u00fcnk, amely a NAT\u00e9R felhaszn\u00e1l\u00e1s\u00e1hoz, \u00f6nkorm\u00e1nyzati alkalmaz\u00e1s\u00e1hoz biztos\u00edt szakmai h\u00e1tteret.","og_url":"https:\/\/env-in-cent.hu\/en\/2019\/02\/28\/az-env-in-cent-kft-dolgozta-ki-a-telepulesvezetoi-eghajlati-akademia-koncepcio-es-programtervet\/","og_site_name":"Env-in-Cent","article_published_time":"2019-02-28T10:17:00+00:00","article_modified_time":"2024-12-04T14:58:59+00:00","author":"wpadmin","twitter_card":"summary_large_image","twitter_misc":{"Written by":"wpadmin","Estimated reading time":"1 minute"},"schema":{"@context":"https:\/\/schema.org","@graph":[{"@type":"Article","@id":"https:\/\/env-in-cent.hu\/2019\/02\/28\/az-env-in-cent-kft-dolgozta-ki-a-telepulesvezetoi-eghajlati-akademia-koncepcio-es-programtervet\/#article","isPartOf":{"@id":"https:\/\/env-in-cent.hu\/2019\/02\/28\/az-env-in-cent-kft-dolgozta-ki-a-telepulesvezetoi-eghajlati-akademia-koncepcio-es-programtervet\/"},"author":{"name":"wpadmin","@id":"https:\/\/env-in-cent.hu\/#\/schema\/person\/08a7dac74c2fe21558e1c2d5031c2286"},"headline":"Az Env-in-Cent Kft- dolgozta ki a Telep\u00fcl\u00e9svezet\u0151i \u00c9ghajlati Akad\u00e9mia koncepci\u00f3- \u00e9s programterv\u00e9t","datePublished":"2019-02-28T10:17:00+00:00","dateModified":"2024-12-04T14:58:59+00:00","mainEntityOfPage":{"@id":"https:\/\/env-in-cent.hu\/2019\/02\/28\/az-env-in-cent-kft-dolgozta-ki-a-telepulesvezetoi-eghajlati-akademia-koncepcio-es-programtervet\/"},"wordCount":123,"publisher":{"@id":"https:\/\/env-in-cent.hu\/#organization"},"articleSection":["H\u00edrek"],"inLanguage":"en-GB"},{"@type":"WebPage","@id":"https:\/\/env-in-cent.hu\/2019\/02\/28\/az-env-in-cent-kft-dolgozta-ki-a-telepulesvezetoi-eghajlati-akademia-koncepcio-es-programtervet\/","url":"https:\/\/env-in-cent.hu\/2019\/02\/28\/az-env-in-cent-kft-dolgozta-ki-a-telepulesvezetoi-eghajlati-akademia-koncepcio-es-programtervet\/","name":"Az Env-in-Cent Kft- dolgozta ki a Telep\u00fcl\u00e9svezet\u0151i \u00c9ghajlati Akad\u00e9mia koncepci\u00f3- \u00e9s programterv\u00e9t - Env-in-Cent","isPartOf":{"@id":"https:\/\/env-in-cent.hu\/#website"},"datePublished":"2019-02-28T10:17:00+00:00","dateModified":"2024-12-04T14:58:59+00:00","breadcrumb":{"@id":"https:\/\/env-in-cent.hu\/2019\/02\/28\/az-env-in-cent-kft-dolgozta-ki-a-telepulesvezetoi-eghajlati-akademia-koncepcio-es-programtervet\/#breadcrumb"},"inLanguage":"en-GB","potentialAction":[{"@type":"ReadAction","target":["https:\/\/env-in-cent.hu\/2019\/02\/28\/az-env-in-cent-kft-dolgozta-ki-a-telepulesvezetoi-eghajlati-akademia-koncepcio-es-programtervet\/"]}]},{"@type":"BreadcrumbList","@id":"https:\/\/env-in-cent.hu\/2019\/02\/28\/az-env-in-cent-kft-dolgozta-ki-a-telepulesvezetoi-eghajlati-akademia-koncepcio-es-programtervet\/#breadcrumb","itemListElement":[{"@type":"ListItem","position":1,"name":"Kezd\u0151lap","item":"https:\/\/env-in-cent.hu\/"},{"@type":"ListItem","position":2,"name":"Az Env-in-Cent Kft- dolgozta ki a Telep\u00fcl\u00e9svezet\u0151i \u00c9ghajlati Akad\u00e9mia koncepci\u00f3- \u00e9s programterv\u00e9t"}]},{"@type":"WebSite","@id":"https:\/\/env-in-cent.hu\/#website","url":"https:\/\/env-in-cent.hu\/","name":"Env-in-Cent","description":"Env-in-Cent K\u00f6rnyezetv\u00e9delmi Tan\u00e1csad\u00f3 Iroda Kft.","publisher":{"@id":"https:\/\/env-in-cent.hu\/#organization"},"potentialAction":[{"@type":"SearchAction","target":{"@type":"EntryPoint","urlTemplate":"https:\/\/env-in-cent.hu\/?s={search_term_string}"},"query-input":{"@type":"PropertyValueSpecification","valueRequired":true,"valueName":"search_term_string"}}],"inLanguage":"en-GB"},{"@type":"Organization","@id":"https:\/\/env-in-cent.hu\/#organization","name":"Env-in-Cent","url":"https:\/\/env-in-cent.hu\/","logo":{"@type":"ImageObject","inLanguage":"en-GB","@id":"https:\/\/env-in-cent.hu\/#\/schema\/logo\/image\/","url":"https:\/\/env-in-cent.hu\/wp-content\/uploads\/2024\/11\/logo.jpg","contentUrl":"https:\/\/env-in-cent.hu\/wp-content\/uploads\/2024\/11\/logo.jpg","width":170,"height":62,"caption":"Env-in-Cent"},"image":{"@id":"https:\/\/env-in-cent.hu\/#\/schema\/logo\/image\/"}},{"@type":"Person","@id":"https:\/\/env-in-cent.hu\/#\/schema\/person\/08a7dac74c2fe21558e1c2d5031c2286","name":"wpadmin","image":{"@type":"ImageObject","inLanguage":"en-GB","@id":"https:\/\/env-in-cent.hu\/#\/schema\/person\/image\/","url":"https:\/\/secure.gravatar.com\/avatar\/53a24cf06dbef3f89a60c98c61552040977719f05381b5a07034a7748ee6e029?s=96&d=mm&r=g","contentUrl":"https:\/\/secure.gravatar.com\/avatar\/53a24cf06dbef3f89a60c98c61552040977719f05381b5a07034a7748ee6e029?s=96&d=mm&r=g","caption":"wpadmin"},"sameAs":["https:\/\/env-in-cent.hu"],"url":"https:\/\/env-in-cent.hu\/en\/author\/wpadmin\/"}]}},"_links":{"self":[{"href":"https:\/\/env-in-cent.hu\/en\/wp-json\/wp\/v2\/posts\/67","targetHints":{"allow":["GET"]}}],"collection":[{"href":"https:\/\/env-in-cent.hu\/en\/wp-json\/wp\/v2\/posts"}],"about":[{"href":"https:\/\/env-in-cent.hu\/en\/wp-json\/wp\/v2\/types\/post"}],"author":[{"embeddable":true,"href":"https:\/\/env-in-cent.hu\/en\/wp-json\/wp\/v2\/users\/1"}],"replies":[{"embeddable":true,"href":"https:\/\/env-in-cent.hu\/en\/wp-json\/wp\/v2\/comments?post=67"}],"version-history":[{"count":2,"href":"https:\/\/env-in-cent.hu\/en\/wp-json\/wp\/v2\/posts\/67\/revisions"}],"predecessor-version":[{"id":419,"href":"https:\/\/env-in-cent.hu\/en\/wp-json\/wp\/v2\/posts\/67\/revisions\/419"}],"wp:attachment":[{"href":"https:\/\/env-in-cent.hu\/en\/wp-json\/wp\/v2\/media?parent=67"}],"wp:term":[{"taxonomy":"category","embeddable":true,"href":"https:\/\/env-in-cent.hu\/en\/wp-json\/wp\/v2\/categories?post=67"},{"taxonomy":"post_tag","embeddable":true,"href":"https:\/\/env-in-cent.hu\/en\/wp-json\/wp\/v2\/tags?post=67"}],"curies":[{"name":"wp","href":"https:\/\/api.w.org\/{rel}","templated":true}]}}