{"id":66,"date":"2020-11-15T17:42:00","date_gmt":"2020-11-15T17:42:00","guid":{"rendered":"https:\/\/env-in-cent.hu\/?p=66"},"modified":"2024-12-04T14:39:14","modified_gmt":"2024-12-04T14:39:14","slug":"fenntarthatosagi-jelentes-keszul-az-atev-zrt-reszere","status":"publish","type":"post","link":"https:\/\/env-in-cent.hu\/en\/2020\/11\/15\/fenntarthatosagi-jelentes-keszul-az-atev-zrt-reszere\/","title":{"rendered":"Fenntarthat\u00f3s\u00e1gi Jelent\u00e9s k\u00e9sz\u00fcl az ATEV Zrt- r\u00e9sz\u00e9re"},"content":{"rendered":"<p>Az Env-in-Cent Kft. szakmai vezet\u00e9s\u00e9vel a k\u00f6rforg\u00e1sos gazdas\u00e1g, a term\u00e9szeti er\u0151forr\u00e1sokkal val\u00f3 takar\u00e9kos gazd\u00e1lkod\u00e1s valamint az emberi eg\u00e9szs\u00e9g meg\u00f3v\u00e1s\u00e1t t\u00e1mogat\u00f3 fenntarthat\u00f3s\u00e1gi jelent\u00e9s k\u00e9sz\u00fcl az ATEV Zrt. r\u00e9sz\u00e9re.<\/p>\n\n\n\n<p>A Fenntarthat\u00f3s\u00e1gi Jelent\u00e9s t\u00f6bbek k\u00f6z\u00f6tt monitoringra alkalmas indik\u00e1torokkal mutatja be a v\u00e1llalat fenntarthat\u00f3s\u00e1g fel\u00e9 val\u00f3 \u00e1tmenet\u00e9nek helyzet\u00e9t, v\u00e9grehajthat\u00f3, nyomonk\u00f6vethet\u0151 c\u00e9lokat t\u0171z ki fenntarthat\u00f3s\u00e1gi teljes\u00edtm\u00e9ny\u00e9nek jav\u00edt\u00e1s\u00e1ra valamint k\u00f6z\u00e9rthet\u0151, \u00e1tl\u00e1that\u00f3 inform\u00e1ci\u00f3kat ad partnerei \u00e9s a sz\u00e9lesebb k\u00f6zv\u00e9lem\u00e9ny sz\u00e1m\u00e1ra.<\/p>","protected":false},"excerpt":{"rendered":"<p class='Textbody'><span style='text-align: justify;'>Az Env-in-Cent Kft. szakmai vezet\u00e9s\u00e9vel a k\u00f6rforg\u00e1sos gazdas\u00e1g, a term\u00e9szeti er\u0151forr\u00e1sokkal val\u00f3 takar\u00e9kos gazd\u00e1lkod\u00e1s valamint az emberi eg\u00e9szs\u00e9g meg\u00f3v\u00e1s\u00e1t t\u00e1mogat\u00f3 fenntarthat\u00f3s\u00e1gi jelent\u00e9s k\u00e9sz\u00fcl az ATEV Zrt. r\u00e9sz\u00e9re.<\/span><\/p>\n<p style='text-align: justify;'>A Fenntarthat\u00f3s\u00e1gi Jelent\u00e9s t\u00f6bbek k\u00f6z\u00f6tt monitoringra alkalmas indik\u00e1torokkal mutatja be a v\u00e1llalat fenntarthat\u00f3s\u00e1g fel\u00e9 val\u00f3 \u00e1tmenet\u00e9nek helyzet\u00e9t, v\u00e9grehajthat\u00f3, nyomonk\u00f6vethet\u0151 c\u00e9lokat t\u0171z ki fenntarthat\u00f3s\u00e1gi teljes\u00edtm\u00e9ny\u00e9nek jav\u00edt\u00e1s\u00e1ra valamint k\u00f6z\u00e9rthet\u0151, \u00e1tl\u00e1that\u00f3 inform\u00e1ci\u00f3kat ad partnerei \u00e9s a sz\u00e9lesebb k\u00f6zv\u00e9lem\u00e9ny sz\u00e1m\u00e1ra.<\/p>","protected":false},"author":1,"featured_media":0,"comment_status":"closed","ping_status":"open","sticky":false,"template":"","format":"standard","meta":{"footnotes":""},"categories":[3],"tags":[],"class_list":["post-66","post","type-post","status-publish","format-standard","hentry","category-hirek"],"yoast_head":"<!-- This site is optimized with the Yoast SEO plugin v23.9 - https:\/\/yoast.com\/wordpress\/plugins\/seo\/ -->\n<title>Fenntarthat\u00f3s\u00e1gi Jelent\u00e9s k\u00e9sz\u00fcl az ATEV Zrt- r\u00e9sz\u00e9re - Env-in-Cent<\/title>\n<meta name=\"robots\" content=\"noindex, follow, max-snippet:-1, max-image-preview:large, max-video-preview:-1\" \/>\n<meta property=\"og:locale\" content=\"en_GB\" \/>\n<meta property=\"og:type\" content=\"article\" \/>\n<meta property=\"og:title\" content=\"Fenntarthat\u00f3s\u00e1gi Jelent\u00e9s k\u00e9sz\u00fcl az ATEV Zrt- r\u00e9sz\u00e9re - Env-in-Cent\" \/>\n<meta property=\"og:description\" content=\"Az Env-in-Cent Kft. szakmai vezet\u00e9s\u00e9vel a k\u00f6rforg\u00e1sos gazdas\u00e1g, a term\u00e9szeti er\u0151forr\u00e1sokkal val\u00f3 takar\u00e9kos gazd\u00e1lkod\u00e1s valamint az emberi eg\u00e9szs\u00e9g meg\u00f3v\u00e1s\u00e1t t\u00e1mogat\u00f3 fenntarthat\u00f3s\u00e1gi jelent\u00e9s k\u00e9sz\u00fcl az ATEV Zrt. r\u00e9sz\u00e9re.A Fenntarthat\u00f3s\u00e1gi Jelent\u00e9s t\u00f6bbek k\u00f6z\u00f6tt monitoringra alkalmas indik\u00e1torokkal mutatja be a v\u00e1llalat fenntarthat\u00f3s\u00e1g fel\u00e9 val\u00f3 \u00e1tmenet\u00e9nek helyzet\u00e9t, v\u00e9grehajthat\u00f3, nyomonk\u00f6vethet\u0151 c\u00e9lokat t\u0171z ki fenntarthat\u00f3s\u00e1gi teljes\u00edtm\u00e9ny\u00e9nek jav\u00edt\u00e1s\u00e1ra valamint k\u00f6z\u00e9rthet\u0151, \u00e1tl\u00e1that\u00f3 inform\u00e1ci\u00f3kat ad partnerei \u00e9s a sz\u00e9lesebb k\u00f6zv\u00e9lem\u00e9ny sz\u00e1m\u00e1ra.\" \/>\n<meta property=\"og:url\" content=\"https:\/\/env-in-cent.hu\/en\/2020\/11\/15\/fenntarthatosagi-jelentes-keszul-az-atev-zrt-reszere\/\" \/>\n<meta property=\"og:site_name\" content=\"Env-in-Cent\" \/>\n<meta property=\"article:published_time\" content=\"2020-11-15T17:42:00+00:00\" \/>\n<meta property=\"article:modified_time\" content=\"2024-12-04T14:39:14+00:00\" \/>\n<meta name=\"author\" content=\"wpadmin\" \/>\n<meta name=\"twitter:card\" content=\"summary_large_image\" \/>\n<meta name=\"twitter:label1\" content=\"Written by\" \/>\n\t<meta name=\"twitter:data1\" content=\"wpadmin\" \/>\n\t<meta name=\"twitter:label2\" content=\"Estimated reading time\" \/>\n\t<meta name=\"twitter:data2\" content=\"1 minute\" \/>\n<script type=\"application\/ld+json\" class=\"yoast-schema-graph\">{\"@context\":\"https:\/\/schema.org\",\"@graph\":[{\"@type\":\"Article\",\"@id\":\"https:\/\/env-in-cent.hu\/2020\/11\/15\/fenntarthatosagi-jelentes-keszul-az-atev-zrt-reszere\/#article\",\"isPartOf\":{\"@id\":\"https:\/\/env-in-cent.hu\/2020\/11\/15\/fenntarthatosagi-jelentes-keszul-az-atev-zrt-reszere\/\"},\"author\":{\"name\":\"wpadmin\",\"@id\":\"https:\/\/env-in-cent.hu\/#\/schema\/person\/08a7dac74c2fe21558e1c2d5031c2286\"},\"headline\":\"Fenntarthat\u00f3s\u00e1gi Jelent\u00e9s k\u00e9sz\u00fcl az ATEV Zrt- r\u00e9sz\u00e9re\",\"datePublished\":\"2020-11-15T17:42:00+00:00\",\"dateModified\":\"2024-12-04T14:39:14+00:00\",\"mainEntityOfPage\":{\"@id\":\"https:\/\/env-in-cent.hu\/2020\/11\/15\/fenntarthatosagi-jelentes-keszul-az-atev-zrt-reszere\/\"},\"wordCount\":136,\"publisher\":{\"@id\":\"https:\/\/env-in-cent.hu\/#organization\"},\"articleSection\":[\"H\u00edrek\"],\"inLanguage\":\"en-GB\"},{\"@type\":\"WebPage\",\"@id\":\"https:\/\/env-in-cent.hu\/2020\/11\/15\/fenntarthatosagi-jelentes-keszul-az-atev-zrt-reszere\/\",\"url\":\"https:\/\/env-in-cent.hu\/2020\/11\/15\/fenntarthatosagi-jelentes-keszul-az-atev-zrt-reszere\/\",\"name\":\"Fenntarthat\u00f3s\u00e1gi Jelent\u00e9s k\u00e9sz\u00fcl az ATEV Zrt- r\u00e9sz\u00e9re - Env-in-Cent\",\"isPartOf\":{\"@id\":\"https:\/\/env-in-cent.hu\/#website\"},\"datePublished\":\"2020-11-15T17:42:00+00:00\",\"dateModified\":\"2024-12-04T14:39:14+00:00\",\"breadcrumb\":{\"@id\":\"https:\/\/env-in-cent.hu\/2020\/11\/15\/fenntarthatosagi-jelentes-keszul-az-atev-zrt-reszere\/#breadcrumb\"},\"inLanguage\":\"en-GB\",\"potentialAction\":[{\"@type\":\"ReadAction\",\"target\":[\"https:\/\/env-in-cent.hu\/2020\/11\/15\/fenntarthatosagi-jelentes-keszul-az-atev-zrt-reszere\/\"]}]},{\"@type\":\"BreadcrumbList\",\"@id\":\"https:\/\/env-in-cent.hu\/2020\/11\/15\/fenntarthatosagi-jelentes-keszul-az-atev-zrt-reszere\/#breadcrumb\",\"itemListElement\":[{\"@type\":\"ListItem\",\"position\":1,\"name\":\"Kezd\u0151lap\",\"item\":\"https:\/\/env-in-cent.hu\/\"},{\"@type\":\"ListItem\",\"position\":2,\"name\":\"Fenntarthat\u00f3s\u00e1gi Jelent\u00e9s k\u00e9sz\u00fcl az ATEV Zrt- r\u00e9sz\u00e9re\"}]},{\"@type\":\"WebSite\",\"@id\":\"https:\/\/env-in-cent.hu\/#website\",\"url\":\"https:\/\/env-in-cent.hu\/\",\"name\":\"Env-in-Cent\",\"description\":\"Env-in-Cent K\u00f6rnyezetv\u00e9delmi Tan\u00e1csad\u00f3 Iroda Kft.\",\"publisher\":{\"@id\":\"https:\/\/env-in-cent.hu\/#organization\"},\"potentialAction\":[{\"@type\":\"SearchAction\",\"target\":{\"@type\":\"EntryPoint\",\"urlTemplate\":\"https:\/\/env-in-cent.hu\/?s={search_term_string}\"},\"query-input\":{\"@type\":\"PropertyValueSpecification\",\"valueRequired\":true,\"valueName\":\"search_term_string\"}}],\"inLanguage\":\"en-GB\"},{\"@type\":\"Organization\",\"@id\":\"https:\/\/env-in-cent.hu\/#organization\",\"name\":\"Env-in-Cent\",\"url\":\"https:\/\/env-in-cent.hu\/\",\"logo\":{\"@type\":\"ImageObject\",\"inLanguage\":\"en-GB\",\"@id\":\"https:\/\/env-in-cent.hu\/#\/schema\/logo\/image\/\",\"url\":\"https:\/\/env-in-cent.hu\/wp-content\/uploads\/2024\/11\/logo.jpg\",\"contentUrl\":\"https:\/\/env-in-cent.hu\/wp-content\/uploads\/2024\/11\/logo.jpg\",\"width\":170,\"height\":62,\"caption\":\"Env-in-Cent\"},\"image\":{\"@id\":\"https:\/\/env-in-cent.hu\/#\/schema\/logo\/image\/\"}},{\"@type\":\"Person\",\"@id\":\"https:\/\/env-in-cent.hu\/#\/schema\/person\/08a7dac74c2fe21558e1c2d5031c2286\",\"name\":\"wpadmin\",\"image\":{\"@type\":\"ImageObject\",\"inLanguage\":\"en-GB\",\"@id\":\"https:\/\/env-in-cent.hu\/#\/schema\/person\/image\/\",\"url\":\"https:\/\/secure.gravatar.com\/avatar\/53a24cf06dbef3f89a60c98c61552040977719f05381b5a07034a7748ee6e029?s=96&d=mm&r=g\",\"contentUrl\":\"https:\/\/secure.gravatar.com\/avatar\/53a24cf06dbef3f89a60c98c61552040977719f05381b5a07034a7748ee6e029?s=96&d=mm&r=g\",\"caption\":\"wpadmin\"},\"sameAs\":[\"https:\/\/env-in-cent.hu\"],\"url\":\"https:\/\/env-in-cent.hu\/en\/author\/wpadmin\/\"}]}<\/script>\n<!-- \/ Yoast SEO plugin. -->","yoast_head_json":{"title":"Fenntarthat\u00f3s\u00e1gi Jelent\u00e9s k\u00e9sz\u00fcl az ATEV Zrt- r\u00e9sz\u00e9re - Env-in-Cent","robots":{"index":"noindex","follow":"follow","max-snippet":"max-snippet:-1","max-image-preview":"max-image-preview:large","max-video-preview":"max-video-preview:-1"},"og_locale":"en_GB","og_type":"article","og_title":"Fenntarthat\u00f3s\u00e1gi Jelent\u00e9s k\u00e9sz\u00fcl az ATEV Zrt- r\u00e9sz\u00e9re - Env-in-Cent","og_description":"Az Env-in-Cent Kft. szakmai vezet\u00e9s\u00e9vel a k\u00f6rforg\u00e1sos gazdas\u00e1g, a term\u00e9szeti er\u0151forr\u00e1sokkal val\u00f3 takar\u00e9kos gazd\u00e1lkod\u00e1s valamint az emberi eg\u00e9szs\u00e9g meg\u00f3v\u00e1s\u00e1t t\u00e1mogat\u00f3 fenntarthat\u00f3s\u00e1gi jelent\u00e9s k\u00e9sz\u00fcl az ATEV Zrt. r\u00e9sz\u00e9re.A Fenntarthat\u00f3s\u00e1gi Jelent\u00e9s t\u00f6bbek k\u00f6z\u00f6tt monitoringra alkalmas indik\u00e1torokkal mutatja be a v\u00e1llalat fenntarthat\u00f3s\u00e1g fel\u00e9 val\u00f3 \u00e1tmenet\u00e9nek helyzet\u00e9t, v\u00e9grehajthat\u00f3, nyomonk\u00f6vethet\u0151 c\u00e9lokat t\u0171z ki fenntarthat\u00f3s\u00e1gi teljes\u00edtm\u00e9ny\u00e9nek jav\u00edt\u00e1s\u00e1ra valamint k\u00f6z\u00e9rthet\u0151, \u00e1tl\u00e1that\u00f3 inform\u00e1ci\u00f3kat ad partnerei \u00e9s a sz\u00e9lesebb k\u00f6zv\u00e9lem\u00e9ny sz\u00e1m\u00e1ra.","og_url":"https:\/\/env-in-cent.hu\/en\/2020\/11\/15\/fenntarthatosagi-jelentes-keszul-az-atev-zrt-reszere\/","og_site_name":"Env-in-Cent","article_published_time":"2020-11-15T17:42:00+00:00","article_modified_time":"2024-12-04T14:39:14+00:00","author":"wpadmin","twitter_card":"summary_large_image","twitter_misc":{"Written by":"wpadmin","Estimated reading time":"1 minute"},"schema":{"@context":"https:\/\/schema.org","@graph":[{"@type":"Article","@id":"https:\/\/env-in-cent.hu\/2020\/11\/15\/fenntarthatosagi-jelentes-keszul-az-atev-zrt-reszere\/#article","isPartOf":{"@id":"https:\/\/env-in-cent.hu\/2020\/11\/15\/fenntarthatosagi-jelentes-keszul-az-atev-zrt-reszere\/"},"author":{"name":"wpadmin","@id":"https:\/\/env-in-cent.hu\/#\/schema\/person\/08a7dac74c2fe21558e1c2d5031c2286"},"headline":"Fenntarthat\u00f3s\u00e1gi Jelent\u00e9s k\u00e9sz\u00fcl az ATEV Zrt- r\u00e9sz\u00e9re","datePublished":"2020-11-15T17:42:00+00:00","dateModified":"2024-12-04T14:39:14+00:00","mainEntityOfPage":{"@id":"https:\/\/env-in-cent.hu\/2020\/11\/15\/fenntarthatosagi-jelentes-keszul-az-atev-zrt-reszere\/"},"wordCount":136,"publisher":{"@id":"https:\/\/env-in-cent.hu\/#organization"},"articleSection":["H\u00edrek"],"inLanguage":"en-GB"},{"@type":"WebPage","@id":"https:\/\/env-in-cent.hu\/2020\/11\/15\/fenntarthatosagi-jelentes-keszul-az-atev-zrt-reszere\/","url":"https:\/\/env-in-cent.hu\/2020\/11\/15\/fenntarthatosagi-jelentes-keszul-az-atev-zrt-reszere\/","name":"Fenntarthat\u00f3s\u00e1gi Jelent\u00e9s k\u00e9sz\u00fcl az ATEV Zrt- r\u00e9sz\u00e9re - Env-in-Cent","isPartOf":{"@id":"https:\/\/env-in-cent.hu\/#website"},"datePublished":"2020-11-15T17:42:00+00:00","dateModified":"2024-12-04T14:39:14+00:00","breadcrumb":{"@id":"https:\/\/env-in-cent.hu\/2020\/11\/15\/fenntarthatosagi-jelentes-keszul-az-atev-zrt-reszere\/#breadcrumb"},"inLanguage":"en-GB","potentialAction":[{"@type":"ReadAction","target":["https:\/\/env-in-cent.hu\/2020\/11\/15\/fenntarthatosagi-jelentes-keszul-az-atev-zrt-reszere\/"]}]},{"@type":"BreadcrumbList","@id":"https:\/\/env-in-cent.hu\/2020\/11\/15\/fenntarthatosagi-jelentes-keszul-az-atev-zrt-reszere\/#breadcrumb","itemListElement":[{"@type":"ListItem","position":1,"name":"Kezd\u0151lap","item":"https:\/\/env-in-cent.hu\/"},{"@type":"ListItem","position":2,"name":"Fenntarthat\u00f3s\u00e1gi Jelent\u00e9s k\u00e9sz\u00fcl az ATEV Zrt- r\u00e9sz\u00e9re"}]},{"@type":"WebSite","@id":"https:\/\/env-in-cent.hu\/#website","url":"https:\/\/env-in-cent.hu\/","name":"Env-in-Cent","description":"Env-in-Cent K\u00f6rnyezetv\u00e9delmi Tan\u00e1csad\u00f3 Iroda Kft.","publisher":{"@id":"https:\/\/env-in-cent.hu\/#organization"},"potentialAction":[{"@type":"SearchAction","target":{"@type":"EntryPoint","urlTemplate":"https:\/\/env-in-cent.hu\/?s={search_term_string}"},"query-input":{"@type":"PropertyValueSpecification","valueRequired":true,"valueName":"search_term_string"}}],"inLanguage":"en-GB"},{"@type":"Organization","@id":"https:\/\/env-in-cent.hu\/#organization","name":"Env-in-Cent","url":"https:\/\/env-in-cent.hu\/","logo":{"@type":"ImageObject","inLanguage":"en-GB","@id":"https:\/\/env-in-cent.hu\/#\/schema\/logo\/image\/","url":"https:\/\/env-in-cent.hu\/wp-content\/uploads\/2024\/11\/logo.jpg","contentUrl":"https:\/\/env-in-cent.hu\/wp-content\/uploads\/2024\/11\/logo.jpg","width":170,"height":62,"caption":"Env-in-Cent"},"image":{"@id":"https:\/\/env-in-cent.hu\/#\/schema\/logo\/image\/"}},{"@type":"Person","@id":"https:\/\/env-in-cent.hu\/#\/schema\/person\/08a7dac74c2fe21558e1c2d5031c2286","name":"wpadmin","image":{"@type":"ImageObject","inLanguage":"en-GB","@id":"https:\/\/env-in-cent.hu\/#\/schema\/person\/image\/","url":"https:\/\/secure.gravatar.com\/avatar\/53a24cf06dbef3f89a60c98c61552040977719f05381b5a07034a7748ee6e029?s=96&d=mm&r=g","contentUrl":"https:\/\/secure.gravatar.com\/avatar\/53a24cf06dbef3f89a60c98c61552040977719f05381b5a07034a7748ee6e029?s=96&d=mm&r=g","caption":"wpadmin"},"sameAs":["https:\/\/env-in-cent.hu"],"url":"https:\/\/env-in-cent.hu\/en\/author\/wpadmin\/"}]}},"_links":{"self":[{"href":"https:\/\/env-in-cent.hu\/en\/wp-json\/wp\/v2\/posts\/66","targetHints":{"allow":["GET"]}}],"collection":[{"href":"https:\/\/env-in-cent.hu\/en\/wp-json\/wp\/v2\/posts"}],"about":[{"href":"https:\/\/env-in-cent.hu\/en\/wp-json\/wp\/v2\/types\/post"}],"author":[{"embeddable":true,"href":"https:\/\/env-in-cent.hu\/en\/wp-json\/wp\/v2\/users\/1"}],"replies":[{"embeddable":true,"href":"https:\/\/env-in-cent.hu\/en\/wp-json\/wp\/v2\/comments?post=66"}],"version-history":[{"count":3,"href":"https:\/\/env-in-cent.hu\/en\/wp-json\/wp\/v2\/posts\/66\/revisions"}],"predecessor-version":[{"id":412,"href":"https:\/\/env-in-cent.hu\/en\/wp-json\/wp\/v2\/posts\/66\/revisions\/412"}],"wp:attachment":[{"href":"https:\/\/env-in-cent.hu\/en\/wp-json\/wp\/v2\/media?parent=66"}],"wp:term":[{"taxonomy":"category","embeddable":true,"href":"https:\/\/env-in-cent.hu\/en\/wp-json\/wp\/v2\/categories?post=66"},{"taxonomy":"post_tag","embeddable":true,"href":"https:\/\/env-in-cent.hu\/en\/wp-json\/wp\/v2\/tags?post=66"}],"curies":[{"name":"wp","href":"https:\/\/api.w.org\/{rel}","templated":true}]}}