{"id":64,"date":"2020-02-20T10:52:00","date_gmt":"2020-02-20T10:52:00","guid":{"rendered":"https:\/\/env-in-cent.hu\/?p=64"},"modified":"2024-12-04T14:57:35","modified_gmt":"2024-12-04T14:57:35","slug":"az-env-in-cent-kft-klimaertekelesi-modszertant-dolgozott-ki","status":"publish","type":"post","link":"https:\/\/env-in-cent.hu\/en\/2020\/02\/20\/az-env-in-cent-kft-klimaertekelesi-modszertant-dolgozott-ki\/","title":{"rendered":"Az Env-in-Cent Kft- kl\u00edma\u00e9rt\u00e9kel\u00e9si m\u00f3dszertant dolgozott ki"},"content":{"rendered":"<p>Az \u00f6nkorm\u00e1nyzati rendeletek, strat\u00e9gi\u00e1k, tervek \u00e9ghajlati szempont\u00fa hat\u00e1s\u00e9rt\u00e9kel\u00e9se a telep\u00fcl\u00e9si szint\u0171 dekarboniz\u00e1ci\u00f3 \u00e9s alkalmazkod\u00e1s alapfelt\u00e9tele. Az Env-in-Cent Kft. a XII. ker\u00fclet Hegyvid\u00e9k \u00e1ltal elfogadott SECAP dokumentum programelemeinek v\u00e9grehajt\u00e1s\u00e1nak keret\u00e9ben \u201escoreboard\u201d t\u00edpus\u00fa, kollekt\u00edv szak\u00e9rt\u0151i \u00e9rt\u00e9kel\u00e9sen alapul\u00f3 m\u00f3dszertant fejlesztett \u00e9s tesztelt.<\/p>","protected":false},"excerpt":{"rendered":"<p class='Textbody'>Az \u00f6nkorm\u00e1nyzati rendeletek, strat\u00e9gi\u00e1k, tervek \u00e9ghajlati szempont\u00fa hat\u00e1s\u00e9rt\u00e9kel\u00e9se a telep\u00fcl\u00e9si szint\u0171 dekarboniz\u00e1ci\u00f3 \u00e9s alkalmazkod\u00e1s alapfelt\u00e9tele. Az Env-in-Cent Kft. a XII. ker\u00fclet Hegyvid\u00e9k \u00e1ltal elfogadott SECAP dokumentum programelemeinek v\u00e9grehajt\u00e1s\u00e1nak keret\u00e9ben \u201escoreboard\u201d t\u00edpus\u00fa, kollekt\u00edv szak\u00e9rt\u0151i \u00e9rt\u00e9kel\u00e9sen alapul\u00f3 m\u00f3dszertant fejlesztett \u00e9s tesztelt.<\/p>","protected":false},"author":1,"featured_media":0,"comment_status":"closed","ping_status":"open","sticky":false,"template":"","format":"standard","meta":{"footnotes":""},"categories":[3],"tags":[],"class_list":["post-64","post","type-post","status-publish","format-standard","hentry","category-hirek"],"yoast_head":"<!-- This site is optimized with the Yoast SEO plugin v23.9 - https:\/\/yoast.com\/wordpress\/plugins\/seo\/ -->\n<title>Az Env-in-Cent Kft- kl\u00edma\u00e9rt\u00e9kel\u00e9si m\u00f3dszertant dolgozott ki - Env-in-Cent<\/title>\n<meta name=\"robots\" content=\"noindex, follow, max-snippet:-1, max-image-preview:large, max-video-preview:-1\" \/>\n<meta property=\"og:locale\" content=\"en_GB\" \/>\n<meta property=\"og:type\" content=\"article\" \/>\n<meta property=\"og:title\" content=\"Az Env-in-Cent Kft- kl\u00edma\u00e9rt\u00e9kel\u00e9si m\u00f3dszertant dolgozott ki - Env-in-Cent\" \/>\n<meta property=\"og:description\" content=\"Az \u00f6nkorm\u00e1nyzati rendeletek, strat\u00e9gi\u00e1k, tervek \u00e9ghajlati szempont\u00fa hat\u00e1s\u00e9rt\u00e9kel\u00e9se a telep\u00fcl\u00e9si szint\u0171 dekarboniz\u00e1ci\u00f3 \u00e9s alkalmazkod\u00e1s alapfelt\u00e9tele. Az Env-in-Cent Kft. a XII. ker\u00fclet Hegyvid\u00e9k \u00e1ltal elfogadott SECAP dokumentum programelemeinek v\u00e9grehajt\u00e1s\u00e1nak keret\u00e9ben \u201escoreboard\u201d t\u00edpus\u00fa, kollekt\u00edv szak\u00e9rt\u0151i \u00e9rt\u00e9kel\u00e9sen alapul\u00f3 m\u00f3dszertant fejlesztett \u00e9s tesztelt.\" \/>\n<meta property=\"og:url\" content=\"https:\/\/env-in-cent.hu\/en\/2020\/02\/20\/az-env-in-cent-kft-klimaertekelesi-modszertant-dolgozott-ki\/\" \/>\n<meta property=\"og:site_name\" content=\"Env-in-Cent\" \/>\n<meta property=\"article:published_time\" content=\"2020-02-20T10:52:00+00:00\" \/>\n<meta property=\"article:modified_time\" content=\"2024-12-04T14:57:35+00:00\" \/>\n<meta name=\"author\" content=\"wpadmin\" \/>\n<meta name=\"twitter:card\" content=\"summary_large_image\" \/>\n<meta name=\"twitter:label1\" content=\"Written by\" \/>\n\t<meta name=\"twitter:data1\" content=\"wpadmin\" \/>\n<script type=\"application\/ld+json\" class=\"yoast-schema-graph\">{\"@context\":\"https:\/\/schema.org\",\"@graph\":[{\"@type\":\"Article\",\"@id\":\"https:\/\/env-in-cent.hu\/2020\/02\/20\/az-env-in-cent-kft-klimaertekelesi-modszertant-dolgozott-ki\/#article\",\"isPartOf\":{\"@id\":\"https:\/\/env-in-cent.hu\/2020\/02\/20\/az-env-in-cent-kft-klimaertekelesi-modszertant-dolgozott-ki\/\"},\"author\":{\"name\":\"wpadmin\",\"@id\":\"https:\/\/env-in-cent.hu\/#\/schema\/person\/08a7dac74c2fe21558e1c2d5031c2286\"},\"headline\":\"Az Env-in-Cent Kft- kl\u00edma\u00e9rt\u00e9kel\u00e9si m\u00f3dszertant dolgozott ki\",\"datePublished\":\"2020-02-20T10:52:00+00:00\",\"dateModified\":\"2024-12-04T14:57:35+00:00\",\"mainEntityOfPage\":{\"@id\":\"https:\/\/env-in-cent.hu\/2020\/02\/20\/az-env-in-cent-kft-klimaertekelesi-modszertant-dolgozott-ki\/\"},\"wordCount\":76,\"publisher\":{\"@id\":\"https:\/\/env-in-cent.hu\/#organization\"},\"articleSection\":[\"H\u00edrek\"],\"inLanguage\":\"en-GB\"},{\"@type\":\"WebPage\",\"@id\":\"https:\/\/env-in-cent.hu\/2020\/02\/20\/az-env-in-cent-kft-klimaertekelesi-modszertant-dolgozott-ki\/\",\"url\":\"https:\/\/env-in-cent.hu\/2020\/02\/20\/az-env-in-cent-kft-klimaertekelesi-modszertant-dolgozott-ki\/\",\"name\":\"Az Env-in-Cent Kft- kl\u00edma\u00e9rt\u00e9kel\u00e9si m\u00f3dszertant dolgozott ki - Env-in-Cent\",\"isPartOf\":{\"@id\":\"https:\/\/env-in-cent.hu\/#website\"},\"datePublished\":\"2020-02-20T10:52:00+00:00\",\"dateModified\":\"2024-12-04T14:57:35+00:00\",\"breadcrumb\":{\"@id\":\"https:\/\/env-in-cent.hu\/2020\/02\/20\/az-env-in-cent-kft-klimaertekelesi-modszertant-dolgozott-ki\/#breadcrumb\"},\"inLanguage\":\"en-GB\",\"potentialAction\":[{\"@type\":\"ReadAction\",\"target\":[\"https:\/\/env-in-cent.hu\/2020\/02\/20\/az-env-in-cent-kft-klimaertekelesi-modszertant-dolgozott-ki\/\"]}]},{\"@type\":\"BreadcrumbList\",\"@id\":\"https:\/\/env-in-cent.hu\/2020\/02\/20\/az-env-in-cent-kft-klimaertekelesi-modszertant-dolgozott-ki\/#breadcrumb\",\"itemListElement\":[{\"@type\":\"ListItem\",\"position\":1,\"name\":\"Kezd\u0151lap\",\"item\":\"https:\/\/env-in-cent.hu\/\"},{\"@type\":\"ListItem\",\"position\":2,\"name\":\"Az Env-in-Cent Kft- kl\u00edma\u00e9rt\u00e9kel\u00e9si m\u00f3dszertant dolgozott ki\"}]},{\"@type\":\"WebSite\",\"@id\":\"https:\/\/env-in-cent.hu\/#website\",\"url\":\"https:\/\/env-in-cent.hu\/\",\"name\":\"Env-in-Cent\",\"description\":\"Env-in-Cent K\u00f6rnyezetv\u00e9delmi Tan\u00e1csad\u00f3 Iroda Kft.\",\"publisher\":{\"@id\":\"https:\/\/env-in-cent.hu\/#organization\"},\"potentialAction\":[{\"@type\":\"SearchAction\",\"target\":{\"@type\":\"EntryPoint\",\"urlTemplate\":\"https:\/\/env-in-cent.hu\/?s={search_term_string}\"},\"query-input\":{\"@type\":\"PropertyValueSpecification\",\"valueRequired\":true,\"valueName\":\"search_term_string\"}}],\"inLanguage\":\"en-GB\"},{\"@type\":\"Organization\",\"@id\":\"https:\/\/env-in-cent.hu\/#organization\",\"name\":\"Env-in-Cent\",\"url\":\"https:\/\/env-in-cent.hu\/\",\"logo\":{\"@type\":\"ImageObject\",\"inLanguage\":\"en-GB\",\"@id\":\"https:\/\/env-in-cent.hu\/#\/schema\/logo\/image\/\",\"url\":\"https:\/\/env-in-cent.hu\/wp-content\/uploads\/2024\/11\/logo.jpg\",\"contentUrl\":\"https:\/\/env-in-cent.hu\/wp-content\/uploads\/2024\/11\/logo.jpg\",\"width\":170,\"height\":62,\"caption\":\"Env-in-Cent\"},\"image\":{\"@id\":\"https:\/\/env-in-cent.hu\/#\/schema\/logo\/image\/\"}},{\"@type\":\"Person\",\"@id\":\"https:\/\/env-in-cent.hu\/#\/schema\/person\/08a7dac74c2fe21558e1c2d5031c2286\",\"name\":\"wpadmin\",\"image\":{\"@type\":\"ImageObject\",\"inLanguage\":\"en-GB\",\"@id\":\"https:\/\/env-in-cent.hu\/#\/schema\/person\/image\/\",\"url\":\"https:\/\/secure.gravatar.com\/avatar\/53a24cf06dbef3f89a60c98c61552040977719f05381b5a07034a7748ee6e029?s=96&d=mm&r=g\",\"contentUrl\":\"https:\/\/secure.gravatar.com\/avatar\/53a24cf06dbef3f89a60c98c61552040977719f05381b5a07034a7748ee6e029?s=96&d=mm&r=g\",\"caption\":\"wpadmin\"},\"sameAs\":[\"https:\/\/env-in-cent.hu\"],\"url\":\"https:\/\/env-in-cent.hu\/en\/author\/wpadmin\/\"}]}<\/script>\n<!-- \/ Yoast SEO plugin. -->","yoast_head_json":{"title":"Az Env-in-Cent Kft- kl\u00edma\u00e9rt\u00e9kel\u00e9si m\u00f3dszertant dolgozott ki - Env-in-Cent","robots":{"index":"noindex","follow":"follow","max-snippet":"max-snippet:-1","max-image-preview":"max-image-preview:large","max-video-preview":"max-video-preview:-1"},"og_locale":"en_GB","og_type":"article","og_title":"Az Env-in-Cent Kft- kl\u00edma\u00e9rt\u00e9kel\u00e9si m\u00f3dszertant dolgozott ki - Env-in-Cent","og_description":"Az \u00f6nkorm\u00e1nyzati rendeletek, strat\u00e9gi\u00e1k, tervek \u00e9ghajlati szempont\u00fa hat\u00e1s\u00e9rt\u00e9kel\u00e9se a telep\u00fcl\u00e9si szint\u0171 dekarboniz\u00e1ci\u00f3 \u00e9s alkalmazkod\u00e1s alapfelt\u00e9tele. Az Env-in-Cent Kft. a XII. ker\u00fclet Hegyvid\u00e9k \u00e1ltal elfogadott SECAP dokumentum programelemeinek v\u00e9grehajt\u00e1s\u00e1nak keret\u00e9ben \u201escoreboard\u201d t\u00edpus\u00fa, kollekt\u00edv szak\u00e9rt\u0151i \u00e9rt\u00e9kel\u00e9sen alapul\u00f3 m\u00f3dszertant fejlesztett \u00e9s tesztelt.","og_url":"https:\/\/env-in-cent.hu\/en\/2020\/02\/20\/az-env-in-cent-kft-klimaertekelesi-modszertant-dolgozott-ki\/","og_site_name":"Env-in-Cent","article_published_time":"2020-02-20T10:52:00+00:00","article_modified_time":"2024-12-04T14:57:35+00:00","author":"wpadmin","twitter_card":"summary_large_image","twitter_misc":{"Written by":"wpadmin"},"schema":{"@context":"https:\/\/schema.org","@graph":[{"@type":"Article","@id":"https:\/\/env-in-cent.hu\/2020\/02\/20\/az-env-in-cent-kft-klimaertekelesi-modszertant-dolgozott-ki\/#article","isPartOf":{"@id":"https:\/\/env-in-cent.hu\/2020\/02\/20\/az-env-in-cent-kft-klimaertekelesi-modszertant-dolgozott-ki\/"},"author":{"name":"wpadmin","@id":"https:\/\/env-in-cent.hu\/#\/schema\/person\/08a7dac74c2fe21558e1c2d5031c2286"},"headline":"Az Env-in-Cent Kft- kl\u00edma\u00e9rt\u00e9kel\u00e9si m\u00f3dszertant dolgozott ki","datePublished":"2020-02-20T10:52:00+00:00","dateModified":"2024-12-04T14:57:35+00:00","mainEntityOfPage":{"@id":"https:\/\/env-in-cent.hu\/2020\/02\/20\/az-env-in-cent-kft-klimaertekelesi-modszertant-dolgozott-ki\/"},"wordCount":76,"publisher":{"@id":"https:\/\/env-in-cent.hu\/#organization"},"articleSection":["H\u00edrek"],"inLanguage":"en-GB"},{"@type":"WebPage","@id":"https:\/\/env-in-cent.hu\/2020\/02\/20\/az-env-in-cent-kft-klimaertekelesi-modszertant-dolgozott-ki\/","url":"https:\/\/env-in-cent.hu\/2020\/02\/20\/az-env-in-cent-kft-klimaertekelesi-modszertant-dolgozott-ki\/","name":"Az Env-in-Cent Kft- kl\u00edma\u00e9rt\u00e9kel\u00e9si m\u00f3dszertant dolgozott ki - Env-in-Cent","isPartOf":{"@id":"https:\/\/env-in-cent.hu\/#website"},"datePublished":"2020-02-20T10:52:00+00:00","dateModified":"2024-12-04T14:57:35+00:00","breadcrumb":{"@id":"https:\/\/env-in-cent.hu\/2020\/02\/20\/az-env-in-cent-kft-klimaertekelesi-modszertant-dolgozott-ki\/#breadcrumb"},"inLanguage":"en-GB","potentialAction":[{"@type":"ReadAction","target":["https:\/\/env-in-cent.hu\/2020\/02\/20\/az-env-in-cent-kft-klimaertekelesi-modszertant-dolgozott-ki\/"]}]},{"@type":"BreadcrumbList","@id":"https:\/\/env-in-cent.hu\/2020\/02\/20\/az-env-in-cent-kft-klimaertekelesi-modszertant-dolgozott-ki\/#breadcrumb","itemListElement":[{"@type":"ListItem","position":1,"name":"Kezd\u0151lap","item":"https:\/\/env-in-cent.hu\/"},{"@type":"ListItem","position":2,"name":"Az Env-in-Cent Kft- kl\u00edma\u00e9rt\u00e9kel\u00e9si m\u00f3dszertant dolgozott ki"}]},{"@type":"WebSite","@id":"https:\/\/env-in-cent.hu\/#website","url":"https:\/\/env-in-cent.hu\/","name":"Env-in-Cent","description":"Env-in-Cent K\u00f6rnyezetv\u00e9delmi Tan\u00e1csad\u00f3 Iroda Kft.","publisher":{"@id":"https:\/\/env-in-cent.hu\/#organization"},"potentialAction":[{"@type":"SearchAction","target":{"@type":"EntryPoint","urlTemplate":"https:\/\/env-in-cent.hu\/?s={search_term_string}"},"query-input":{"@type":"PropertyValueSpecification","valueRequired":true,"valueName":"search_term_string"}}],"inLanguage":"en-GB"},{"@type":"Organization","@id":"https:\/\/env-in-cent.hu\/#organization","name":"Env-in-Cent","url":"https:\/\/env-in-cent.hu\/","logo":{"@type":"ImageObject","inLanguage":"en-GB","@id":"https:\/\/env-in-cent.hu\/#\/schema\/logo\/image\/","url":"https:\/\/env-in-cent.hu\/wp-content\/uploads\/2024\/11\/logo.jpg","contentUrl":"https:\/\/env-in-cent.hu\/wp-content\/uploads\/2024\/11\/logo.jpg","width":170,"height":62,"caption":"Env-in-Cent"},"image":{"@id":"https:\/\/env-in-cent.hu\/#\/schema\/logo\/image\/"}},{"@type":"Person","@id":"https:\/\/env-in-cent.hu\/#\/schema\/person\/08a7dac74c2fe21558e1c2d5031c2286","name":"wpadmin","image":{"@type":"ImageObject","inLanguage":"en-GB","@id":"https:\/\/env-in-cent.hu\/#\/schema\/person\/image\/","url":"https:\/\/secure.gravatar.com\/avatar\/53a24cf06dbef3f89a60c98c61552040977719f05381b5a07034a7748ee6e029?s=96&d=mm&r=g","contentUrl":"https:\/\/secure.gravatar.com\/avatar\/53a24cf06dbef3f89a60c98c61552040977719f05381b5a07034a7748ee6e029?s=96&d=mm&r=g","caption":"wpadmin"},"sameAs":["https:\/\/env-in-cent.hu"],"url":"https:\/\/env-in-cent.hu\/en\/author\/wpadmin\/"}]}},"_links":{"self":[{"href":"https:\/\/env-in-cent.hu\/en\/wp-json\/wp\/v2\/posts\/64","targetHints":{"allow":["GET"]}}],"collection":[{"href":"https:\/\/env-in-cent.hu\/en\/wp-json\/wp\/v2\/posts"}],"about":[{"href":"https:\/\/env-in-cent.hu\/en\/wp-json\/wp\/v2\/types\/post"}],"author":[{"embeddable":true,"href":"https:\/\/env-in-cent.hu\/en\/wp-json\/wp\/v2\/users\/1"}],"replies":[{"embeddable":true,"href":"https:\/\/env-in-cent.hu\/en\/wp-json\/wp\/v2\/comments?post=64"}],"version-history":[{"count":2,"href":"https:\/\/env-in-cent.hu\/en\/wp-json\/wp\/v2\/posts\/64\/revisions"}],"predecessor-version":[{"id":414,"href":"https:\/\/env-in-cent.hu\/en\/wp-json\/wp\/v2\/posts\/64\/revisions\/414"}],"wp:attachment":[{"href":"https:\/\/env-in-cent.hu\/en\/wp-json\/wp\/v2\/media?parent=64"}],"wp:term":[{"taxonomy":"category","embeddable":true,"href":"https:\/\/env-in-cent.hu\/en\/wp-json\/wp\/v2\/categories?post=64"},{"taxonomy":"post_tag","embeddable":true,"href":"https:\/\/env-in-cent.hu\/en\/wp-json\/wp\/v2\/tags?post=64"}],"curies":[{"name":"wp","href":"https:\/\/api.w.org\/{rel}","templated":true}]}}