{"id":61,"date":"2019-06-30T10:44:00","date_gmt":"2019-06-30T10:44:00","guid":{"rendered":"https:\/\/env-in-cent.hu\/?p=61"},"modified":"2024-12-04T14:58:27","modified_gmt":"2024-12-04T14:58:27","slug":"implementacios-keretrendszert-monitoring-eljarasokat-fejleszt-az-env-in-cent-kft-a-hegyvideki-secap-vegrehajtasanak-tamogatasara","status":"publish","type":"post","link":"https:\/\/env-in-cent.hu\/en\/2019\/06\/30\/implementacios-keretrendszert-monitoring-eljarasokat-fejleszt-az-env-in-cent-kft-a-hegyvideki-secap-vegrehajtasanak-tamogatasara\/","title":{"rendered":"Implement\u00e1ci\u00f3s keretrendszert, monitoring elj\u00e1r\u00e1sokat fejleszt az Env-in-Cent Kft- a hegyvid\u00e9ki SECAP v\u00e9grehajt\u00e1s\u00e1nak t\u00e1mogat\u00e1s\u00e1ra"},"content":{"rendered":"<p>A Budapest F\u0151v\u00e1ros XII. ker\u00fclet Hegyvid\u00e9k \u00f6nkorm\u00e1nyzat\u00e1nak K\u00e9pvisel\u0151test\u00fclete 2018. december\u00e9ben fogadta el az Env-in-Cent Kft. \u00e1ltal k\u00e9sz\u00edtett Fenntarthat\u00f3 Energia \u00e9s Kl\u00edma Akci\u00f3tervet, melynek szakmai v\u00e9grehajt\u00e1sa szint\u00e9n c\u00e9g\u00fcnk koordin\u00e1ci\u00f3j\u00e1val t\u00f6rt\u00e9nik. T\u00f6bbek k\u00f6z\u00f6tt lakoss\u00e1gi t\u00e1j\u00e9koztat\u00f3 kiadv\u00e1ny k\u00e9sz\u00fcl az energiatakar\u00e9koss\u00e1g \u00e9s \u00e9ghajlatv\u00e9delem t\u00e9m\u00e1ban, partners\u00e9gi f\u00f3rumok szakmai el\u0151k\u00e9sz\u00edt\u00e9s\u00e9t k\u00f6vet\u0151en a ker\u00fclet \u00e9p\u00fclet\/k\u00f6z\u00e9p\u00fclet energiahat\u00e9konys\u00e1g\u00e1val foglalkoz\u00f3 szakemberei rendszeresen egyeztethetnek \u00faj programok ind\u00edt\u00e1s\u00e1r\u00f3l, m\u00e1r fut\u00f3 programjaik meg\u00faj\u00edt\u00e1s\u00e1r\u00f3l, j\u00f3 gyakorlatok megoszt\u00e1s\u00e1r\u00f3l. Kidolgozzuk az \u00f6nkorm\u00e1nyzati rendeletek, koncepci\u00f3k, tervek \u00e9ghajlati szempont\u00fa hat\u00e1s\u00e9rt\u00e9kel\u00e9s\u00e9nek m\u00f3dszertan\u00e1t, valamint elv\u00e9gezz\u00fck a hegyvid\u00e9ki ker\u00fcletr\u00e9szek \u00e9ghajlati s\u00e9r\u00fcl\u00e9kenys\u00e9g\u00e9nek vizsg\u00e1lat\u00e1t.<\/p>","protected":false},"excerpt":{"rendered":"<p>A Budapest F\u0151v\u00e1ros XII. ker\u00fclet Hegyvid\u00e9k \u00f6nkorm\u00e1nyzat\u00e1nak K\u00e9pvisel\u0151test\u00fclete 2018. december\u00e9ben fogadta el az Env-in-Cent Kft. \u00e1ltal k\u00e9sz\u00edtett Fenntarthat\u00f3 Energia \u00e9s Kl\u00edma Akci\u00f3tervet, melynek szakmai v\u00e9grehajt\u00e1sa szint\u00e9n c\u00e9g\u00fcnk koordin\u00e1ci\u00f3j\u00e1val t\u00f6rt\u00e9nik. T\u00f6bbek k\u00f6z\u00f6tt lakoss\u00e1gi t\u00e1j\u00e9koztat\u00f3 kiadv\u00e1ny k\u00e9sz\u00fcl az energiatakar\u00e9koss\u00e1g \u00e9s \u00e9ghajlatv\u00e9delem t\u00e9m\u00e1ban, partners\u00e9gi f\u00f3rumok szakmai el\u0151k\u00e9sz\u00edt\u00e9s\u00e9t k\u00f6vet\u0151en a ker\u00fclet \u00e9p\u00fclet\/k\u00f6z\u00e9p\u00fclet energiahat\u00e9konys\u00e1g\u00e1val foglalkoz\u00f3 szakemberei rendszeresen egyeztethetnek \u00faj programok ind\u00edt\u00e1s\u00e1r\u00f3l, m\u00e1r fut\u00f3 programjaik meg\u00faj\u00edt\u00e1s\u00e1r\u00f3l, j\u00f3 gyakorlatok megoszt\u00e1s\u00e1r\u00f3l. Kidolgozzuk az \u00f6nkorm\u00e1nyzati rendeletek, koncepci\u00f3k, tervek \u00e9ghajlati szempont\u00fa hat\u00e1s\u00e9rt\u00e9kel\u00e9s\u00e9nek m\u00f3dszertan\u00e1t, valamint elv\u00e9gezz\u00fck a hegyvid\u00e9ki ker\u00fcletr\u00e9szek \u00e9ghajlati s\u00e9r\u00fcl\u00e9kenys\u00e9g\u00e9nek vizsg\u00e1lat\u00e1t.<\/p>","protected":false},"author":1,"featured_media":0,"comment_status":"closed","ping_status":"open","sticky":false,"template":"","format":"standard","meta":{"footnotes":""},"categories":[3],"tags":[],"class_list":["post-61","post","type-post","status-publish","format-standard","hentry","category-hirek"],"yoast_head":"<!-- This site is optimized with the Yoast SEO plugin v23.9 - https:\/\/yoast.com\/wordpress\/plugins\/seo\/ -->\n<title>Implement\u00e1ci\u00f3s keretrendszert, monitoring elj\u00e1r\u00e1sokat fejleszt az Env-in-Cent Kft- a hegyvid\u00e9ki SECAP v\u00e9grehajt\u00e1s\u00e1nak t\u00e1mogat\u00e1s\u00e1ra - Env-in-Cent<\/title>\n<meta name=\"robots\" content=\"noindex, follow, max-snippet:-1, max-image-preview:large, max-video-preview:-1\" \/>\n<meta property=\"og:locale\" content=\"en_GB\" \/>\n<meta property=\"og:type\" content=\"article\" \/>\n<meta property=\"og:title\" content=\"Implement\u00e1ci\u00f3s keretrendszert, monitoring elj\u00e1r\u00e1sokat fejleszt az Env-in-Cent Kft- a hegyvid\u00e9ki SECAP v\u00e9grehajt\u00e1s\u00e1nak t\u00e1mogat\u00e1s\u00e1ra - Env-in-Cent\" \/>\n<meta property=\"og:description\" content=\"A Budapest F\u0151v\u00e1ros XII. ker\u00fclet Hegyvid\u00e9k \u00f6nkorm\u00e1nyzat\u00e1nak K\u00e9pvisel\u0151test\u00fclete 2018. december\u00e9ben fogadta el az Env-in-Cent Kft. \u00e1ltal k\u00e9sz\u00edtett Fenntarthat\u00f3 Energia \u00e9s Kl\u00edma Akci\u00f3tervet, melynek szakmai v\u00e9grehajt\u00e1sa szint\u00e9n c\u00e9g\u00fcnk koordin\u00e1ci\u00f3j\u00e1val t\u00f6rt\u00e9nik. T\u00f6bbek k\u00f6z\u00f6tt lakoss\u00e1gi t\u00e1j\u00e9koztat\u00f3 kiadv\u00e1ny k\u00e9sz\u00fcl az energiatakar\u00e9koss\u00e1g \u00e9s \u00e9ghajlatv\u00e9delem t\u00e9m\u00e1ban, partners\u00e9gi f\u00f3rumok szakmai el\u0151k\u00e9sz\u00edt\u00e9s\u00e9t k\u00f6vet\u0151en a ker\u00fclet \u00e9p\u00fclet\/k\u00f6z\u00e9p\u00fclet energiahat\u00e9konys\u00e1g\u00e1val foglalkoz\u00f3 szakemberei rendszeresen egyeztethetnek \u00faj programok ind\u00edt\u00e1s\u00e1r\u00f3l, m\u00e1r fut\u00f3 programjaik meg\u00faj\u00edt\u00e1s\u00e1r\u00f3l, j\u00f3 gyakorlatok megoszt\u00e1s\u00e1r\u00f3l. Kidolgozzuk az \u00f6nkorm\u00e1nyzati rendeletek, koncepci\u00f3k, tervek \u00e9ghajlati szempont\u00fa hat\u00e1s\u00e9rt\u00e9kel\u00e9s\u00e9nek m\u00f3dszertan\u00e1t, valamint elv\u00e9gezz\u00fck a hegyvid\u00e9ki ker\u00fcletr\u00e9szek \u00e9ghajlati s\u00e9r\u00fcl\u00e9kenys\u00e9g\u00e9nek vizsg\u00e1lat\u00e1t.\" \/>\n<meta property=\"og:url\" content=\"https:\/\/env-in-cent.hu\/en\/2019\/06\/30\/implementacios-keretrendszert-monitoring-eljarasokat-fejleszt-az-env-in-cent-kft-a-hegyvideki-secap-vegrehajtasanak-tamogatasara\/\" \/>\n<meta property=\"og:site_name\" content=\"Env-in-Cent\" \/>\n<meta property=\"article:published_time\" content=\"2019-06-30T10:44:00+00:00\" \/>\n<meta property=\"article:modified_time\" content=\"2024-12-04T14:58:27+00:00\" \/>\n<meta name=\"author\" content=\"wpadmin\" \/>\n<meta name=\"twitter:card\" content=\"summary_large_image\" \/>\n<meta name=\"twitter:label1\" content=\"Written by\" \/>\n\t<meta name=\"twitter:data1\" content=\"wpadmin\" \/>\n\t<meta name=\"twitter:label2\" content=\"Estimated reading time\" \/>\n\t<meta name=\"twitter:data2\" content=\"1 minute\" \/>\n<script type=\"application\/ld+json\" class=\"yoast-schema-graph\">{\"@context\":\"https:\/\/schema.org\",\"@graph\":[{\"@type\":\"Article\",\"@id\":\"https:\/\/env-in-cent.hu\/2019\/06\/30\/implementacios-keretrendszert-monitoring-eljarasokat-fejleszt-az-env-in-cent-kft-a-hegyvideki-secap-vegrehajtasanak-tamogatasara\/#article\",\"isPartOf\":{\"@id\":\"https:\/\/env-in-cent.hu\/2019\/06\/30\/implementacios-keretrendszert-monitoring-eljarasokat-fejleszt-az-env-in-cent-kft-a-hegyvideki-secap-vegrehajtasanak-tamogatasara\/\"},\"author\":{\"name\":\"wpadmin\",\"@id\":\"https:\/\/env-in-cent.hu\/#\/schema\/person\/08a7dac74c2fe21558e1c2d5031c2286\"},\"headline\":\"Implement\u00e1ci\u00f3s keretrendszert, monitoring elj\u00e1r\u00e1sokat fejleszt az Env-in-Cent Kft- a hegyvid\u00e9ki SECAP v\u00e9grehajt\u00e1s\u00e1nak t\u00e1mogat\u00e1s\u00e1ra\",\"datePublished\":\"2019-06-30T10:44:00+00:00\",\"dateModified\":\"2024-12-04T14:58:27+00:00\",\"mainEntityOfPage\":{\"@id\":\"https:\/\/env-in-cent.hu\/2019\/06\/30\/implementacios-keretrendszert-monitoring-eljarasokat-fejleszt-az-env-in-cent-kft-a-hegyvideki-secap-vegrehajtasanak-tamogatasara\/\"},\"wordCount\":194,\"publisher\":{\"@id\":\"https:\/\/env-in-cent.hu\/#organization\"},\"articleSection\":[\"H\u00edrek\"],\"inLanguage\":\"en-GB\"},{\"@type\":\"WebPage\",\"@id\":\"https:\/\/env-in-cent.hu\/2019\/06\/30\/implementacios-keretrendszert-monitoring-eljarasokat-fejleszt-az-env-in-cent-kft-a-hegyvideki-secap-vegrehajtasanak-tamogatasara\/\",\"url\":\"https:\/\/env-in-cent.hu\/2019\/06\/30\/implementacios-keretrendszert-monitoring-eljarasokat-fejleszt-az-env-in-cent-kft-a-hegyvideki-secap-vegrehajtasanak-tamogatasara\/\",\"name\":\"Implement\u00e1ci\u00f3s keretrendszert, monitoring elj\u00e1r\u00e1sokat fejleszt az Env-in-Cent Kft- a hegyvid\u00e9ki SECAP v\u00e9grehajt\u00e1s\u00e1nak t\u00e1mogat\u00e1s\u00e1ra - Env-in-Cent\",\"isPartOf\":{\"@id\":\"https:\/\/env-in-cent.hu\/#website\"},\"datePublished\":\"2019-06-30T10:44:00+00:00\",\"dateModified\":\"2024-12-04T14:58:27+00:00\",\"breadcrumb\":{\"@id\":\"https:\/\/env-in-cent.hu\/2019\/06\/30\/implementacios-keretrendszert-monitoring-eljarasokat-fejleszt-az-env-in-cent-kft-a-hegyvideki-secap-vegrehajtasanak-tamogatasara\/#breadcrumb\"},\"inLanguage\":\"en-GB\",\"potentialAction\":[{\"@type\":\"ReadAction\",\"target\":[\"https:\/\/env-in-cent.hu\/2019\/06\/30\/implementacios-keretrendszert-monitoring-eljarasokat-fejleszt-az-env-in-cent-kft-a-hegyvideki-secap-vegrehajtasanak-tamogatasara\/\"]}]},{\"@type\":\"BreadcrumbList\",\"@id\":\"https:\/\/env-in-cent.hu\/2019\/06\/30\/implementacios-keretrendszert-monitoring-eljarasokat-fejleszt-az-env-in-cent-kft-a-hegyvideki-secap-vegrehajtasanak-tamogatasara\/#breadcrumb\",\"itemListElement\":[{\"@type\":\"ListItem\",\"position\":1,\"name\":\"Kezd\u0151lap\",\"item\":\"https:\/\/env-in-cent.hu\/\"},{\"@type\":\"ListItem\",\"position\":2,\"name\":\"Implement\u00e1ci\u00f3s keretrendszert, monitoring elj\u00e1r\u00e1sokat fejleszt az Env-in-Cent Kft- a hegyvid\u00e9ki SECAP v\u00e9grehajt\u00e1s\u00e1nak t\u00e1mogat\u00e1s\u00e1ra\"}]},{\"@type\":\"WebSite\",\"@id\":\"https:\/\/env-in-cent.hu\/#website\",\"url\":\"https:\/\/env-in-cent.hu\/\",\"name\":\"Env-in-Cent\",\"description\":\"Env-in-Cent K\u00f6rnyezetv\u00e9delmi Tan\u00e1csad\u00f3 Iroda Kft.\",\"publisher\":{\"@id\":\"https:\/\/env-in-cent.hu\/#organization\"},\"potentialAction\":[{\"@type\":\"SearchAction\",\"target\":{\"@type\":\"EntryPoint\",\"urlTemplate\":\"https:\/\/env-in-cent.hu\/?s={search_term_string}\"},\"query-input\":{\"@type\":\"PropertyValueSpecification\",\"valueRequired\":true,\"valueName\":\"search_term_string\"}}],\"inLanguage\":\"en-GB\"},{\"@type\":\"Organization\",\"@id\":\"https:\/\/env-in-cent.hu\/#organization\",\"name\":\"Env-in-Cent\",\"url\":\"https:\/\/env-in-cent.hu\/\",\"logo\":{\"@type\":\"ImageObject\",\"inLanguage\":\"en-GB\",\"@id\":\"https:\/\/env-in-cent.hu\/#\/schema\/logo\/image\/\",\"url\":\"https:\/\/env-in-cent.hu\/wp-content\/uploads\/2024\/11\/logo.jpg\",\"contentUrl\":\"https:\/\/env-in-cent.hu\/wp-content\/uploads\/2024\/11\/logo.jpg\",\"width\":170,\"height\":62,\"caption\":\"Env-in-Cent\"},\"image\":{\"@id\":\"https:\/\/env-in-cent.hu\/#\/schema\/logo\/image\/\"}},{\"@type\":\"Person\",\"@id\":\"https:\/\/env-in-cent.hu\/#\/schema\/person\/08a7dac74c2fe21558e1c2d5031c2286\",\"name\":\"wpadmin\",\"image\":{\"@type\":\"ImageObject\",\"inLanguage\":\"en-GB\",\"@id\":\"https:\/\/env-in-cent.hu\/#\/schema\/person\/image\/\",\"url\":\"https:\/\/secure.gravatar.com\/avatar\/53a24cf06dbef3f89a60c98c61552040977719f05381b5a07034a7748ee6e029?s=96&d=mm&r=g\",\"contentUrl\":\"https:\/\/secure.gravatar.com\/avatar\/53a24cf06dbef3f89a60c98c61552040977719f05381b5a07034a7748ee6e029?s=96&d=mm&r=g\",\"caption\":\"wpadmin\"},\"sameAs\":[\"https:\/\/env-in-cent.hu\"],\"url\":\"https:\/\/env-in-cent.hu\/en\/author\/wpadmin\/\"}]}<\/script>\n<!-- \/ Yoast SEO plugin. -->","yoast_head_json":{"title":"Implement\u00e1ci\u00f3s keretrendszert, monitoring elj\u00e1r\u00e1sokat fejleszt az Env-in-Cent Kft- a hegyvid\u00e9ki SECAP v\u00e9grehajt\u00e1s\u00e1nak t\u00e1mogat\u00e1s\u00e1ra - Env-in-Cent","robots":{"index":"noindex","follow":"follow","max-snippet":"max-snippet:-1","max-image-preview":"max-image-preview:large","max-video-preview":"max-video-preview:-1"},"og_locale":"en_GB","og_type":"article","og_title":"Implement\u00e1ci\u00f3s keretrendszert, monitoring elj\u00e1r\u00e1sokat fejleszt az Env-in-Cent Kft- a hegyvid\u00e9ki SECAP v\u00e9grehajt\u00e1s\u00e1nak t\u00e1mogat\u00e1s\u00e1ra - Env-in-Cent","og_description":"A Budapest F\u0151v\u00e1ros XII. ker\u00fclet Hegyvid\u00e9k \u00f6nkorm\u00e1nyzat\u00e1nak K\u00e9pvisel\u0151test\u00fclete 2018. december\u00e9ben fogadta el az Env-in-Cent Kft. \u00e1ltal k\u00e9sz\u00edtett Fenntarthat\u00f3 Energia \u00e9s Kl\u00edma Akci\u00f3tervet, melynek szakmai v\u00e9grehajt\u00e1sa szint\u00e9n c\u00e9g\u00fcnk koordin\u00e1ci\u00f3j\u00e1val t\u00f6rt\u00e9nik. T\u00f6bbek k\u00f6z\u00f6tt lakoss\u00e1gi t\u00e1j\u00e9koztat\u00f3 kiadv\u00e1ny k\u00e9sz\u00fcl az energiatakar\u00e9koss\u00e1g \u00e9s \u00e9ghajlatv\u00e9delem t\u00e9m\u00e1ban, partners\u00e9gi f\u00f3rumok szakmai el\u0151k\u00e9sz\u00edt\u00e9s\u00e9t k\u00f6vet\u0151en a ker\u00fclet \u00e9p\u00fclet\/k\u00f6z\u00e9p\u00fclet energiahat\u00e9konys\u00e1g\u00e1val foglalkoz\u00f3 szakemberei rendszeresen egyeztethetnek \u00faj programok ind\u00edt\u00e1s\u00e1r\u00f3l, m\u00e1r fut\u00f3 programjaik meg\u00faj\u00edt\u00e1s\u00e1r\u00f3l, j\u00f3 gyakorlatok megoszt\u00e1s\u00e1r\u00f3l. Kidolgozzuk az \u00f6nkorm\u00e1nyzati rendeletek, koncepci\u00f3k, tervek \u00e9ghajlati szempont\u00fa hat\u00e1s\u00e9rt\u00e9kel\u00e9s\u00e9nek m\u00f3dszertan\u00e1t, valamint elv\u00e9gezz\u00fck a hegyvid\u00e9ki ker\u00fcletr\u00e9szek \u00e9ghajlati s\u00e9r\u00fcl\u00e9kenys\u00e9g\u00e9nek vizsg\u00e1lat\u00e1t.","og_url":"https:\/\/env-in-cent.hu\/en\/2019\/06\/30\/implementacios-keretrendszert-monitoring-eljarasokat-fejleszt-az-env-in-cent-kft-a-hegyvideki-secap-vegrehajtasanak-tamogatasara\/","og_site_name":"Env-in-Cent","article_published_time":"2019-06-30T10:44:00+00:00","article_modified_time":"2024-12-04T14:58:27+00:00","author":"wpadmin","twitter_card":"summary_large_image","twitter_misc":{"Written by":"wpadmin","Estimated reading time":"1 minute"},"schema":{"@context":"https:\/\/schema.org","@graph":[{"@type":"Article","@id":"https:\/\/env-in-cent.hu\/2019\/06\/30\/implementacios-keretrendszert-monitoring-eljarasokat-fejleszt-az-env-in-cent-kft-a-hegyvideki-secap-vegrehajtasanak-tamogatasara\/#article","isPartOf":{"@id":"https:\/\/env-in-cent.hu\/2019\/06\/30\/implementacios-keretrendszert-monitoring-eljarasokat-fejleszt-az-env-in-cent-kft-a-hegyvideki-secap-vegrehajtasanak-tamogatasara\/"},"author":{"name":"wpadmin","@id":"https:\/\/env-in-cent.hu\/#\/schema\/person\/08a7dac74c2fe21558e1c2d5031c2286"},"headline":"Implement\u00e1ci\u00f3s keretrendszert, monitoring elj\u00e1r\u00e1sokat fejleszt az Env-in-Cent Kft- a hegyvid\u00e9ki SECAP v\u00e9grehajt\u00e1s\u00e1nak t\u00e1mogat\u00e1s\u00e1ra","datePublished":"2019-06-30T10:44:00+00:00","dateModified":"2024-12-04T14:58:27+00:00","mainEntityOfPage":{"@id":"https:\/\/env-in-cent.hu\/2019\/06\/30\/implementacios-keretrendszert-monitoring-eljarasokat-fejleszt-az-env-in-cent-kft-a-hegyvideki-secap-vegrehajtasanak-tamogatasara\/"},"wordCount":194,"publisher":{"@id":"https:\/\/env-in-cent.hu\/#organization"},"articleSection":["H\u00edrek"],"inLanguage":"en-GB"},{"@type":"WebPage","@id":"https:\/\/env-in-cent.hu\/2019\/06\/30\/implementacios-keretrendszert-monitoring-eljarasokat-fejleszt-az-env-in-cent-kft-a-hegyvideki-secap-vegrehajtasanak-tamogatasara\/","url":"https:\/\/env-in-cent.hu\/2019\/06\/30\/implementacios-keretrendszert-monitoring-eljarasokat-fejleszt-az-env-in-cent-kft-a-hegyvideki-secap-vegrehajtasanak-tamogatasara\/","name":"Implement\u00e1ci\u00f3s keretrendszert, monitoring elj\u00e1r\u00e1sokat fejleszt az Env-in-Cent Kft- a hegyvid\u00e9ki SECAP v\u00e9grehajt\u00e1s\u00e1nak t\u00e1mogat\u00e1s\u00e1ra - Env-in-Cent","isPartOf":{"@id":"https:\/\/env-in-cent.hu\/#website"},"datePublished":"2019-06-30T10:44:00+00:00","dateModified":"2024-12-04T14:58:27+00:00","breadcrumb":{"@id":"https:\/\/env-in-cent.hu\/2019\/06\/30\/implementacios-keretrendszert-monitoring-eljarasokat-fejleszt-az-env-in-cent-kft-a-hegyvideki-secap-vegrehajtasanak-tamogatasara\/#breadcrumb"},"inLanguage":"en-GB","potentialAction":[{"@type":"ReadAction","target":["https:\/\/env-in-cent.hu\/2019\/06\/30\/implementacios-keretrendszert-monitoring-eljarasokat-fejleszt-az-env-in-cent-kft-a-hegyvideki-secap-vegrehajtasanak-tamogatasara\/"]}]},{"@type":"BreadcrumbList","@id":"https:\/\/env-in-cent.hu\/2019\/06\/30\/implementacios-keretrendszert-monitoring-eljarasokat-fejleszt-az-env-in-cent-kft-a-hegyvideki-secap-vegrehajtasanak-tamogatasara\/#breadcrumb","itemListElement":[{"@type":"ListItem","position":1,"name":"Kezd\u0151lap","item":"https:\/\/env-in-cent.hu\/"},{"@type":"ListItem","position":2,"name":"Implement\u00e1ci\u00f3s keretrendszert, monitoring elj\u00e1r\u00e1sokat fejleszt az Env-in-Cent Kft- a hegyvid\u00e9ki SECAP v\u00e9grehajt\u00e1s\u00e1nak t\u00e1mogat\u00e1s\u00e1ra"}]},{"@type":"WebSite","@id":"https:\/\/env-in-cent.hu\/#website","url":"https:\/\/env-in-cent.hu\/","name":"Env-in-Cent","description":"Env-in-Cent K\u00f6rnyezetv\u00e9delmi Tan\u00e1csad\u00f3 Iroda Kft.","publisher":{"@id":"https:\/\/env-in-cent.hu\/#organization"},"potentialAction":[{"@type":"SearchAction","target":{"@type":"EntryPoint","urlTemplate":"https:\/\/env-in-cent.hu\/?s={search_term_string}"},"query-input":{"@type":"PropertyValueSpecification","valueRequired":true,"valueName":"search_term_string"}}],"inLanguage":"en-GB"},{"@type":"Organization","@id":"https:\/\/env-in-cent.hu\/#organization","name":"Env-in-Cent","url":"https:\/\/env-in-cent.hu\/","logo":{"@type":"ImageObject","inLanguage":"en-GB","@id":"https:\/\/env-in-cent.hu\/#\/schema\/logo\/image\/","url":"https:\/\/env-in-cent.hu\/wp-content\/uploads\/2024\/11\/logo.jpg","contentUrl":"https:\/\/env-in-cent.hu\/wp-content\/uploads\/2024\/11\/logo.jpg","width":170,"height":62,"caption":"Env-in-Cent"},"image":{"@id":"https:\/\/env-in-cent.hu\/#\/schema\/logo\/image\/"}},{"@type":"Person","@id":"https:\/\/env-in-cent.hu\/#\/schema\/person\/08a7dac74c2fe21558e1c2d5031c2286","name":"wpadmin","image":{"@type":"ImageObject","inLanguage":"en-GB","@id":"https:\/\/env-in-cent.hu\/#\/schema\/person\/image\/","url":"https:\/\/secure.gravatar.com\/avatar\/53a24cf06dbef3f89a60c98c61552040977719f05381b5a07034a7748ee6e029?s=96&d=mm&r=g","contentUrl":"https:\/\/secure.gravatar.com\/avatar\/53a24cf06dbef3f89a60c98c61552040977719f05381b5a07034a7748ee6e029?s=96&d=mm&r=g","caption":"wpadmin"},"sameAs":["https:\/\/env-in-cent.hu"],"url":"https:\/\/env-in-cent.hu\/en\/author\/wpadmin\/"}]}},"_links":{"self":[{"href":"https:\/\/env-in-cent.hu\/en\/wp-json\/wp\/v2\/posts\/61","targetHints":{"allow":["GET"]}}],"collection":[{"href":"https:\/\/env-in-cent.hu\/en\/wp-json\/wp\/v2\/posts"}],"about":[{"href":"https:\/\/env-in-cent.hu\/en\/wp-json\/wp\/v2\/types\/post"}],"author":[{"embeddable":true,"href":"https:\/\/env-in-cent.hu\/en\/wp-json\/wp\/v2\/users\/1"}],"replies":[{"embeddable":true,"href":"https:\/\/env-in-cent.hu\/en\/wp-json\/wp\/v2\/comments?post=61"}],"version-history":[{"count":2,"href":"https:\/\/env-in-cent.hu\/en\/wp-json\/wp\/v2\/posts\/61\/revisions"}],"predecessor-version":[{"id":417,"href":"https:\/\/env-in-cent.hu\/en\/wp-json\/wp\/v2\/posts\/61\/revisions\/417"}],"wp:attachment":[{"href":"https:\/\/env-in-cent.hu\/en\/wp-json\/wp\/v2\/media?parent=61"}],"wp:term":[{"taxonomy":"category","embeddable":true,"href":"https:\/\/env-in-cent.hu\/en\/wp-json\/wp\/v2\/categories?post=61"},{"taxonomy":"post_tag","embeddable":true,"href":"https:\/\/env-in-cent.hu\/en\/wp-json\/wp\/v2\/tags?post=61"}],"curies":[{"name":"wp","href":"https:\/\/api.w.org\/{rel}","templated":true}]}}