{"id":57,"date":"2018-06-15T00:00:00","date_gmt":"2018-06-15T00:00:00","guid":{"rendered":"https:\/\/env-in-cent.hu\/?p=57"},"modified":"2024-12-04T15:04:29","modified_gmt":"2024-12-04T15:04:29","slug":"a-kormany-elfogadta-az-energetikai-iparfejlesztesi-es-kfi-cselekvesi-tervet-az-skv-t-az-env-in-cent-kft-keszitette","status":"publish","type":"post","link":"https:\/\/env-in-cent.hu\/en\/2018\/06\/15\/a-kormany-elfogadta-az-energetikai-iparfejlesztesi-es-kfi-cselekvesi-tervet-az-skv-t-az-env-in-cent-kft-keszitette\/","title":{"rendered":"A Korm\u00e1ny elfogadta az Energetikai Iparfejleszt\u00e9si \u00e9s KFI Cselekv\u00e9si Tervet; az SKV-t az Env-in-Cent Kft- k\u00e9sz\u00edtette"},"content":{"rendered":"<p class='Szveg' style='text-align: justify;'>A Nemzeti Energiastrat\u00e9gia el\u0151\u00edrja, hogy k\u00e9sz\u00fclj\u00f6n cselekv\u00e9si terv az energetikai iparfejleszt\u00e9s, K+F \u00e9s innov\u00e1ci\u00f3 t\u00e9mak\u00f6r\u00e9ben. Ennek figyelembev\u00e9tel\u00e9vel k\u00e9sz\u00fclt el az <a href='https:\/\/hirlevel.egov.hu\/tag\/energetikai-iparfejlesztesi-es-kfi-cselekvesi-terv-ekficst\/'>Energetikai Iparfejleszt\u00e9si \u00e9s KFI Cselekv\u00e9si Terv<\/a> c. dokumentum, mely t\u00f6bbek k\u00f6z\u00f6tt \u00e9rinti az energiapiac sz\u00e1m\u00e1ra sz\u00fcks\u00e9ges szakemberk\u00e9pz\u00e9s szervezeti \u00e9s p\u00e9nz\u00fcgyi felt\u00e9teleit, a kutat\u00e1s-fejleszt\u00e9s \u00e9s oktat\u00e1s magas szint\u0171 folytat\u00e1s\u00e1t \u00e9s a hazai kutat\u00e1sfejleszt\u00e9s eredm\u00e9nyeinek gyakorlatba val\u00f3 \u00e1t\u00fcltet\u00e9s\u00e9t is. A Cselekv\u00e9si Terv \u00e1ltal\u00e1nos c\u00e9lja, hogy ir\u00e1nyt mutasson \u00e9s szakpolitikai t\u00e1mogat\u00e1st biztos\u00edtson a hazai energiaipar szerepl\u0151i sz\u00e1m\u00e1ra, a beruh\u00e1z\u00e1sok \u00e9s a KFI tev\u00e9kenys\u00e9g nemzeti energiastrat\u00e9giai c\u00e9lokhoz igazod\u00f3 l\u00e9trehoz\u00e1sa, \u00f6sszehangol\u00e1sa \u00e9s \u00e9l\u00e9nk\u00edt\u00e9se \u00e9rdek\u00e9ben. Tov\u00e1bb\u00e1 c\u00e9lja, hogy hozz\u00e1j\u00e1ruljon az alacsony energia\u00e1rakhoz, a munkahelyteremt\u00e9shez, a k\u00f6rnyezet- \u00e9s kl\u00edmav\u00e9delemhez, az energiaimport-f\u00fcgg\u0151s\u00e9g cs\u00f6kkent\u00e9s\u00e9hez, valamint az ell\u00e1t\u00e1sbiztons\u00e1g folyamatos, magas szint\u0171 fenntart\u00e1s\u00e1hoz.<\/p>\n<p class='Szveg' style='text-align: justify;'>&nbsp;<\/p>\n<p class='Szveg' style='text-align: justify;'>2017. \u00e9vben az energiapolitik\u00e1\u00e9rt felel\u0151s miniszt\u00e9rium megb\u00edz\u00e1s\u00e1b\u00f3l az Env-in-Cent Kft. elk\u00e9sz\u00edtette az &bdquo;Energetikai Iparfejleszt\u00e9si \u00e9s KFI Cselekv\u00e9si Terv 2030&rdquo; c. dokumentum Strat\u00e9giai K\u00f6rnyezeti Vizsg\u00e1lat\u00e1t (SKV). Az SKV elj\u00e1r\u00e1s a Cselekv\u00e9si Terv kidolgoz\u00e1s\u00e1nak keret\u00e9ben ker\u00fclt lefolytat\u00e1sra. Az SKV lefolytat\u00e1s\u00e1nak v\u00e9gs\u0151 c\u00e9lja egy olyan k\u00f6rnyezeti \u00e9rt\u00e9kel\u00e9s \u00f6ssze\u00e1ll\u00edt\u00e1sa volt, amely v\u00e9grehajthat\u00f3 javaslatokat tesz a Cselekv\u00e9si Terv k\u00f6rnyezeti teljes\u00edtm\u00e9ny\u00e9nek jav\u00edt\u00e1s\u00e1ra, valamint az energetikai iparfejleszt\u00e9s \u00e9s KFI keret\u00e9ben a fenntarthat\u00f3 fejl\u0151d\u00e9s \u00e9rv\u00e9nyes\u00edt\u00e9s\u00e9re. A kedvez\u0151tlen hat\u00e1sok megel\u0151z\u00e9se, m\u00e9rs\u00e9kl\u00e9se \u00e9rdek\u00e9ben \u00f6sszess\u00e9g\u00e9ben 36 javaslatot, aj\u00e1nl\u00e1st fogalmazott meg az SKV dokumentum.<\/p>\n<p class='Szveg' style='text-align: justify;'>&nbsp;<\/p>\n<p style='text-align: justify;'>Az Energetikai Iparfejleszt\u00e9si \u00e9s KFI Cselekv\u00e9si Tervr\u0151l \u00e9s az arr\u00f3l k\u00e9sz\u00fclt SKV K\u00f6rnyezeti Jelent\u00e9sr\u0151l az Orsz\u00e1gos K\u00f6rnyezetv\u00e9delmi Tan\u00e1cs (OKT) <a href='https:\/\/www.oktt.hu\/allasfoglalasok\/allasfoglalasok-idorendben\/category\/14-2017?download=211:okt-allasfoglalas-ekficst-skv-2017-oktober'>\u00e1ll\u00e1sfoglal\u00e1st<\/a>&nbsp;adott ki. Az OKT t\u00f6bbek k\u00f6z\u00f6tt meg\u00e1llap\u00edtja: &bdquo;<em>Az SKV szerkezete, fel\u00e9p\u00edt\u00e9se \u00e9s tartalma professzion\u00e1lis munk\u00e1t t\u00fckr\u00f6z, de k\u00e9nyszer\u0171en t\u00fckr\u00f6zi az alapdokumentum hi\u00e1nyoss\u00e1gait, amelyeket helyenk\u00e9nt p\u00f3tolni igyekszik. K\u00fcl\u00f6n el\u0151nyek\u00e9nt eml\u00edthet\u0151, hogy r\u00e9szletesen vizsg\u00e1lta a TFCST-vel kapcsolatba hozhat\u00f3 tov\u00e1bbi orsz\u00e1gos strat\u00e9gi\u00e1kkal \u00e9s tervekkel val\u00f3 kapcsolatot \u00e9s \u00f6sszhangot (ill. annak esetleges hi\u00e1ny\u00e1t) \u00e9s felh\u00edvta a figyelmet arra, hogy a hi\u00e1nyos egyeztet\u00e9sek miatt fenn\u00e1ll\u00f3 ellentmond\u00e1sokat a k\u00e9s\u0151bbiek sor\u00e1n ki kell k\u00fcsz\u00f6b\u00f6lni.<\/em>&rdquo;<\/p>","protected":false},"excerpt":{"rendered":"<p>Megjelent a 1273\/2018. (VI. 15.) Korm. hat\u00e1rozat az Energetikai Iparfejleszt\u00e9si \u00e9s KFI Cselekv\u00e9si Tervr\u0151l, melynek strat\u00e9giai k\u00f6rnyezeti vizsg\u00e1lat\u00e1t (SKV) az Env-in-Cent Kft. v\u00e9gezte el.<\/p>","protected":false},"author":1,"featured_media":202,"comment_status":"closed","ping_status":"open","sticky":false,"template":"","format":"standard","meta":{"footnotes":""},"categories":[3],"tags":[],"class_list":["post-57","post","type-post","status-publish","format-standard","has-post-thumbnail","hentry","category-hirek"],"yoast_head":"<!-- This site is optimized with the Yoast SEO plugin v23.9 - https:\/\/yoast.com\/wordpress\/plugins\/seo\/ -->\n<title>A Korm\u00e1ny elfogadta az Energetikai Iparfejleszt\u00e9si \u00e9s KFI Cselekv\u00e9si Tervet; az SKV-t az Env-in-Cent Kft- k\u00e9sz\u00edtette - Env-in-Cent<\/title>\n<meta name=\"robots\" content=\"noindex, follow, max-snippet:-1, max-image-preview:large, max-video-preview:-1\" \/>\n<meta property=\"og:locale\" content=\"en_GB\" \/>\n<meta property=\"og:type\" content=\"article\" \/>\n<meta property=\"og:title\" content=\"A Korm\u00e1ny elfogadta az Energetikai Iparfejleszt\u00e9si \u00e9s KFI Cselekv\u00e9si Tervet; az SKV-t az Env-in-Cent Kft- k\u00e9sz\u00edtette - Env-in-Cent\" \/>\n<meta property=\"og:description\" content=\"Megjelent a 1273\/2018. (VI. 15.) Korm. hat\u00e1rozat az Energetikai Iparfejleszt\u00e9si \u00e9s KFI Cselekv\u00e9si Tervr\u0151l, melynek strat\u00e9giai k\u00f6rnyezeti vizsg\u00e1lat\u00e1t (SKV) az Env-in-Cent Kft. v\u00e9gezte el.\" \/>\n<meta property=\"og:url\" content=\"https:\/\/env-in-cent.hu\/en\/2018\/06\/15\/a-kormany-elfogadta-az-energetikai-iparfejlesztesi-es-kfi-cselekvesi-tervet-az-skv-t-az-env-in-cent-kft-keszitette\/\" \/>\n<meta property=\"og:site_name\" content=\"Env-in-Cent\" \/>\n<meta property=\"article:published_time\" content=\"2018-06-15T00:00:00+00:00\" \/>\n<meta property=\"article:modified_time\" content=\"2024-12-04T15:04:29+00:00\" \/>\n<meta property=\"og:image\" content=\"https:\/\/env-in-cent.hu\/wp-content\/uploads\/2018\/07\/SKVEKFICST.jpg\" \/>\n\t<meta property=\"og:image:width\" content=\"300\" \/>\n\t<meta property=\"og:image:height\" content=\"340\" \/>\n\t<meta property=\"og:image:type\" content=\"image\/jpeg\" \/>\n<meta name=\"author\" content=\"wpadmin\" \/>\n<meta name=\"twitter:card\" content=\"summary_large_image\" \/>\n<meta name=\"twitter:label1\" content=\"Written by\" \/>\n\t<meta name=\"twitter:data1\" content=\"wpadmin\" \/>\n\t<meta name=\"twitter:label2\" content=\"Estimated reading time\" \/>\n\t<meta name=\"twitter:data2\" content=\"2 minutes\" \/>\n<script type=\"application\/ld+json\" class=\"yoast-schema-graph\">{\"@context\":\"https:\/\/schema.org\",\"@graph\":[{\"@type\":\"Article\",\"@id\":\"https:\/\/env-in-cent.hu\/2018\/06\/15\/a-kormany-elfogadta-az-energetikai-iparfejlesztesi-es-kfi-cselekvesi-tervet-az-skv-t-az-env-in-cent-kft-keszitette\/#article\",\"isPartOf\":{\"@id\":\"https:\/\/env-in-cent.hu\/2018\/06\/15\/a-kormany-elfogadta-az-energetikai-iparfejlesztesi-es-kfi-cselekvesi-tervet-az-skv-t-az-env-in-cent-kft-keszitette\/\"},\"author\":{\"name\":\"wpadmin\",\"@id\":\"https:\/\/env-in-cent.hu\/#\/schema\/person\/08a7dac74c2fe21558e1c2d5031c2286\"},\"headline\":\"A Korm\u00e1ny elfogadta az Energetikai Iparfejleszt\u00e9si \u00e9s KFI Cselekv\u00e9si Tervet; az SKV-t az Env-in-Cent Kft- k\u00e9sz\u00edtette\",\"datePublished\":\"2018-06-15T00:00:00+00:00\",\"dateModified\":\"2024-12-04T15:04:29+00:00\",\"mainEntityOfPage\":{\"@id\":\"https:\/\/env-in-cent.hu\/2018\/06\/15\/a-kormany-elfogadta-az-energetikai-iparfejlesztesi-es-kfi-cselekvesi-tervet-az-skv-t-az-env-in-cent-kft-keszitette\/\"},\"wordCount\":511,\"publisher\":{\"@id\":\"https:\/\/env-in-cent.hu\/#organization\"},\"image\":{\"@id\":\"https:\/\/env-in-cent.hu\/2018\/06\/15\/a-kormany-elfogadta-az-energetikai-iparfejlesztesi-es-kfi-cselekvesi-tervet-az-skv-t-az-env-in-cent-kft-keszitette\/#primaryimage\"},\"thumbnailUrl\":\"https:\/\/env-in-cent.hu\/wp-content\/uploads\/2018\/07\/SKVEKFICST.jpg\",\"articleSection\":[\"H\u00edrek\"],\"inLanguage\":\"en-GB\"},{\"@type\":\"WebPage\",\"@id\":\"https:\/\/env-in-cent.hu\/2018\/06\/15\/a-kormany-elfogadta-az-energetikai-iparfejlesztesi-es-kfi-cselekvesi-tervet-az-skv-t-az-env-in-cent-kft-keszitette\/\",\"url\":\"https:\/\/env-in-cent.hu\/2018\/06\/15\/a-kormany-elfogadta-az-energetikai-iparfejlesztesi-es-kfi-cselekvesi-tervet-az-skv-t-az-env-in-cent-kft-keszitette\/\",\"name\":\"A Korm\u00e1ny elfogadta az Energetikai Iparfejleszt\u00e9si \u00e9s KFI Cselekv\u00e9si Tervet; az SKV-t az Env-in-Cent Kft- k\u00e9sz\u00edtette - Env-in-Cent\",\"isPartOf\":{\"@id\":\"https:\/\/env-in-cent.hu\/#website\"},\"primaryImageOfPage\":{\"@id\":\"https:\/\/env-in-cent.hu\/2018\/06\/15\/a-kormany-elfogadta-az-energetikai-iparfejlesztesi-es-kfi-cselekvesi-tervet-az-skv-t-az-env-in-cent-kft-keszitette\/#primaryimage\"},\"image\":{\"@id\":\"https:\/\/env-in-cent.hu\/2018\/06\/15\/a-kormany-elfogadta-az-energetikai-iparfejlesztesi-es-kfi-cselekvesi-tervet-az-skv-t-az-env-in-cent-kft-keszitette\/#primaryimage\"},\"thumbnailUrl\":\"https:\/\/env-in-cent.hu\/wp-content\/uploads\/2018\/07\/SKVEKFICST.jpg\",\"datePublished\":\"2018-06-15T00:00:00+00:00\",\"dateModified\":\"2024-12-04T15:04:29+00:00\",\"breadcrumb\":{\"@id\":\"https:\/\/env-in-cent.hu\/2018\/06\/15\/a-kormany-elfogadta-az-energetikai-iparfejlesztesi-es-kfi-cselekvesi-tervet-az-skv-t-az-env-in-cent-kft-keszitette\/#breadcrumb\"},\"inLanguage\":\"en-GB\",\"potentialAction\":[{\"@type\":\"ReadAction\",\"target\":[\"https:\/\/env-in-cent.hu\/2018\/06\/15\/a-kormany-elfogadta-az-energetikai-iparfejlesztesi-es-kfi-cselekvesi-tervet-az-skv-t-az-env-in-cent-kft-keszitette\/\"]}]},{\"@type\":\"ImageObject\",\"inLanguage\":\"en-GB\",\"@id\":\"https:\/\/env-in-cent.hu\/2018\/06\/15\/a-kormany-elfogadta-az-energetikai-iparfejlesztesi-es-kfi-cselekvesi-tervet-az-skv-t-az-env-in-cent-kft-keszitette\/#primaryimage\",\"url\":\"https:\/\/env-in-cent.hu\/wp-content\/uploads\/2018\/07\/SKVEKFICST.jpg\",\"contentUrl\":\"https:\/\/env-in-cent.hu\/wp-content\/uploads\/2018\/07\/SKVEKFICST.jpg\",\"width\":300,\"height\":340},{\"@type\":\"BreadcrumbList\",\"@id\":\"https:\/\/env-in-cent.hu\/2018\/06\/15\/a-kormany-elfogadta-az-energetikai-iparfejlesztesi-es-kfi-cselekvesi-tervet-az-skv-t-az-env-in-cent-kft-keszitette\/#breadcrumb\",\"itemListElement\":[{\"@type\":\"ListItem\",\"position\":1,\"name\":\"Kezd\u0151lap\",\"item\":\"https:\/\/env-in-cent.hu\/\"},{\"@type\":\"ListItem\",\"position\":2,\"name\":\"A Korm\u00e1ny elfogadta az Energetikai Iparfejleszt\u00e9si \u00e9s KFI Cselekv\u00e9si Tervet; az SKV-t az Env-in-Cent Kft- k\u00e9sz\u00edtette\"}]},{\"@type\":\"WebSite\",\"@id\":\"https:\/\/env-in-cent.hu\/#website\",\"url\":\"https:\/\/env-in-cent.hu\/\",\"name\":\"Env-in-Cent\",\"description\":\"Env-in-Cent K\u00f6rnyezetv\u00e9delmi Tan\u00e1csad\u00f3 Iroda Kft.\",\"publisher\":{\"@id\":\"https:\/\/env-in-cent.hu\/#organization\"},\"potentialAction\":[{\"@type\":\"SearchAction\",\"target\":{\"@type\":\"EntryPoint\",\"urlTemplate\":\"https:\/\/env-in-cent.hu\/?s={search_term_string}\"},\"query-input\":{\"@type\":\"PropertyValueSpecification\",\"valueRequired\":true,\"valueName\":\"search_term_string\"}}],\"inLanguage\":\"en-GB\"},{\"@type\":\"Organization\",\"@id\":\"https:\/\/env-in-cent.hu\/#organization\",\"name\":\"Env-in-Cent\",\"url\":\"https:\/\/env-in-cent.hu\/\",\"logo\":{\"@type\":\"ImageObject\",\"inLanguage\":\"en-GB\",\"@id\":\"https:\/\/env-in-cent.hu\/#\/schema\/logo\/image\/\",\"url\":\"https:\/\/env-in-cent.hu\/wp-content\/uploads\/2024\/11\/logo.jpg\",\"contentUrl\":\"https:\/\/env-in-cent.hu\/wp-content\/uploads\/2024\/11\/logo.jpg\",\"width\":170,\"height\":62,\"caption\":\"Env-in-Cent\"},\"image\":{\"@id\":\"https:\/\/env-in-cent.hu\/#\/schema\/logo\/image\/\"}},{\"@type\":\"Person\",\"@id\":\"https:\/\/env-in-cent.hu\/#\/schema\/person\/08a7dac74c2fe21558e1c2d5031c2286\",\"name\":\"wpadmin\",\"image\":{\"@type\":\"ImageObject\",\"inLanguage\":\"en-GB\",\"@id\":\"https:\/\/env-in-cent.hu\/#\/schema\/person\/image\/\",\"url\":\"https:\/\/secure.gravatar.com\/avatar\/53a24cf06dbef3f89a60c98c61552040977719f05381b5a07034a7748ee6e029?s=96&d=mm&r=g\",\"contentUrl\":\"https:\/\/secure.gravatar.com\/avatar\/53a24cf06dbef3f89a60c98c61552040977719f05381b5a07034a7748ee6e029?s=96&d=mm&r=g\",\"caption\":\"wpadmin\"},\"sameAs\":[\"https:\/\/env-in-cent.hu\"],\"url\":\"https:\/\/env-in-cent.hu\/en\/author\/wpadmin\/\"}]}<\/script>\n<!-- \/ Yoast SEO plugin. -->","yoast_head_json":{"title":"A Korm\u00e1ny elfogadta az Energetikai Iparfejleszt\u00e9si \u00e9s KFI Cselekv\u00e9si Tervet; az SKV-t az Env-in-Cent Kft- k\u00e9sz\u00edtette - Env-in-Cent","robots":{"index":"noindex","follow":"follow","max-snippet":"max-snippet:-1","max-image-preview":"max-image-preview:large","max-video-preview":"max-video-preview:-1"},"og_locale":"en_GB","og_type":"article","og_title":"A Korm\u00e1ny elfogadta az Energetikai Iparfejleszt\u00e9si \u00e9s KFI Cselekv\u00e9si Tervet; az SKV-t az Env-in-Cent Kft- k\u00e9sz\u00edtette - Env-in-Cent","og_description":"Megjelent a 1273\/2018. (VI. 15.) Korm. hat\u00e1rozat az Energetikai Iparfejleszt\u00e9si \u00e9s KFI Cselekv\u00e9si Tervr\u0151l, melynek strat\u00e9giai k\u00f6rnyezeti vizsg\u00e1lat\u00e1t (SKV) az Env-in-Cent Kft. v\u00e9gezte el.","og_url":"https:\/\/env-in-cent.hu\/en\/2018\/06\/15\/a-kormany-elfogadta-az-energetikai-iparfejlesztesi-es-kfi-cselekvesi-tervet-az-skv-t-az-env-in-cent-kft-keszitette\/","og_site_name":"Env-in-Cent","article_published_time":"2018-06-15T00:00:00+00:00","article_modified_time":"2024-12-04T15:04:29+00:00","og_image":[{"width":300,"height":340,"url":"https:\/\/env-in-cent.hu\/wp-content\/uploads\/2018\/07\/SKVEKFICST.jpg","type":"image\/jpeg"}],"author":"wpadmin","twitter_card":"summary_large_image","twitter_misc":{"Written by":"wpadmin","Estimated reading time":"2 minutes"},"schema":{"@context":"https:\/\/schema.org","@graph":[{"@type":"Article","@id":"https:\/\/env-in-cent.hu\/2018\/06\/15\/a-kormany-elfogadta-az-energetikai-iparfejlesztesi-es-kfi-cselekvesi-tervet-az-skv-t-az-env-in-cent-kft-keszitette\/#article","isPartOf":{"@id":"https:\/\/env-in-cent.hu\/2018\/06\/15\/a-kormany-elfogadta-az-energetikai-iparfejlesztesi-es-kfi-cselekvesi-tervet-az-skv-t-az-env-in-cent-kft-keszitette\/"},"author":{"name":"wpadmin","@id":"https:\/\/env-in-cent.hu\/#\/schema\/person\/08a7dac74c2fe21558e1c2d5031c2286"},"headline":"A Korm\u00e1ny elfogadta az Energetikai Iparfejleszt\u00e9si \u00e9s KFI Cselekv\u00e9si Tervet; az SKV-t az Env-in-Cent Kft- k\u00e9sz\u00edtette","datePublished":"2018-06-15T00:00:00+00:00","dateModified":"2024-12-04T15:04:29+00:00","mainEntityOfPage":{"@id":"https:\/\/env-in-cent.hu\/2018\/06\/15\/a-kormany-elfogadta-az-energetikai-iparfejlesztesi-es-kfi-cselekvesi-tervet-az-skv-t-az-env-in-cent-kft-keszitette\/"},"wordCount":511,"publisher":{"@id":"https:\/\/env-in-cent.hu\/#organization"},"image":{"@id":"https:\/\/env-in-cent.hu\/2018\/06\/15\/a-kormany-elfogadta-az-energetikai-iparfejlesztesi-es-kfi-cselekvesi-tervet-az-skv-t-az-env-in-cent-kft-keszitette\/#primaryimage"},"thumbnailUrl":"https:\/\/env-in-cent.hu\/wp-content\/uploads\/2018\/07\/SKVEKFICST.jpg","articleSection":["H\u00edrek"],"inLanguage":"en-GB"},{"@type":"WebPage","@id":"https:\/\/env-in-cent.hu\/2018\/06\/15\/a-kormany-elfogadta-az-energetikai-iparfejlesztesi-es-kfi-cselekvesi-tervet-az-skv-t-az-env-in-cent-kft-keszitette\/","url":"https:\/\/env-in-cent.hu\/2018\/06\/15\/a-kormany-elfogadta-az-energetikai-iparfejlesztesi-es-kfi-cselekvesi-tervet-az-skv-t-az-env-in-cent-kft-keszitette\/","name":"A Korm\u00e1ny elfogadta az Energetikai Iparfejleszt\u00e9si \u00e9s KFI Cselekv\u00e9si Tervet; az SKV-t az Env-in-Cent Kft- k\u00e9sz\u00edtette - Env-in-Cent","isPartOf":{"@id":"https:\/\/env-in-cent.hu\/#website"},"primaryImageOfPage":{"@id":"https:\/\/env-in-cent.hu\/2018\/06\/15\/a-kormany-elfogadta-az-energetikai-iparfejlesztesi-es-kfi-cselekvesi-tervet-az-skv-t-az-env-in-cent-kft-keszitette\/#primaryimage"},"image":{"@id":"https:\/\/env-in-cent.hu\/2018\/06\/15\/a-kormany-elfogadta-az-energetikai-iparfejlesztesi-es-kfi-cselekvesi-tervet-az-skv-t-az-env-in-cent-kft-keszitette\/#primaryimage"},"thumbnailUrl":"https:\/\/env-in-cent.hu\/wp-content\/uploads\/2018\/07\/SKVEKFICST.jpg","datePublished":"2018-06-15T00:00:00+00:00","dateModified":"2024-12-04T15:04:29+00:00","breadcrumb":{"@id":"https:\/\/env-in-cent.hu\/2018\/06\/15\/a-kormany-elfogadta-az-energetikai-iparfejlesztesi-es-kfi-cselekvesi-tervet-az-skv-t-az-env-in-cent-kft-keszitette\/#breadcrumb"},"inLanguage":"en-GB","potentialAction":[{"@type":"ReadAction","target":["https:\/\/env-in-cent.hu\/2018\/06\/15\/a-kormany-elfogadta-az-energetikai-iparfejlesztesi-es-kfi-cselekvesi-tervet-az-skv-t-az-env-in-cent-kft-keszitette\/"]}]},{"@type":"ImageObject","inLanguage":"en-GB","@id":"https:\/\/env-in-cent.hu\/2018\/06\/15\/a-kormany-elfogadta-az-energetikai-iparfejlesztesi-es-kfi-cselekvesi-tervet-az-skv-t-az-env-in-cent-kft-keszitette\/#primaryimage","url":"https:\/\/env-in-cent.hu\/wp-content\/uploads\/2018\/07\/SKVEKFICST.jpg","contentUrl":"https:\/\/env-in-cent.hu\/wp-content\/uploads\/2018\/07\/SKVEKFICST.jpg","width":300,"height":340},{"@type":"BreadcrumbList","@id":"https:\/\/env-in-cent.hu\/2018\/06\/15\/a-kormany-elfogadta-az-energetikai-iparfejlesztesi-es-kfi-cselekvesi-tervet-az-skv-t-az-env-in-cent-kft-keszitette\/#breadcrumb","itemListElement":[{"@type":"ListItem","position":1,"name":"Kezd\u0151lap","item":"https:\/\/env-in-cent.hu\/"},{"@type":"ListItem","position":2,"name":"A Korm\u00e1ny elfogadta az Energetikai Iparfejleszt\u00e9si \u00e9s KFI Cselekv\u00e9si Tervet; az SKV-t az Env-in-Cent Kft- k\u00e9sz\u00edtette"}]},{"@type":"WebSite","@id":"https:\/\/env-in-cent.hu\/#website","url":"https:\/\/env-in-cent.hu\/","name":"Env-in-Cent","description":"Env-in-Cent K\u00f6rnyezetv\u00e9delmi Tan\u00e1csad\u00f3 Iroda Kft.","publisher":{"@id":"https:\/\/env-in-cent.hu\/#organization"},"potentialAction":[{"@type":"SearchAction","target":{"@type":"EntryPoint","urlTemplate":"https:\/\/env-in-cent.hu\/?s={search_term_string}"},"query-input":{"@type":"PropertyValueSpecification","valueRequired":true,"valueName":"search_term_string"}}],"inLanguage":"en-GB"},{"@type":"Organization","@id":"https:\/\/env-in-cent.hu\/#organization","name":"Env-in-Cent","url":"https:\/\/env-in-cent.hu\/","logo":{"@type":"ImageObject","inLanguage":"en-GB","@id":"https:\/\/env-in-cent.hu\/#\/schema\/logo\/image\/","url":"https:\/\/env-in-cent.hu\/wp-content\/uploads\/2024\/11\/logo.jpg","contentUrl":"https:\/\/env-in-cent.hu\/wp-content\/uploads\/2024\/11\/logo.jpg","width":170,"height":62,"caption":"Env-in-Cent"},"image":{"@id":"https:\/\/env-in-cent.hu\/#\/schema\/logo\/image\/"}},{"@type":"Person","@id":"https:\/\/env-in-cent.hu\/#\/schema\/person\/08a7dac74c2fe21558e1c2d5031c2286","name":"wpadmin","image":{"@type":"ImageObject","inLanguage":"en-GB","@id":"https:\/\/env-in-cent.hu\/#\/schema\/person\/image\/","url":"https:\/\/secure.gravatar.com\/avatar\/53a24cf06dbef3f89a60c98c61552040977719f05381b5a07034a7748ee6e029?s=96&d=mm&r=g","contentUrl":"https:\/\/secure.gravatar.com\/avatar\/53a24cf06dbef3f89a60c98c61552040977719f05381b5a07034a7748ee6e029?s=96&d=mm&r=g","caption":"wpadmin"},"sameAs":["https:\/\/env-in-cent.hu"],"url":"https:\/\/env-in-cent.hu\/en\/author\/wpadmin\/"}]}},"_links":{"self":[{"href":"https:\/\/env-in-cent.hu\/en\/wp-json\/wp\/v2\/posts\/57","targetHints":{"allow":["GET"]}}],"collection":[{"href":"https:\/\/env-in-cent.hu\/en\/wp-json\/wp\/v2\/posts"}],"about":[{"href":"https:\/\/env-in-cent.hu\/en\/wp-json\/wp\/v2\/types\/post"}],"author":[{"embeddable":true,"href":"https:\/\/env-in-cent.hu\/en\/wp-json\/wp\/v2\/users\/1"}],"replies":[{"embeddable":true,"href":"https:\/\/env-in-cent.hu\/en\/wp-json\/wp\/v2\/comments?post=57"}],"version-history":[{"count":2,"href":"https:\/\/env-in-cent.hu\/en\/wp-json\/wp\/v2\/posts\/57\/revisions"}],"predecessor-version":[{"id":424,"href":"https:\/\/env-in-cent.hu\/en\/wp-json\/wp\/v2\/posts\/57\/revisions\/424"}],"wp:featuredmedia":[{"embeddable":true,"href":"https:\/\/env-in-cent.hu\/en\/wp-json\/wp\/v2\/media\/202"}],"wp:attachment":[{"href":"https:\/\/env-in-cent.hu\/en\/wp-json\/wp\/v2\/media?parent=57"}],"wp:term":[{"taxonomy":"category","embeddable":true,"href":"https:\/\/env-in-cent.hu\/en\/wp-json\/wp\/v2\/categories?post=57"},{"taxonomy":"post_tag","embeddable":true,"href":"https:\/\/env-in-cent.hu\/en\/wp-json\/wp\/v2\/tags?post=57"}],"curies":[{"name":"wp","href":"https:\/\/api.w.org\/{rel}","templated":true}]}}