{"id":54,"date":"2018-05-24T00:00:00","date_gmt":"2018-05-24T00:00:00","guid":{"rendered":"https:\/\/env-in-cent.hu\/?p=54"},"modified":"2024-12-04T15:10:47","modified_gmt":"2024-12-04T15:10:47","slug":"az-env-in-cent-kft-szakmai-koordinaciojaval-elkeszult-sajoszentpeter-varos-fenntarthato-energia-es-klima-akcioterve-secap","status":"publish","type":"post","link":"https:\/\/env-in-cent.hu\/en\/2018\/05\/24\/az-env-in-cent-kft-szakmai-koordinaciojaval-elkeszult-sajoszentpeter-varos-fenntarthato-energia-es-klima-akcioterve-secap\/","title":{"rendered":"Az Env-in-Cent Kft- szakmai koordin\u00e1ci\u00f3j\u00e1val elk\u00e9sz\u00fclt Saj\u00f3szentp\u00e9ter v\u00e1ros Fenntarthat\u00f3 Energia- \u00e9s Kl\u00edma Akci\u00f3terve (SECAP)"},"content":{"rendered":"<p class=\"Default\" style=\"text-align: justify;\">A k\u00e9pvisel\u0151-test\u00fclet 2018. m\u00e1jus 24-i nyilv\u00e1nos \u00fcl\u00e9s\u00e9n ellenszavazat \u00e9s tart\u00f3zkod\u00e1s n\u00e9lk\u00fcl \u00fagy hat\u00e1rozott, hogy elfogadja a <a href=\"http:\/\/www.onkportal.hu\/letoltes.php?h=nt&amp;tl_azn=sajoszentpeter&amp;file=sajoszentpeter_20180524_14-0_12345.pdf\" data-wplink-edit=\"true\"><u>Saj\u00f3szentp\u00e9ter V\u00e1ros Fenntarthat\u00f3 Energia- \u00e9s Kl\u00edma Akci\u00f3terve (SECAP)<\/u><\/a> c\u00edm\u0171 dokumentumot.<\/p>\n<p class=\"Default\" style=\"text-align: justify;\">Saj\u00f3szentp\u00e9ter V\u00e1rosi \u00f6nkorm\u00e1nyzat megb\u00edz\u00e1s\u00e1b\u00f3l az Env-in-Cent Kft. sz\u00e1mos, az \u00e9rintett t\u00e9mak\u00f6r\u00f6kben j\u00e1ratos szak\u00e9rt\u0151 k\u00f6zrem\u0171k\u00f6d\u00e9s\u00e9vel kidolgozta a v\u00e1ros SECAP dokumentum\u00e1t.<\/p>\n<p class=\"Szveg\" style=\"text-align: justify;\">Saj\u00f3szentp\u00e9ter V\u00e1rosi \u00f6nkorm\u00e1nyzat a Ter\u00fclet- \u00e9s Telep\u00fcl\u00e9sfejleszt\u00e9si Operat\u00edv Programban p\u00e1ly\u00e1zat keret\u00e9ben, a Borsod-Aba\u00faj-Zempl\u00e9n Megyei \u00f6nkorm\u00e1nyzat konzorciumi partnerek\u00e9nt v\u00e1llalta a dokumentum kidolgoz\u00e1s\u00e1t. A SECAP keret\u00e9ben els\u0151 alkalommal k\u00e9sz\u00fclt el a v\u00e1ros \u00fcvegh\u00e1zhat\u00e1s\u00fa g\u00e1z-kibocs\u00e1t\u00e1si lelt\u00e1ra, 2010. \u00e9s 2015. \u00e9vekre. Az energiafelhaszn\u00e1l\u00e1ssal \u00f6sszef\u00fcgg\u0151 CO<sub>2<\/sub> kibocs\u00e1t\u00e1s a 2015-\u00f6s \u00e9vben 30 154,1 tonna volt, m\u00edg 2010-ben k\u00f6zel ugyanennyi, 30 840,2 tonna, teh\u00e1t sz\u00e1mottev\u0151 elt\u00e9r\u00e9s nem k\u00f6vetkezett be az \u00f6t\u00e9ves id\u0151szak alatt. L\u00e9nyeges, hogy 2010-ben a telep\u00fcl\u00e9s CO<sub>2<\/sub> kibocs\u00e1t\u00e1s\u00e1nak kb. 60%-a a lak\u00f3\u00e9p\u00fcletek energiafelhaszn\u00e1l\u00e1s\u00e1hoz kapcsol\u00f3dott, m\u00edg az \u00e1tmen\u0151 forgalom a kibocs\u00e1t\u00e1s kb. 12%-\u00e9rt felelt.<\/p>\n<p class=\"Szveg\" style=\"text-align: justify;\">A SECAP keret\u00e9ben CO<sub>2<\/sub> kibocs\u00e1t\u00e1s-cs\u00f6kkent\u00e9si strat\u00e9gia \u00e9s akci\u00f3terv k\u00e9sz\u00fclt. Saj\u00f3szentp\u00e9ter v\u00e1ros\u00e1ban 2030-ra a 2010-es kibocs\u00e1t\u00e1si \u00e9rt\u00e9khez k\u00e9pest \u2013 a Polg\u00e1rmesterek Kl\u00edma- \u00e9s Energia\u00fcgyi Sz\u00f6vets\u00e9ge \u00e1ltal\u00e1nos elv\u00e1r\u00e1saival \u00f6sszhangban \u2013 40%-os kibocs\u00e1t\u00e1s-cs\u00f6kkent\u00e9si c\u00e9l ker\u00fclt meghat\u00e1roz\u00e1sra. E c\u00e9l teljes\u00fcl\u00e9se eset\u00e9n 2030-ban a v\u00e1ros kibocs\u00e1t\u00e1sa 18 516 tonna CO<sub>2<\/sub> lesz, \u00edgy a megtakar\u00edt\u00e1s 12 324 tonna CO<sub>2<\/sub> a 2010-es kibocs\u00e1t\u00e1si \u00e9rt\u00e9khez k\u00e9pest. Saj\u00f3szentp\u00e9ter dekarboniz\u00e1ci\u00f3s c\u00e9ljai \u00f6sszhangban \u00e1llnak Borsod-Aba\u00faj-Zempl\u00e9n megye kl\u00edmastrat\u00e9gi\u00e1j\u00e1nak dekarboniz\u00e1ci\u00f3s c\u00e9ljaival, \u00edgy a SECAP hozz\u00e1j\u00e1rul a megyei \u00e9ghajlatpolitikai c\u00e9lok megval\u00f3sul\u00e1s\u00e1hoz is.<\/p>\n<p class=\"Szveg\" style=\"text-align: justify;\">A saj\u00f3szentp\u00e9teri SECAP mitig\u00e1ci\u00f3s munkar\u00e9sz\u00e9ben \u00f6sszess\u00e9g\u00e9ben 17 db int\u00e9zked\u00e9sre tesz\u00fcnk javaslatot. A legnagyobb ar\u00e1ny\u00fa megtakar\u00edt\u00e1s a lak\u00f3- \u00e9s k\u00f6z\u00e9p\u00fcletek energiahat\u00e9konys\u00e1g\u00e1nak n\u00f6vel\u00e9s\u00e9vel, a k\u00f6zvil\u00e1g\u00edt\u00e1s korszer\u0171s\u00edt\u00e9s\u00e9vel, valamint a villamosenergia termel\u00e9sben a meg\u00fajul\u00f3 energiahordoz\u00f3k r\u00e9szar\u00e1ny\u00e1nak n\u00f6vel\u00e9s\u00e9vel (PV kiser\u0151m\u0171 l\u00e9tes\u00edt\u00e9s\u00e9vel) \u00e9rhet\u0151 el. Kiemelked\u0151 jelent\u0151s\u00e9g\u0171 a v\u00e1ros dekarboniz\u00e1ci\u00f3s terv\u00e9nek teljes\u00fcl\u00e9se (egy\u00fattal Saj\u00f3szentp\u00e9ter k\u00f6rnyezetterhel\u00e9s\u00e9nek m\u00e9rs\u00e9kl\u00e9se) szempontj\u00e1b\u00f3l a tervezett elker\u00fcl\u0151 \u00fat megval\u00f3s\u00edt\u00e1sa. Ezzel \u00f6sszess\u00e9g\u00e9ben 3 900 t\/\u00e9v CO<sub>2<\/sub> kibocs\u00e1t\u00e1s megtakar\u00edt\u00e1s \u00e9rhet\u0151 el, mely a megtakar\u00edt\u00e1si sz\u00fcks\u00e9glet sz\u00e1mottev\u0151 r\u00e9sz\u00e9t, kb. 34%-\u00e1t adja.<\/p>\n<p class=\"Szveg\" style=\"text-align: justify;\">A saj\u00f3szentp\u00e9teri SECAP \u00e9ghajlati alkalmazkod\u00e1si strat\u00e9gi\u00e1t \u00e9s akci\u00f3tervet is tartalmaz. Ennek kiindul\u00f3pontja, hogy az \u00e1tlagh\u0151m\u00e9rs\u00e9klet n\u00f6veked\u00e9se a keleti orsz\u00e1gr\u00e9szben, \u00edgy Saj\u00f3szentp\u00e9ter k\u00f6rny\u00e9k\u00e9n is meghaladja az orsz\u00e1gos \u00e1tlagot, \u00edgy az itt \u00e9l\u0151 lakoss\u00e1g h\u0151komfortja az orsz\u00e1gos \u00e1tlagn\u00e1l er\u0151sebben fog cs\u00f6kkenni. A csapad\u00e9k\u00f6sszeg v\u00e1ltoz\u00e1sa Borsod-Aba\u00faj-Zempl\u00e9n megy\u00e9ben n\u00f6veked\u00e9st mutat, kiemelten a Saj\u00f3-v\u00f6lgyben ak\u00e1r t\u00f6bb mint 10%-kal n\u0151tt ez az \u00e9rt\u00e9k, vagyis Saj\u00f3szentp\u00e9ter eset\u00e9ben a r\u00f6vid ideig tart\u00f3, intenz\u00edv z\u00e1porok, zivatarok sz\u00e1m\u00e1nak emelked\u00e9se v\u00e1rhat\u00f3.<\/p>\n<p class=\"Szveg\" style=\"text-align: justify;\">Saj\u00f3szentp\u00e9ter \u00e9ghajlati alkalmazkod\u00e1si \u00e9s felk\u00e9sz\u00fcl\u00e9si c\u00e9ljai a k\u00f6vetkez\u0151k: (1) felk\u00e9sz\u00fcl\u00e9s a h\u0151hull\u00e1mok \u00e1ltal kiv\u00e1ltott eg\u00e9szs\u00e9g\u00fcgyi hat\u00e1sokra; (2) alkalmazkod\u00e1s a v\u00e1ros meredek ter\u00fcletein a hirtelen lez\u00fadul\u00f3 csapad\u00e9kvizek okozta er\u00f3zi\u00f3 k\u00e1rt\u00e9tel\u00e9nek m\u00e9rs\u00e9kl\u00e9s\u00e9re; (3) a k\u00f6zleked\u00e9si infrastrukt\u00fara elemek felk\u00e9sz\u00edt\u00e9se a sz\u00e9ls\u0151s\u00e9ges id\u0151j\u00e1r\u00e1si jelens\u00e9gek okozta megterhel\u00e9sre. E c\u00e9lok el\u00e9r\u00e9se \u00e9rdek\u00e9ben \u00f6sszess\u00e9g\u00e9ben 12 db alkalmazkod\u00e1si int\u00e9zked\u00e9st hat\u00e1roztunk meg, ezek t\u00f6bb, mint fele a kl\u00edmatudatoss\u00e1ggal kapcsolatos szeml\u00e9letform\u00e1l\u00e1st c\u00e9lozza.<\/p>\n<p style=\"text-align: justify;\">A SECAP dokumentum \u00e1tfog\u00f3 finansz\u00edroz\u00e1si tervet, szervez\u00e9si aj\u00e1nl\u00e1sokat \u00e9s monitoring tervet is tartalmaz.<\/p>\n\n\n<p><\/p>","protected":false},"excerpt":{"rendered":"<p>Saj\u00f3szentp\u00e9ter v\u00e1ros K\u00e9pvisel\u0151-test\u00fclete 2018. m\u00e1jus 24-\u00e9n elfogadta a v\u00e1ros SECAP dokumentum\u00e1t, mely 2030-ig hat\u00e1rozza meg a v\u00e1rosi energia- \u00e9s kl\u00edmapolitika teend\u0151it.<\/p>","protected":false},"author":1,"featured_media":431,"comment_status":"closed","ping_status":"open","sticky":false,"template":"","format":"standard","meta":{"footnotes":""},"categories":[3],"tags":[],"class_list":["post-54","post","type-post","status-publish","format-standard","has-post-thumbnail","hentry","category-hirek"],"yoast_head":"<!-- This site is optimized with the Yoast SEO plugin v23.9 - https:\/\/yoast.com\/wordpress\/plugins\/seo\/ -->\n<title>Az Env-in-Cent Kft- szakmai koordin\u00e1ci\u00f3j\u00e1val elk\u00e9sz\u00fclt Saj\u00f3szentp\u00e9ter v\u00e1ros Fenntarthat\u00f3 Energia- \u00e9s Kl\u00edma Akci\u00f3terve (SECAP) - Env-in-Cent<\/title>\n<meta name=\"robots\" content=\"noindex, follow, max-snippet:-1, max-image-preview:large, max-video-preview:-1\" \/>\n<meta property=\"og:locale\" content=\"en_GB\" \/>\n<meta property=\"og:type\" content=\"article\" \/>\n<meta property=\"og:title\" content=\"Az Env-in-Cent Kft- szakmai koordin\u00e1ci\u00f3j\u00e1val elk\u00e9sz\u00fclt Saj\u00f3szentp\u00e9ter v\u00e1ros Fenntarthat\u00f3 Energia- \u00e9s Kl\u00edma Akci\u00f3terve (SECAP) - Env-in-Cent\" \/>\n<meta property=\"og:description\" content=\"Saj\u00f3szentp\u00e9ter v\u00e1ros K\u00e9pvisel\u0151-test\u00fclete 2018. m\u00e1jus 24-\u00e9n elfogadta a v\u00e1ros SECAP dokumentum\u00e1t, mely 2030-ig hat\u00e1rozza meg a v\u00e1rosi energia- \u00e9s kl\u00edmapolitika teend\u0151it.\" \/>\n<meta property=\"og:url\" content=\"https:\/\/env-in-cent.hu\/en\/2018\/05\/24\/az-env-in-cent-kft-szakmai-koordinaciojaval-elkeszult-sajoszentpeter-varos-fenntarthato-energia-es-klima-akcioterve-secap\/\" \/>\n<meta property=\"og:site_name\" content=\"Env-in-Cent\" \/>\n<meta property=\"article:published_time\" content=\"2018-05-24T00:00:00+00:00\" \/>\n<meta property=\"article:modified_time\" content=\"2024-12-04T15:10:47+00:00\" \/>\n<meta property=\"og:image\" content=\"https:\/\/env-in-cent.hu\/wp-content\/uploads\/2018\/05\/SECAPSSZP2.jpg\" \/>\n\t<meta property=\"og:image:width\" content=\"300\" \/>\n\t<meta property=\"og:image:height\" content=\"301\" \/>\n\t<meta property=\"og:image:type\" content=\"image\/jpeg\" \/>\n<meta name=\"author\" content=\"wpadmin\" \/>\n<meta name=\"twitter:card\" content=\"summary_large_image\" \/>\n<meta name=\"twitter:label1\" content=\"Written by\" \/>\n\t<meta name=\"twitter:data1\" content=\"wpadmin\" \/>\n\t<meta name=\"twitter:label2\" content=\"Estimated reading time\" \/>\n\t<meta name=\"twitter:data2\" content=\"3 minutes\" \/>\n<script type=\"application\/ld+json\" class=\"yoast-schema-graph\">{\"@context\":\"https:\/\/schema.org\",\"@graph\":[{\"@type\":\"Article\",\"@id\":\"https:\/\/env-in-cent.hu\/2018\/05\/24\/az-env-in-cent-kft-szakmai-koordinaciojaval-elkeszult-sajoszentpeter-varos-fenntarthato-energia-es-klima-akcioterve-secap\/#article\",\"isPartOf\":{\"@id\":\"https:\/\/env-in-cent.hu\/2018\/05\/24\/az-env-in-cent-kft-szakmai-koordinaciojaval-elkeszult-sajoszentpeter-varos-fenntarthato-energia-es-klima-akcioterve-secap\/\"},\"author\":{\"name\":\"wpadmin\",\"@id\":\"https:\/\/env-in-cent.hu\/#\/schema\/person\/08a7dac74c2fe21558e1c2d5031c2286\"},\"headline\":\"Az Env-in-Cent Kft- szakmai koordin\u00e1ci\u00f3j\u00e1val elk\u00e9sz\u00fclt Saj\u00f3szentp\u00e9ter v\u00e1ros Fenntarthat\u00f3 Energia- \u00e9s Kl\u00edma Akci\u00f3terve (SECAP)\",\"datePublished\":\"2018-05-24T00:00:00+00:00\",\"dateModified\":\"2024-12-04T15:10:47+00:00\",\"mainEntityOfPage\":{\"@id\":\"https:\/\/env-in-cent.hu\/2018\/05\/24\/az-env-in-cent-kft-szakmai-koordinaciojaval-elkeszult-sajoszentpeter-varos-fenntarthato-energia-es-klima-akcioterve-secap\/\"},\"wordCount\":802,\"publisher\":{\"@id\":\"https:\/\/env-in-cent.hu\/#organization\"},\"image\":{\"@id\":\"https:\/\/env-in-cent.hu\/2018\/05\/24\/az-env-in-cent-kft-szakmai-koordinaciojaval-elkeszult-sajoszentpeter-varos-fenntarthato-energia-es-klima-akcioterve-secap\/#primaryimage\"},\"thumbnailUrl\":\"https:\/\/env-in-cent.hu\/wp-content\/uploads\/2018\/05\/SECAPSSZP2.jpg\",\"articleSection\":[\"H\u00edrek\"],\"inLanguage\":\"en-GB\"},{\"@type\":\"WebPage\",\"@id\":\"https:\/\/env-in-cent.hu\/2018\/05\/24\/az-env-in-cent-kft-szakmai-koordinaciojaval-elkeszult-sajoszentpeter-varos-fenntarthato-energia-es-klima-akcioterve-secap\/\",\"url\":\"https:\/\/env-in-cent.hu\/2018\/05\/24\/az-env-in-cent-kft-szakmai-koordinaciojaval-elkeszult-sajoszentpeter-varos-fenntarthato-energia-es-klima-akcioterve-secap\/\",\"name\":\"Az Env-in-Cent Kft- szakmai koordin\u00e1ci\u00f3j\u00e1val elk\u00e9sz\u00fclt Saj\u00f3szentp\u00e9ter v\u00e1ros Fenntarthat\u00f3 Energia- \u00e9s Kl\u00edma Akci\u00f3terve (SECAP) - Env-in-Cent\",\"isPartOf\":{\"@id\":\"https:\/\/env-in-cent.hu\/#website\"},\"primaryImageOfPage\":{\"@id\":\"https:\/\/env-in-cent.hu\/2018\/05\/24\/az-env-in-cent-kft-szakmai-koordinaciojaval-elkeszult-sajoszentpeter-varos-fenntarthato-energia-es-klima-akcioterve-secap\/#primaryimage\"},\"image\":{\"@id\":\"https:\/\/env-in-cent.hu\/2018\/05\/24\/az-env-in-cent-kft-szakmai-koordinaciojaval-elkeszult-sajoszentpeter-varos-fenntarthato-energia-es-klima-akcioterve-secap\/#primaryimage\"},\"thumbnailUrl\":\"https:\/\/env-in-cent.hu\/wp-content\/uploads\/2018\/05\/SECAPSSZP2.jpg\",\"datePublished\":\"2018-05-24T00:00:00+00:00\",\"dateModified\":\"2024-12-04T15:10:47+00:00\",\"breadcrumb\":{\"@id\":\"https:\/\/env-in-cent.hu\/2018\/05\/24\/az-env-in-cent-kft-szakmai-koordinaciojaval-elkeszult-sajoszentpeter-varos-fenntarthato-energia-es-klima-akcioterve-secap\/#breadcrumb\"},\"inLanguage\":\"en-GB\",\"potentialAction\":[{\"@type\":\"ReadAction\",\"target\":[\"https:\/\/env-in-cent.hu\/2018\/05\/24\/az-env-in-cent-kft-szakmai-koordinaciojaval-elkeszult-sajoszentpeter-varos-fenntarthato-energia-es-klima-akcioterve-secap\/\"]}]},{\"@type\":\"ImageObject\",\"inLanguage\":\"en-GB\",\"@id\":\"https:\/\/env-in-cent.hu\/2018\/05\/24\/az-env-in-cent-kft-szakmai-koordinaciojaval-elkeszult-sajoszentpeter-varos-fenntarthato-energia-es-klima-akcioterve-secap\/#primaryimage\",\"url\":\"https:\/\/env-in-cent.hu\/wp-content\/uploads\/2018\/05\/SECAPSSZP2.jpg\",\"contentUrl\":\"https:\/\/env-in-cent.hu\/wp-content\/uploads\/2018\/05\/SECAPSSZP2.jpg\",\"width\":300,\"height\":301},{\"@type\":\"BreadcrumbList\",\"@id\":\"https:\/\/env-in-cent.hu\/2018\/05\/24\/az-env-in-cent-kft-szakmai-koordinaciojaval-elkeszult-sajoszentpeter-varos-fenntarthato-energia-es-klima-akcioterve-secap\/#breadcrumb\",\"itemListElement\":[{\"@type\":\"ListItem\",\"position\":1,\"name\":\"Kezd\u0151lap\",\"item\":\"https:\/\/env-in-cent.hu\/\"},{\"@type\":\"ListItem\",\"position\":2,\"name\":\"Az Env-in-Cent Kft- szakmai koordin\u00e1ci\u00f3j\u00e1val elk\u00e9sz\u00fclt Saj\u00f3szentp\u00e9ter v\u00e1ros Fenntarthat\u00f3 Energia- \u00e9s Kl\u00edma Akci\u00f3terve (SECAP)\"}]},{\"@type\":\"WebSite\",\"@id\":\"https:\/\/env-in-cent.hu\/#website\",\"url\":\"https:\/\/env-in-cent.hu\/\",\"name\":\"Env-in-Cent\",\"description\":\"Env-in-Cent K\u00f6rnyezetv\u00e9delmi Tan\u00e1csad\u00f3 Iroda Kft.\",\"publisher\":{\"@id\":\"https:\/\/env-in-cent.hu\/#organization\"},\"potentialAction\":[{\"@type\":\"SearchAction\",\"target\":{\"@type\":\"EntryPoint\",\"urlTemplate\":\"https:\/\/env-in-cent.hu\/?s={search_term_string}\"},\"query-input\":{\"@type\":\"PropertyValueSpecification\",\"valueRequired\":true,\"valueName\":\"search_term_string\"}}],\"inLanguage\":\"en-GB\"},{\"@type\":\"Organization\",\"@id\":\"https:\/\/env-in-cent.hu\/#organization\",\"name\":\"Env-in-Cent\",\"url\":\"https:\/\/env-in-cent.hu\/\",\"logo\":{\"@type\":\"ImageObject\",\"inLanguage\":\"en-GB\",\"@id\":\"https:\/\/env-in-cent.hu\/#\/schema\/logo\/image\/\",\"url\":\"https:\/\/env-in-cent.hu\/wp-content\/uploads\/2024\/11\/logo.jpg\",\"contentUrl\":\"https:\/\/env-in-cent.hu\/wp-content\/uploads\/2024\/11\/logo.jpg\",\"width\":170,\"height\":62,\"caption\":\"Env-in-Cent\"},\"image\":{\"@id\":\"https:\/\/env-in-cent.hu\/#\/schema\/logo\/image\/\"}},{\"@type\":\"Person\",\"@id\":\"https:\/\/env-in-cent.hu\/#\/schema\/person\/08a7dac74c2fe21558e1c2d5031c2286\",\"name\":\"wpadmin\",\"image\":{\"@type\":\"ImageObject\",\"inLanguage\":\"en-GB\",\"@id\":\"https:\/\/env-in-cent.hu\/#\/schema\/person\/image\/\",\"url\":\"https:\/\/secure.gravatar.com\/avatar\/53a24cf06dbef3f89a60c98c61552040977719f05381b5a07034a7748ee6e029?s=96&d=mm&r=g\",\"contentUrl\":\"https:\/\/secure.gravatar.com\/avatar\/53a24cf06dbef3f89a60c98c61552040977719f05381b5a07034a7748ee6e029?s=96&d=mm&r=g\",\"caption\":\"wpadmin\"},\"sameAs\":[\"https:\/\/env-in-cent.hu\"],\"url\":\"https:\/\/env-in-cent.hu\/en\/author\/wpadmin\/\"}]}<\/script>\n<!-- \/ Yoast SEO plugin. -->","yoast_head_json":{"title":"Az Env-in-Cent Kft- szakmai koordin\u00e1ci\u00f3j\u00e1val elk\u00e9sz\u00fclt Saj\u00f3szentp\u00e9ter v\u00e1ros Fenntarthat\u00f3 Energia- \u00e9s Kl\u00edma Akci\u00f3terve (SECAP) - Env-in-Cent","robots":{"index":"noindex","follow":"follow","max-snippet":"max-snippet:-1","max-image-preview":"max-image-preview:large","max-video-preview":"max-video-preview:-1"},"og_locale":"en_GB","og_type":"article","og_title":"Az Env-in-Cent Kft- szakmai koordin\u00e1ci\u00f3j\u00e1val elk\u00e9sz\u00fclt Saj\u00f3szentp\u00e9ter v\u00e1ros Fenntarthat\u00f3 Energia- \u00e9s Kl\u00edma Akci\u00f3terve (SECAP) - Env-in-Cent","og_description":"Saj\u00f3szentp\u00e9ter v\u00e1ros K\u00e9pvisel\u0151-test\u00fclete 2018. m\u00e1jus 24-\u00e9n elfogadta a v\u00e1ros SECAP dokumentum\u00e1t, mely 2030-ig hat\u00e1rozza meg a v\u00e1rosi energia- \u00e9s kl\u00edmapolitika teend\u0151it.","og_url":"https:\/\/env-in-cent.hu\/en\/2018\/05\/24\/az-env-in-cent-kft-szakmai-koordinaciojaval-elkeszult-sajoszentpeter-varos-fenntarthato-energia-es-klima-akcioterve-secap\/","og_site_name":"Env-in-Cent","article_published_time":"2018-05-24T00:00:00+00:00","article_modified_time":"2024-12-04T15:10:47+00:00","og_image":[{"width":300,"height":301,"url":"https:\/\/env-in-cent.hu\/wp-content\/uploads\/2018\/05\/SECAPSSZP2.jpg","type":"image\/jpeg"}],"author":"wpadmin","twitter_card":"summary_large_image","twitter_misc":{"Written by":"wpadmin","Estimated reading time":"3 minutes"},"schema":{"@context":"https:\/\/schema.org","@graph":[{"@type":"Article","@id":"https:\/\/env-in-cent.hu\/2018\/05\/24\/az-env-in-cent-kft-szakmai-koordinaciojaval-elkeszult-sajoszentpeter-varos-fenntarthato-energia-es-klima-akcioterve-secap\/#article","isPartOf":{"@id":"https:\/\/env-in-cent.hu\/2018\/05\/24\/az-env-in-cent-kft-szakmai-koordinaciojaval-elkeszult-sajoszentpeter-varos-fenntarthato-energia-es-klima-akcioterve-secap\/"},"author":{"name":"wpadmin","@id":"https:\/\/env-in-cent.hu\/#\/schema\/person\/08a7dac74c2fe21558e1c2d5031c2286"},"headline":"Az Env-in-Cent Kft- szakmai koordin\u00e1ci\u00f3j\u00e1val elk\u00e9sz\u00fclt Saj\u00f3szentp\u00e9ter v\u00e1ros Fenntarthat\u00f3 Energia- \u00e9s Kl\u00edma Akci\u00f3terve (SECAP)","datePublished":"2018-05-24T00:00:00+00:00","dateModified":"2024-12-04T15:10:47+00:00","mainEntityOfPage":{"@id":"https:\/\/env-in-cent.hu\/2018\/05\/24\/az-env-in-cent-kft-szakmai-koordinaciojaval-elkeszult-sajoszentpeter-varos-fenntarthato-energia-es-klima-akcioterve-secap\/"},"wordCount":802,"publisher":{"@id":"https:\/\/env-in-cent.hu\/#organization"},"image":{"@id":"https:\/\/env-in-cent.hu\/2018\/05\/24\/az-env-in-cent-kft-szakmai-koordinaciojaval-elkeszult-sajoszentpeter-varos-fenntarthato-energia-es-klima-akcioterve-secap\/#primaryimage"},"thumbnailUrl":"https:\/\/env-in-cent.hu\/wp-content\/uploads\/2018\/05\/SECAPSSZP2.jpg","articleSection":["H\u00edrek"],"inLanguage":"en-GB"},{"@type":"WebPage","@id":"https:\/\/env-in-cent.hu\/2018\/05\/24\/az-env-in-cent-kft-szakmai-koordinaciojaval-elkeszult-sajoszentpeter-varos-fenntarthato-energia-es-klima-akcioterve-secap\/","url":"https:\/\/env-in-cent.hu\/2018\/05\/24\/az-env-in-cent-kft-szakmai-koordinaciojaval-elkeszult-sajoszentpeter-varos-fenntarthato-energia-es-klima-akcioterve-secap\/","name":"Az Env-in-Cent Kft- szakmai koordin\u00e1ci\u00f3j\u00e1val elk\u00e9sz\u00fclt Saj\u00f3szentp\u00e9ter v\u00e1ros Fenntarthat\u00f3 Energia- \u00e9s Kl\u00edma Akci\u00f3terve (SECAP) - Env-in-Cent","isPartOf":{"@id":"https:\/\/env-in-cent.hu\/#website"},"primaryImageOfPage":{"@id":"https:\/\/env-in-cent.hu\/2018\/05\/24\/az-env-in-cent-kft-szakmai-koordinaciojaval-elkeszult-sajoszentpeter-varos-fenntarthato-energia-es-klima-akcioterve-secap\/#primaryimage"},"image":{"@id":"https:\/\/env-in-cent.hu\/2018\/05\/24\/az-env-in-cent-kft-szakmai-koordinaciojaval-elkeszult-sajoszentpeter-varos-fenntarthato-energia-es-klima-akcioterve-secap\/#primaryimage"},"thumbnailUrl":"https:\/\/env-in-cent.hu\/wp-content\/uploads\/2018\/05\/SECAPSSZP2.jpg","datePublished":"2018-05-24T00:00:00+00:00","dateModified":"2024-12-04T15:10:47+00:00","breadcrumb":{"@id":"https:\/\/env-in-cent.hu\/2018\/05\/24\/az-env-in-cent-kft-szakmai-koordinaciojaval-elkeszult-sajoszentpeter-varos-fenntarthato-energia-es-klima-akcioterve-secap\/#breadcrumb"},"inLanguage":"en-GB","potentialAction":[{"@type":"ReadAction","target":["https:\/\/env-in-cent.hu\/2018\/05\/24\/az-env-in-cent-kft-szakmai-koordinaciojaval-elkeszult-sajoszentpeter-varos-fenntarthato-energia-es-klima-akcioterve-secap\/"]}]},{"@type":"ImageObject","inLanguage":"en-GB","@id":"https:\/\/env-in-cent.hu\/2018\/05\/24\/az-env-in-cent-kft-szakmai-koordinaciojaval-elkeszult-sajoszentpeter-varos-fenntarthato-energia-es-klima-akcioterve-secap\/#primaryimage","url":"https:\/\/env-in-cent.hu\/wp-content\/uploads\/2018\/05\/SECAPSSZP2.jpg","contentUrl":"https:\/\/env-in-cent.hu\/wp-content\/uploads\/2018\/05\/SECAPSSZP2.jpg","width":300,"height":301},{"@type":"BreadcrumbList","@id":"https:\/\/env-in-cent.hu\/2018\/05\/24\/az-env-in-cent-kft-szakmai-koordinaciojaval-elkeszult-sajoszentpeter-varos-fenntarthato-energia-es-klima-akcioterve-secap\/#breadcrumb","itemListElement":[{"@type":"ListItem","position":1,"name":"Kezd\u0151lap","item":"https:\/\/env-in-cent.hu\/"},{"@type":"ListItem","position":2,"name":"Az Env-in-Cent Kft- szakmai koordin\u00e1ci\u00f3j\u00e1val elk\u00e9sz\u00fclt Saj\u00f3szentp\u00e9ter v\u00e1ros Fenntarthat\u00f3 Energia- \u00e9s Kl\u00edma Akci\u00f3terve (SECAP)"}]},{"@type":"WebSite","@id":"https:\/\/env-in-cent.hu\/#website","url":"https:\/\/env-in-cent.hu\/","name":"Env-in-Cent","description":"Env-in-Cent K\u00f6rnyezetv\u00e9delmi Tan\u00e1csad\u00f3 Iroda Kft.","publisher":{"@id":"https:\/\/env-in-cent.hu\/#organization"},"potentialAction":[{"@type":"SearchAction","target":{"@type":"EntryPoint","urlTemplate":"https:\/\/env-in-cent.hu\/?s={search_term_string}"},"query-input":{"@type":"PropertyValueSpecification","valueRequired":true,"valueName":"search_term_string"}}],"inLanguage":"en-GB"},{"@type":"Organization","@id":"https:\/\/env-in-cent.hu\/#organization","name":"Env-in-Cent","url":"https:\/\/env-in-cent.hu\/","logo":{"@type":"ImageObject","inLanguage":"en-GB","@id":"https:\/\/env-in-cent.hu\/#\/schema\/logo\/image\/","url":"https:\/\/env-in-cent.hu\/wp-content\/uploads\/2024\/11\/logo.jpg","contentUrl":"https:\/\/env-in-cent.hu\/wp-content\/uploads\/2024\/11\/logo.jpg","width":170,"height":62,"caption":"Env-in-Cent"},"image":{"@id":"https:\/\/env-in-cent.hu\/#\/schema\/logo\/image\/"}},{"@type":"Person","@id":"https:\/\/env-in-cent.hu\/#\/schema\/person\/08a7dac74c2fe21558e1c2d5031c2286","name":"wpadmin","image":{"@type":"ImageObject","inLanguage":"en-GB","@id":"https:\/\/env-in-cent.hu\/#\/schema\/person\/image\/","url":"https:\/\/secure.gravatar.com\/avatar\/53a24cf06dbef3f89a60c98c61552040977719f05381b5a07034a7748ee6e029?s=96&d=mm&r=g","contentUrl":"https:\/\/secure.gravatar.com\/avatar\/53a24cf06dbef3f89a60c98c61552040977719f05381b5a07034a7748ee6e029?s=96&d=mm&r=g","caption":"wpadmin"},"sameAs":["https:\/\/env-in-cent.hu"],"url":"https:\/\/env-in-cent.hu\/en\/author\/wpadmin\/"}]}},"_links":{"self":[{"href":"https:\/\/env-in-cent.hu\/en\/wp-json\/wp\/v2\/posts\/54","targetHints":{"allow":["GET"]}}],"collection":[{"href":"https:\/\/env-in-cent.hu\/en\/wp-json\/wp\/v2\/posts"}],"about":[{"href":"https:\/\/env-in-cent.hu\/en\/wp-json\/wp\/v2\/types\/post"}],"author":[{"embeddable":true,"href":"https:\/\/env-in-cent.hu\/en\/wp-json\/wp\/v2\/users\/1"}],"replies":[{"embeddable":true,"href":"https:\/\/env-in-cent.hu\/en\/wp-json\/wp\/v2\/comments?post=54"}],"version-history":[{"count":3,"href":"https:\/\/env-in-cent.hu\/en\/wp-json\/wp\/v2\/posts\/54\/revisions"}],"predecessor-version":[{"id":434,"href":"https:\/\/env-in-cent.hu\/en\/wp-json\/wp\/v2\/posts\/54\/revisions\/434"}],"wp:featuredmedia":[{"embeddable":true,"href":"https:\/\/env-in-cent.hu\/en\/wp-json\/wp\/v2\/media\/431"}],"wp:attachment":[{"href":"https:\/\/env-in-cent.hu\/en\/wp-json\/wp\/v2\/media?parent=54"}],"wp:term":[{"taxonomy":"category","embeddable":true,"href":"https:\/\/env-in-cent.hu\/en\/wp-json\/wp\/v2\/categories?post=54"},{"taxonomy":"post_tag","embeddable":true,"href":"https:\/\/env-in-cent.hu\/en\/wp-json\/wp\/v2\/tags?post=54"}],"curies":[{"name":"wp","href":"https:\/\/api.w.org\/{rel}","templated":true}]}}