{"id":52,"date":"2017-08-30T16:40:00","date_gmt":"2017-08-30T16:40:00","guid":{"rendered":"https:\/\/env-in-cent.hu\/?p=52"},"modified":"2024-12-04T15:13:48","modified_gmt":"2024-12-04T15:13:48","slug":"a-fovarosi-kozgyules-elfogadta-budapest-2017-2021-idoszakra-szolo-kornyezetvedelemi-programjat","status":"publish","type":"post","link":"https:\/\/env-in-cent.hu\/en\/2017\/08\/30\/a-fovarosi-kozgyules-elfogadta-budapest-2017-2021-idoszakra-szolo-kornyezetvedelemi-programjat\/","title":{"rendered":"A F\u0151v\u00e1rosi K\u00f6zgy\u0171l\u00e9s elfogadta Budapest 2017-2021 id\u0151szakra sz\u00f3l\u00f3 K\u00f6rnyezetv\u00e9delemi Programj\u00e1t"},"content":{"rendered":"<p class='Default' style='text-align: justify;'>A F\u0151v\u00e1rosi K\u00f6zgy\u0171l\u00e9s 2017. augusztus 30-i \u00fcl\u00e9s\u00e9n 26 igen, 0 ellenszavazat, 0 tart\u00f3zkod\u00e1s mellett \u00fagy hat\u00e1rozott, hogy 1259\/2017.(VIII.30.) F\u0151v.Kgy. hat\u00e1rozattal elfogadja <a href='http:\/\/budapest.hu\/Lapok\/Hivatal\/Kornyezetvedelem.aspx'><u>Budapest 2017-2021. id\u0151szakra sz\u00f3l\u00f3 K\u00f6rnyezeti Programj\u00e1t<\/u>.<\/a><\/p>\n<p class='Default' style='text-align: justify;'>&nbsp;<\/p>\n<p class='Szveg' style='text-align: justify;'>A BFVT Nonprofit Kft. megb\u00edz\u00e1s\u00e1b\u00f3l az Env-in-Cent Kft. dolgozta ki Budapest 2017-2021 id\u0151szakra sz\u00f3l\u00f3 K\u00f6rnyezeti Programj\u00e1nak strat\u00e9gai tervez\u00e9si munkar\u00e9szeit, illetve tan\u00e1csad\u00f3 min\u0151s\u00e9gbiztos\u00edt\u00f3k\u00e9nt vett r\u00e9szt a Program eg\u00e9sz\u00e9nek kidolgoz\u00e1s\u00e1ban. A Program kidolgoz\u00e1sa sor\u00e1n azonos\u00edt\u00e1sra ker\u00fcltek a f\u0151v\u00e1ros fontosabb k\u00f6rnyezeti \u00e9rt\u00e9kei \u00e9s probl\u00e9m\u00e1i, \u00e1tfog\u00f3 helyzet\u00e9rt\u00e9kel\u00e9s form\u00e1j\u00e1ban bemutat\u00e1sra ker\u00fclt a k\u00f6rnyezeti elemek \u00e1llapota, illetve az ezt befoly\u00e1sol\u00f3 f\u0151bb hat\u00f3t\u00e9nyez\u0151k. A Program koncepci\u00f3j\u00e1nak keret\u00e9ben megfogalmaztuk az el\u00e9rni k\u00edv\u00e1nt k\u00f6rnyezetv\u00e9delmi \u00e1ltal\u00e1nos (horizont\u00e1lis) \u00e9s tematikus c\u00e9lokat, c\u00e9l\u00e1llapotokat: \u00f6sszhangban a negyedik Nemzeti K\u00f6rnyezetv\u00e9delmi Programmal 2 \u00e1tfog\u00f3 c\u00e9l, 3horizont\u00e1lis c\u00e9l \u00e9s 5 tematikus c\u00e9l kit\u0171z\u00e9s\u00e9re ker\u00fclt sor, melyek megval\u00f3s\u00edt\u00e1s\u00e1t \u00f6sszess\u00e9g\u00e9ben 38 db konkr\u00e9t feladat fogja biztos\u00edtani. A Program 12 kiemelt priorit\u00e1s\u00fa int\u00e9zked\u00e9st hat\u00e1roz meg:<\/p>\n<p class='Szveg' style='text-align: justify;'>&nbsp;<\/p>\n<p style='text-align: justify;'>1.&nbsp;&nbsp;&nbsp;&nbsp;&nbsp; Az \u00e1rv\u00edzv\u00e9delmi rendszer fejleszt\u00e9se.<\/p>\n<p style='text-align: justify;'>2.&nbsp;&nbsp;&nbsp;&nbsp;&nbsp; F\u0151v\u00e1rosi \u00f6nkorm\u00e1nyzat felel\u0151ss\u00e9gi k\u00f6r\u00e9be tartoz\u00f3 ter\u00fcletek k\u00e1rmentes\u00edt\u00e9se.<\/p>\n<p style='text-align: justify;'>3.&nbsp;&nbsp;&nbsp;&nbsp;&nbsp; V\u00e1ros\u00fczemeltet\u00e9s rendszer\u00e9nek k\u00f6rnyezetv\u00e9delmi szempont\u00fa fel\u00fclvizsg\u00e1lata.<\/p>\n<p style='text-align: justify;'>4.&nbsp;&nbsp;&nbsp;&nbsp;&nbsp; A k\u00f6zszolg\u00e1ltat\u00e1sokban a Program c\u00e9lkit\u0171z\u00e9seinek teljes k\u00f6r\u0171 integr\u00e1ci\u00f3ja.<\/p>\n<p style='text-align: justify;'>5.&nbsp;&nbsp;&nbsp;&nbsp;&nbsp; EMAS bevezet\u00e9se, majd fenntart\u00e1sa a k\u00f6zszolg\u00e1ltat\u00e1si gazdas\u00e1gi t\u00e1rsas\u00e1gokn\u00e1l.<\/p>\n<p style='text-align: justify;'>6.&nbsp;&nbsp;&nbsp;&nbsp;&nbsp; T\u00e1vf\u0171t\u00e9si rendszer b\u0151v\u00edt\u00e9se, lakoss\u00e1gi h\u0151szigetel\u00e9si programok.<\/p>\n<p style='text-align: justify;'>7.&nbsp;&nbsp;&nbsp;&nbsp;&nbsp; K\u00f6zleked\u00e9s k\u00f6rnyezetbar\u00e1t fejleszt\u00e9se, k\u00f6zleked\u00e9si k\u00f6rnyezetterhel\u00e9s cs\u00f6kkent\u00e9se.<\/p>\n<p style='text-align: justify;'>8.&nbsp;&nbsp;&nbsp;&nbsp;&nbsp; F\u0151v\u00e1rosi iv\u00f3v\u00edz-rendszer \u00e9s szennyv\u00edzkezel\u00e9s fejleszt\u00e9se, szennyv\u00edziszap hasznos\u00edt\u00e1sa, belter\u00fcleti csapad\u00e9kv\u00edz elvezet\u0151 rendszer&nbsp; fel\u00fclvizsg\u00e1lata.<\/p>\n<p style='text-align: justify;'>9.&nbsp;&nbsp;&nbsp; Telep\u00fcl\u00e9stisztas\u00e1gi k\u00f6zszolg\u00e1ltat\u00e1s fel\u00fclvizsg\u00e1lata.<\/p>\n<p style='text-align: justify;'>10.&nbsp; \u00e1tfog\u00f3 z\u00f6ldfel\u00fclet-fejleszt\u00e9si koncepci\u00f3 \u00e9s program kidolgoz\u00e1sa \u00e9s v\u00e9grehajt\u00e1sa.<\/p>\n<p style='text-align: justify;'>11.&nbsp; Strat\u00e9giai zajt\u00e9rk\u00e9p \u00e9s int\u00e9zked\u00e9si terv rendszeres fel\u00fclvizsg\u00e1lata.<\/p>\n<p style='text-align: justify;'>12.&nbsp; \u00e9venk\u00e9nti k\u00f6rnyezeti \u00e1llapot\u00e9rt\u00e9kel\u00e9s k\u00e9sz\u00edt\u00e9se.<\/p>\n<p style='text-align: justify;'>&nbsp;<\/p>\n<p class='Szveg' style='text-align: justify;'>A Program r\u00e9szletesen bemutatja a megval\u00f3s\u00edt\u00e1s szab\u00e1lyoz\u00e1si, ellen\u0151rz\u00e9si, \u00e9rt\u00e9kel\u00e9si eszk\u00f6zeit, becsl\u00e9st ad a v\u00e9grehajt\u00e1s k\u00f6lts\u00e9geire \u00e9s forr\u00e1saira, valamint a megval\u00f3s\u00edt\u00e1s \u00fctemez\u00e9s\u00e9re is.<\/p>\n<p style='text-align: justify;'>&nbsp;<\/p>\n<p style='text-align: justify;'>&nbsp;<\/p>","protected":false},"excerpt":{"rendered":"<p>Az Env-in-Cent Kft. szakmai el\u0151k\u00e9sz\u00edt\u00e9s\u00e9vel, Dr. P\u00e1lv\u00f6lgyi Tam\u00e1s \u00e9s Simon Andrea szerz\u0151i k\u00f6zrem\u0171k\u00f6d\u00e9s\u00e9vel elk\u00e9sz\u00fclt Budapest meg\u00faj\u00edtott, 2017-2021 id\u0151szakra vonatkoz\u00f3 k\u00f6rnyezeti programja.<\/p>","protected":false},"author":1,"featured_media":438,"comment_status":"closed","ping_status":"open","sticky":false,"template":"","format":"standard","meta":{"footnotes":""},"categories":[3],"tags":[],"class_list":["post-52","post","type-post","status-publish","format-standard","has-post-thumbnail","hentry","category-hirek"],"yoast_head":"<!-- This site is optimized with the Yoast SEO plugin v23.9 - https:\/\/yoast.com\/wordpress\/plugins\/seo\/ -->\n<title>A F\u0151v\u00e1rosi K\u00f6zgy\u0171l\u00e9s elfogadta Budapest 2017-2021 id\u0151szakra sz\u00f3l\u00f3 K\u00f6rnyezetv\u00e9delemi Programj\u00e1t - Env-in-Cent<\/title>\n<meta name=\"robots\" content=\"noindex, follow, max-snippet:-1, max-image-preview:large, max-video-preview:-1\" \/>\n<meta property=\"og:locale\" content=\"en_GB\" \/>\n<meta property=\"og:type\" content=\"article\" \/>\n<meta property=\"og:title\" content=\"A F\u0151v\u00e1rosi K\u00f6zgy\u0171l\u00e9s elfogadta Budapest 2017-2021 id\u0151szakra sz\u00f3l\u00f3 K\u00f6rnyezetv\u00e9delemi Programj\u00e1t - Env-in-Cent\" \/>\n<meta property=\"og:description\" content=\"Az Env-in-Cent Kft. szakmai el\u0151k\u00e9sz\u00edt\u00e9s\u00e9vel, Dr. P\u00e1lv\u00f6lgyi Tam\u00e1s \u00e9s Simon Andrea szerz\u0151i k\u00f6zrem\u0171k\u00f6d\u00e9s\u00e9vel elk\u00e9sz\u00fclt Budapest meg\u00faj\u00edtott, 2017-2021 id\u0151szakra vonatkoz\u00f3 k\u00f6rnyezeti programja.\" \/>\n<meta property=\"og:url\" content=\"https:\/\/env-in-cent.hu\/en\/2017\/08\/30\/a-fovarosi-kozgyules-elfogadta-budapest-2017-2021-idoszakra-szolo-kornyezetvedelemi-programjat\/\" \/>\n<meta property=\"og:site_name\" content=\"Env-in-Cent\" \/>\n<meta property=\"article:published_time\" content=\"2017-08-30T16:40:00+00:00\" \/>\n<meta property=\"article:modified_time\" content=\"2024-12-04T15:13:48+00:00\" \/>\n<meta property=\"og:image\" content=\"https:\/\/env-in-cent.hu\/wp-content\/uploads\/2017\/08\/BpKP1.jpg\" \/>\n\t<meta property=\"og:image:width\" content=\"110\" \/>\n\t<meta property=\"og:image:height\" content=\"120\" \/>\n\t<meta property=\"og:image:type\" content=\"image\/jpeg\" \/>\n<meta name=\"author\" content=\"wpadmin\" \/>\n<meta name=\"twitter:card\" content=\"summary_large_image\" \/>\n<meta name=\"twitter:label1\" content=\"Written by\" \/>\n\t<meta name=\"twitter:data1\" content=\"wpadmin\" \/>\n\t<meta name=\"twitter:label2\" content=\"Estimated reading time\" \/>\n\t<meta name=\"twitter:data2\" content=\"2 minutes\" \/>\n<script type=\"application\/ld+json\" class=\"yoast-schema-graph\">{\"@context\":\"https:\/\/schema.org\",\"@graph\":[{\"@type\":\"Article\",\"@id\":\"https:\/\/env-in-cent.hu\/2017\/08\/30\/a-fovarosi-kozgyules-elfogadta-budapest-2017-2021-idoszakra-szolo-kornyezetvedelemi-programjat\/#article\",\"isPartOf\":{\"@id\":\"https:\/\/env-in-cent.hu\/2017\/08\/30\/a-fovarosi-kozgyules-elfogadta-budapest-2017-2021-idoszakra-szolo-kornyezetvedelemi-programjat\/\"},\"author\":{\"name\":\"wpadmin\",\"@id\":\"https:\/\/env-in-cent.hu\/#\/schema\/person\/08a7dac74c2fe21558e1c2d5031c2286\"},\"headline\":\"A F\u0151v\u00e1rosi K\u00f6zgy\u0171l\u00e9s elfogadta Budapest 2017-2021 id\u0151szakra sz\u00f3l\u00f3 K\u00f6rnyezetv\u00e9delemi Programj\u00e1t\",\"datePublished\":\"2017-08-30T16:40:00+00:00\",\"dateModified\":\"2024-12-04T15:13:48+00:00\",\"mainEntityOfPage\":{\"@id\":\"https:\/\/env-in-cent.hu\/2017\/08\/30\/a-fovarosi-kozgyules-elfogadta-budapest-2017-2021-idoszakra-szolo-kornyezetvedelemi-programjat\/\"},\"wordCount\":521,\"publisher\":{\"@id\":\"https:\/\/env-in-cent.hu\/#organization\"},\"image\":{\"@id\":\"https:\/\/env-in-cent.hu\/2017\/08\/30\/a-fovarosi-kozgyules-elfogadta-budapest-2017-2021-idoszakra-szolo-kornyezetvedelemi-programjat\/#primaryimage\"},\"thumbnailUrl\":\"https:\/\/env-in-cent.hu\/wp-content\/uploads\/2017\/08\/BpKP1.jpg\",\"articleSection\":[\"H\u00edrek\"],\"inLanguage\":\"en-GB\"},{\"@type\":\"WebPage\",\"@id\":\"https:\/\/env-in-cent.hu\/2017\/08\/30\/a-fovarosi-kozgyules-elfogadta-budapest-2017-2021-idoszakra-szolo-kornyezetvedelemi-programjat\/\",\"url\":\"https:\/\/env-in-cent.hu\/2017\/08\/30\/a-fovarosi-kozgyules-elfogadta-budapest-2017-2021-idoszakra-szolo-kornyezetvedelemi-programjat\/\",\"name\":\"A F\u0151v\u00e1rosi K\u00f6zgy\u0171l\u00e9s elfogadta Budapest 2017-2021 id\u0151szakra sz\u00f3l\u00f3 K\u00f6rnyezetv\u00e9delemi Programj\u00e1t - Env-in-Cent\",\"isPartOf\":{\"@id\":\"https:\/\/env-in-cent.hu\/#website\"},\"primaryImageOfPage\":{\"@id\":\"https:\/\/env-in-cent.hu\/2017\/08\/30\/a-fovarosi-kozgyules-elfogadta-budapest-2017-2021-idoszakra-szolo-kornyezetvedelemi-programjat\/#primaryimage\"},\"image\":{\"@id\":\"https:\/\/env-in-cent.hu\/2017\/08\/30\/a-fovarosi-kozgyules-elfogadta-budapest-2017-2021-idoszakra-szolo-kornyezetvedelemi-programjat\/#primaryimage\"},\"thumbnailUrl\":\"https:\/\/env-in-cent.hu\/wp-content\/uploads\/2017\/08\/BpKP1.jpg\",\"datePublished\":\"2017-08-30T16:40:00+00:00\",\"dateModified\":\"2024-12-04T15:13:48+00:00\",\"breadcrumb\":{\"@id\":\"https:\/\/env-in-cent.hu\/2017\/08\/30\/a-fovarosi-kozgyules-elfogadta-budapest-2017-2021-idoszakra-szolo-kornyezetvedelemi-programjat\/#breadcrumb\"},\"inLanguage\":\"en-GB\",\"potentialAction\":[{\"@type\":\"ReadAction\",\"target\":[\"https:\/\/env-in-cent.hu\/2017\/08\/30\/a-fovarosi-kozgyules-elfogadta-budapest-2017-2021-idoszakra-szolo-kornyezetvedelemi-programjat\/\"]}]},{\"@type\":\"ImageObject\",\"inLanguage\":\"en-GB\",\"@id\":\"https:\/\/env-in-cent.hu\/2017\/08\/30\/a-fovarosi-kozgyules-elfogadta-budapest-2017-2021-idoszakra-szolo-kornyezetvedelemi-programjat\/#primaryimage\",\"url\":\"https:\/\/env-in-cent.hu\/wp-content\/uploads\/2017\/08\/BpKP1.jpg\",\"contentUrl\":\"https:\/\/env-in-cent.hu\/wp-content\/uploads\/2017\/08\/BpKP1.jpg\",\"width\":110,\"height\":120},{\"@type\":\"BreadcrumbList\",\"@id\":\"https:\/\/env-in-cent.hu\/2017\/08\/30\/a-fovarosi-kozgyules-elfogadta-budapest-2017-2021-idoszakra-szolo-kornyezetvedelemi-programjat\/#breadcrumb\",\"itemListElement\":[{\"@type\":\"ListItem\",\"position\":1,\"name\":\"Kezd\u0151lap\",\"item\":\"https:\/\/env-in-cent.hu\/\"},{\"@type\":\"ListItem\",\"position\":2,\"name\":\"A F\u0151v\u00e1rosi K\u00f6zgy\u0171l\u00e9s elfogadta Budapest 2017-2021 id\u0151szakra sz\u00f3l\u00f3 K\u00f6rnyezetv\u00e9delemi Programj\u00e1t\"}]},{\"@type\":\"WebSite\",\"@id\":\"https:\/\/env-in-cent.hu\/#website\",\"url\":\"https:\/\/env-in-cent.hu\/\",\"name\":\"Env-in-Cent\",\"description\":\"Env-in-Cent K\u00f6rnyezetv\u00e9delmi Tan\u00e1csad\u00f3 Iroda Kft.\",\"publisher\":{\"@id\":\"https:\/\/env-in-cent.hu\/#organization\"},\"potentialAction\":[{\"@type\":\"SearchAction\",\"target\":{\"@type\":\"EntryPoint\",\"urlTemplate\":\"https:\/\/env-in-cent.hu\/?s={search_term_string}\"},\"query-input\":{\"@type\":\"PropertyValueSpecification\",\"valueRequired\":true,\"valueName\":\"search_term_string\"}}],\"inLanguage\":\"en-GB\"},{\"@type\":\"Organization\",\"@id\":\"https:\/\/env-in-cent.hu\/#organization\",\"name\":\"Env-in-Cent\",\"url\":\"https:\/\/env-in-cent.hu\/\",\"logo\":{\"@type\":\"ImageObject\",\"inLanguage\":\"en-GB\",\"@id\":\"https:\/\/env-in-cent.hu\/#\/schema\/logo\/image\/\",\"url\":\"https:\/\/env-in-cent.hu\/wp-content\/uploads\/2024\/11\/logo.jpg\",\"contentUrl\":\"https:\/\/env-in-cent.hu\/wp-content\/uploads\/2024\/11\/logo.jpg\",\"width\":170,\"height\":62,\"caption\":\"Env-in-Cent\"},\"image\":{\"@id\":\"https:\/\/env-in-cent.hu\/#\/schema\/logo\/image\/\"}},{\"@type\":\"Person\",\"@id\":\"https:\/\/env-in-cent.hu\/#\/schema\/person\/08a7dac74c2fe21558e1c2d5031c2286\",\"name\":\"wpadmin\",\"image\":{\"@type\":\"ImageObject\",\"inLanguage\":\"en-GB\",\"@id\":\"https:\/\/env-in-cent.hu\/#\/schema\/person\/image\/\",\"url\":\"https:\/\/secure.gravatar.com\/avatar\/53a24cf06dbef3f89a60c98c61552040977719f05381b5a07034a7748ee6e029?s=96&d=mm&r=g\",\"contentUrl\":\"https:\/\/secure.gravatar.com\/avatar\/53a24cf06dbef3f89a60c98c61552040977719f05381b5a07034a7748ee6e029?s=96&d=mm&r=g\",\"caption\":\"wpadmin\"},\"sameAs\":[\"https:\/\/env-in-cent.hu\"],\"url\":\"https:\/\/env-in-cent.hu\/en\/author\/wpadmin\/\"}]}<\/script>\n<!-- \/ Yoast SEO plugin. -->","yoast_head_json":{"title":"A F\u0151v\u00e1rosi K\u00f6zgy\u0171l\u00e9s elfogadta Budapest 2017-2021 id\u0151szakra sz\u00f3l\u00f3 K\u00f6rnyezetv\u00e9delemi Programj\u00e1t - Env-in-Cent","robots":{"index":"noindex","follow":"follow","max-snippet":"max-snippet:-1","max-image-preview":"max-image-preview:large","max-video-preview":"max-video-preview:-1"},"og_locale":"en_GB","og_type":"article","og_title":"A F\u0151v\u00e1rosi K\u00f6zgy\u0171l\u00e9s elfogadta Budapest 2017-2021 id\u0151szakra sz\u00f3l\u00f3 K\u00f6rnyezetv\u00e9delemi Programj\u00e1t - Env-in-Cent","og_description":"Az Env-in-Cent Kft. szakmai el\u0151k\u00e9sz\u00edt\u00e9s\u00e9vel, Dr. P\u00e1lv\u00f6lgyi Tam\u00e1s \u00e9s Simon Andrea szerz\u0151i k\u00f6zrem\u0171k\u00f6d\u00e9s\u00e9vel elk\u00e9sz\u00fclt Budapest meg\u00faj\u00edtott, 2017-2021 id\u0151szakra vonatkoz\u00f3 k\u00f6rnyezeti programja.","og_url":"https:\/\/env-in-cent.hu\/en\/2017\/08\/30\/a-fovarosi-kozgyules-elfogadta-budapest-2017-2021-idoszakra-szolo-kornyezetvedelemi-programjat\/","og_site_name":"Env-in-Cent","article_published_time":"2017-08-30T16:40:00+00:00","article_modified_time":"2024-12-04T15:13:48+00:00","og_image":[{"width":110,"height":120,"url":"https:\/\/env-in-cent.hu\/wp-content\/uploads\/2017\/08\/BpKP1.jpg","type":"image\/jpeg"}],"author":"wpadmin","twitter_card":"summary_large_image","twitter_misc":{"Written by":"wpadmin","Estimated reading time":"2 minutes"},"schema":{"@context":"https:\/\/schema.org","@graph":[{"@type":"Article","@id":"https:\/\/env-in-cent.hu\/2017\/08\/30\/a-fovarosi-kozgyules-elfogadta-budapest-2017-2021-idoszakra-szolo-kornyezetvedelemi-programjat\/#article","isPartOf":{"@id":"https:\/\/env-in-cent.hu\/2017\/08\/30\/a-fovarosi-kozgyules-elfogadta-budapest-2017-2021-idoszakra-szolo-kornyezetvedelemi-programjat\/"},"author":{"name":"wpadmin","@id":"https:\/\/env-in-cent.hu\/#\/schema\/person\/08a7dac74c2fe21558e1c2d5031c2286"},"headline":"A F\u0151v\u00e1rosi K\u00f6zgy\u0171l\u00e9s elfogadta Budapest 2017-2021 id\u0151szakra sz\u00f3l\u00f3 K\u00f6rnyezetv\u00e9delemi Programj\u00e1t","datePublished":"2017-08-30T16:40:00+00:00","dateModified":"2024-12-04T15:13:48+00:00","mainEntityOfPage":{"@id":"https:\/\/env-in-cent.hu\/2017\/08\/30\/a-fovarosi-kozgyules-elfogadta-budapest-2017-2021-idoszakra-szolo-kornyezetvedelemi-programjat\/"},"wordCount":521,"publisher":{"@id":"https:\/\/env-in-cent.hu\/#organization"},"image":{"@id":"https:\/\/env-in-cent.hu\/2017\/08\/30\/a-fovarosi-kozgyules-elfogadta-budapest-2017-2021-idoszakra-szolo-kornyezetvedelemi-programjat\/#primaryimage"},"thumbnailUrl":"https:\/\/env-in-cent.hu\/wp-content\/uploads\/2017\/08\/BpKP1.jpg","articleSection":["H\u00edrek"],"inLanguage":"en-GB"},{"@type":"WebPage","@id":"https:\/\/env-in-cent.hu\/2017\/08\/30\/a-fovarosi-kozgyules-elfogadta-budapest-2017-2021-idoszakra-szolo-kornyezetvedelemi-programjat\/","url":"https:\/\/env-in-cent.hu\/2017\/08\/30\/a-fovarosi-kozgyules-elfogadta-budapest-2017-2021-idoszakra-szolo-kornyezetvedelemi-programjat\/","name":"A F\u0151v\u00e1rosi K\u00f6zgy\u0171l\u00e9s elfogadta Budapest 2017-2021 id\u0151szakra sz\u00f3l\u00f3 K\u00f6rnyezetv\u00e9delemi Programj\u00e1t - Env-in-Cent","isPartOf":{"@id":"https:\/\/env-in-cent.hu\/#website"},"primaryImageOfPage":{"@id":"https:\/\/env-in-cent.hu\/2017\/08\/30\/a-fovarosi-kozgyules-elfogadta-budapest-2017-2021-idoszakra-szolo-kornyezetvedelemi-programjat\/#primaryimage"},"image":{"@id":"https:\/\/env-in-cent.hu\/2017\/08\/30\/a-fovarosi-kozgyules-elfogadta-budapest-2017-2021-idoszakra-szolo-kornyezetvedelemi-programjat\/#primaryimage"},"thumbnailUrl":"https:\/\/env-in-cent.hu\/wp-content\/uploads\/2017\/08\/BpKP1.jpg","datePublished":"2017-08-30T16:40:00+00:00","dateModified":"2024-12-04T15:13:48+00:00","breadcrumb":{"@id":"https:\/\/env-in-cent.hu\/2017\/08\/30\/a-fovarosi-kozgyules-elfogadta-budapest-2017-2021-idoszakra-szolo-kornyezetvedelemi-programjat\/#breadcrumb"},"inLanguage":"en-GB","potentialAction":[{"@type":"ReadAction","target":["https:\/\/env-in-cent.hu\/2017\/08\/30\/a-fovarosi-kozgyules-elfogadta-budapest-2017-2021-idoszakra-szolo-kornyezetvedelemi-programjat\/"]}]},{"@type":"ImageObject","inLanguage":"en-GB","@id":"https:\/\/env-in-cent.hu\/2017\/08\/30\/a-fovarosi-kozgyules-elfogadta-budapest-2017-2021-idoszakra-szolo-kornyezetvedelemi-programjat\/#primaryimage","url":"https:\/\/env-in-cent.hu\/wp-content\/uploads\/2017\/08\/BpKP1.jpg","contentUrl":"https:\/\/env-in-cent.hu\/wp-content\/uploads\/2017\/08\/BpKP1.jpg","width":110,"height":120},{"@type":"BreadcrumbList","@id":"https:\/\/env-in-cent.hu\/2017\/08\/30\/a-fovarosi-kozgyules-elfogadta-budapest-2017-2021-idoszakra-szolo-kornyezetvedelemi-programjat\/#breadcrumb","itemListElement":[{"@type":"ListItem","position":1,"name":"Kezd\u0151lap","item":"https:\/\/env-in-cent.hu\/"},{"@type":"ListItem","position":2,"name":"A F\u0151v\u00e1rosi K\u00f6zgy\u0171l\u00e9s elfogadta Budapest 2017-2021 id\u0151szakra sz\u00f3l\u00f3 K\u00f6rnyezetv\u00e9delemi Programj\u00e1t"}]},{"@type":"WebSite","@id":"https:\/\/env-in-cent.hu\/#website","url":"https:\/\/env-in-cent.hu\/","name":"Env-in-Cent","description":"Env-in-Cent K\u00f6rnyezetv\u00e9delmi Tan\u00e1csad\u00f3 Iroda Kft.","publisher":{"@id":"https:\/\/env-in-cent.hu\/#organization"},"potentialAction":[{"@type":"SearchAction","target":{"@type":"EntryPoint","urlTemplate":"https:\/\/env-in-cent.hu\/?s={search_term_string}"},"query-input":{"@type":"PropertyValueSpecification","valueRequired":true,"valueName":"search_term_string"}}],"inLanguage":"en-GB"},{"@type":"Organization","@id":"https:\/\/env-in-cent.hu\/#organization","name":"Env-in-Cent","url":"https:\/\/env-in-cent.hu\/","logo":{"@type":"ImageObject","inLanguage":"en-GB","@id":"https:\/\/env-in-cent.hu\/#\/schema\/logo\/image\/","url":"https:\/\/env-in-cent.hu\/wp-content\/uploads\/2024\/11\/logo.jpg","contentUrl":"https:\/\/env-in-cent.hu\/wp-content\/uploads\/2024\/11\/logo.jpg","width":170,"height":62,"caption":"Env-in-Cent"},"image":{"@id":"https:\/\/env-in-cent.hu\/#\/schema\/logo\/image\/"}},{"@type":"Person","@id":"https:\/\/env-in-cent.hu\/#\/schema\/person\/08a7dac74c2fe21558e1c2d5031c2286","name":"wpadmin","image":{"@type":"ImageObject","inLanguage":"en-GB","@id":"https:\/\/env-in-cent.hu\/#\/schema\/person\/image\/","url":"https:\/\/secure.gravatar.com\/avatar\/53a24cf06dbef3f89a60c98c61552040977719f05381b5a07034a7748ee6e029?s=96&d=mm&r=g","contentUrl":"https:\/\/secure.gravatar.com\/avatar\/53a24cf06dbef3f89a60c98c61552040977719f05381b5a07034a7748ee6e029?s=96&d=mm&r=g","caption":"wpadmin"},"sameAs":["https:\/\/env-in-cent.hu"],"url":"https:\/\/env-in-cent.hu\/en\/author\/wpadmin\/"}]}},"_links":{"self":[{"href":"https:\/\/env-in-cent.hu\/en\/wp-json\/wp\/v2\/posts\/52","targetHints":{"allow":["GET"]}}],"collection":[{"href":"https:\/\/env-in-cent.hu\/en\/wp-json\/wp\/v2\/posts"}],"about":[{"href":"https:\/\/env-in-cent.hu\/en\/wp-json\/wp\/v2\/types\/post"}],"author":[{"embeddable":true,"href":"https:\/\/env-in-cent.hu\/en\/wp-json\/wp\/v2\/users\/1"}],"replies":[{"embeddable":true,"href":"https:\/\/env-in-cent.hu\/en\/wp-json\/wp\/v2\/comments?post=52"}],"version-history":[{"count":2,"href":"https:\/\/env-in-cent.hu\/en\/wp-json\/wp\/v2\/posts\/52\/revisions"}],"predecessor-version":[{"id":439,"href":"https:\/\/env-in-cent.hu\/en\/wp-json\/wp\/v2\/posts\/52\/revisions\/439"}],"wp:featuredmedia":[{"embeddable":true,"href":"https:\/\/env-in-cent.hu\/en\/wp-json\/wp\/v2\/media\/438"}],"wp:attachment":[{"href":"https:\/\/env-in-cent.hu\/en\/wp-json\/wp\/v2\/media?parent=52"}],"wp:term":[{"taxonomy":"category","embeddable":true,"href":"https:\/\/env-in-cent.hu\/en\/wp-json\/wp\/v2\/categories?post=52"},{"taxonomy":"post_tag","embeddable":true,"href":"https:\/\/env-in-cent.hu\/en\/wp-json\/wp\/v2\/tags?post=52"}],"curies":[{"name":"wp","href":"https:\/\/api.w.org\/{rel}","templated":true}]}}