{"id":47,"date":"2017-03-17T11:51:00","date_gmt":"2017-03-17T11:51:00","guid":{"rendered":"https:\/\/env-in-cent.hu\/?p=47"},"modified":"2024-12-04T15:16:52","modified_gmt":"2024-12-04T15:16:52","slug":"elindult-baz-megye-kornyezetvedelmi-programjanak-kidolgozasa","status":"publish","type":"post","link":"https:\/\/env-in-cent.hu\/en\/2017\/03\/17\/elindult-baz-megye-kornyezetvedelmi-programjanak-kidolgozasa\/","title":{"rendered":"Elindult BAZ megye K\u00f6rnyezetv\u00e9delmi Programj\u00e1nak kidolgoz\u00e1sa"},"content":{"rendered":"<p class='Default' style='text-align: justify;'>Borsod-Aba\u00faj-Zempl\u00e9n megye \u00f6nkorm\u00e1nyzata megb\u00edz\u00e1s\u00e1b\u00f3l a megye 2017-2021 k\u00f6z\u00f6tti id\u0151szakra sz\u00f3l\u00f3 megyei k\u00f6rnyezeti programj\u00e1nak kidolgoz\u00e1s\u00e1t az Env-in-Cent Kft. koordin\u00e1lja.<\/p>\n<p class='Default' style='text-align: justify;'>A t\u00f6bbk\u00f6r\u00f6s egyeztet\u00e9si folyamat lefolytat\u00e1s\u00e1ban \u00e9s a program kidolgoz\u00e1s\u00e1ban 14 f\u0151 &#8211; az \u00e9rintett t\u00e9mak\u00f6r\u00f6kben j\u00e1ratos &#8211; szak\u00e9rt\u0151 vesz r\u00e9szt. A Program kidolgoz\u00e1sa sor\u00e1n r\u00e9szletes, indik\u00e1tor-alap\u00fa helyzet\u00e9rt\u00e9kel\u00e9s k\u00e9sz\u00fcl, mely t\u00f6bbek k\u00f6z\u00f6tt kiterjed a leveg\u0151min\u0151s\u00e9g, a felsz\u00edni, felsz\u00edn alatti vizek \u00e1llapot\u00e1ra, a term\u00e9szeti \u00e9rt\u00e9kek, az \u00e9l\u0151vil\u00e1g \u00e9s a t\u00e1jak helyzet\u00e9re. K\u00fcl\u00f6n elemezz\u00fck az emberi eg\u00e9szs\u00e9g, a k\u00f6rnyezetbiztons\u00e1g \u00e9s az \u00e9ghajlati s\u00e9r\u00fcl\u00e9kenys\u00e9g megyei helyzet\u00e9t, illetve kit\u00e9r\u00fcnk az \u00e9p\u00edtett k\u00f6rnyezet jellemz\u0151ire is. Vizsg\u00e1ljuk a f\u0151bb hat\u00f3t\u00e9nyez\u0151ket; t\u00f6bbek k\u00f6z\u00f6tt a zajterhel\u00e9s, a hullad\u00e9kgazd\u00e1lkod\u00e1s, a ter\u00fclethaszn\u00e1lat, a b\u00e1ny\u00e1szat, az energiagazd\u00e1lkod\u00e1s, a mez\u0151gazdas\u00e1g, a k\u00f6zleked\u00e9s \u00e9s a turizmus megyei k\u00f6rnyezeti dimenzi\u00f3it. A helyzet\u00e9rt\u00e9kel\u00e9s \u00f6sszegez\u00e9sek\u00e9nt \u00e1ttekint\u00e9st adunk a fenntarthat\u00f3 fejl\u0151d\u00e9s kritikus ter\u00fcleteir\u0151l.<\/p>\n<p style='text-align: justify;'>A helyzet\u00e9rt\u00e9kel\u00e9s alapj\u00e1n azonos\u00edtjuk a megye k\u00f6rnyezeti probl\u00e9m\u00e1it \u00e9s \u00e9rt\u00e9keit, melyek kiindul\u00f3pontj\u00e1t k\u00e9pezik a SWOT elemz\u00e9snek, valamint a megyei k\u00f6rnyezeti c\u00e9lrendszer \u00e9s j\u00f6v\u0151k\u00e9p meghat\u00e1roz\u00e1s\u00e1hoz. A Program r\u00e9szletesen felt\u00e1rja a beavatkoz\u00e1si ter\u00fcleteket \u00e9s feladatokat, azonos\u00edtja a megyei k\u00f6rnyezetv\u00e9delmi program v\u00e9grehajt\u00e1s\u00e1nak strat\u00e9giai eszk\u00f6zeit. Borsod-Aba\u00faj-Zempl\u00e9n megye K\u00f6rnyezetv\u00e9delmi Programj\u00e1t v\u00e1rhat\u00f3an 2017. \u0151sszel fogadja el a BAZ megyei K\u00f6zgy\u0171l\u00e9s.<\/p>","protected":false},"excerpt":{"rendered":"<p>Az Env-in-Cent Kft. megkezdte Borsod-Aba\u00faj-Zempl\u00e9n megye \u00f6nkorm\u00e1nyzata sz\u00e1m\u00e1ra a megyei k\u00f6rnyezetv\u00e9delmi program kidolgoz\u00e1s\u00e1t.<\/p>","protected":false},"author":1,"featured_media":449,"comment_status":"closed","ping_status":"open","sticky":false,"template":"","format":"standard","meta":{"footnotes":""},"categories":[3],"tags":[],"class_list":["post-47","post","type-post","status-publish","format-standard","has-post-thumbnail","hentry","category-hirek"],"yoast_head":"<!-- This site is optimized with the Yoast SEO plugin v23.9 - https:\/\/yoast.com\/wordpress\/plugins\/seo\/ -->\n<title>Elindult BAZ megye K\u00f6rnyezetv\u00e9delmi Programj\u00e1nak kidolgoz\u00e1sa - Env-in-Cent<\/title>\n<meta name=\"robots\" content=\"noindex, follow, max-snippet:-1, max-image-preview:large, max-video-preview:-1\" \/>\n<meta property=\"og:locale\" content=\"en_GB\" \/>\n<meta property=\"og:type\" content=\"article\" \/>\n<meta property=\"og:title\" content=\"Elindult BAZ megye K\u00f6rnyezetv\u00e9delmi Programj\u00e1nak kidolgoz\u00e1sa - Env-in-Cent\" \/>\n<meta property=\"og:description\" content=\"Az Env-in-Cent Kft. megkezdte Borsod-Aba\u00faj-Zempl\u00e9n megye \u00f6nkorm\u00e1nyzata sz\u00e1m\u00e1ra a megyei k\u00f6rnyezetv\u00e9delmi program kidolgoz\u00e1s\u00e1t.\" \/>\n<meta property=\"og:url\" content=\"https:\/\/env-in-cent.hu\/en\/2017\/03\/17\/elindult-baz-megye-kornyezetvedelmi-programjanak-kidolgozasa\/\" \/>\n<meta property=\"og:site_name\" content=\"Env-in-Cent\" \/>\n<meta property=\"article:published_time\" content=\"2017-03-17T11:51:00+00:00\" \/>\n<meta property=\"article:modified_time\" content=\"2024-12-04T15:16:52+00:00\" \/>\n<meta property=\"og:image\" content=\"https:\/\/env-in-cent.hu\/wp-content\/uploads\/2017\/03\/BAZ_kepezz1.jpg\" \/>\n\t<meta property=\"og:image:width\" content=\"110\" \/>\n\t<meta property=\"og:image:height\" content=\"96\" \/>\n\t<meta property=\"og:image:type\" content=\"image\/jpeg\" \/>\n<meta name=\"author\" content=\"wpadmin\" \/>\n<meta name=\"twitter:card\" content=\"summary_large_image\" \/>\n<meta name=\"twitter:label1\" content=\"Written by\" \/>\n\t<meta name=\"twitter:data1\" content=\"wpadmin\" \/>\n\t<meta name=\"twitter:label2\" content=\"Estimated reading time\" \/>\n\t<meta name=\"twitter:data2\" content=\"2 minutes\" \/>\n<script type=\"application\/ld+json\" class=\"yoast-schema-graph\">{\"@context\":\"https:\/\/schema.org\",\"@graph\":[{\"@type\":\"Article\",\"@id\":\"https:\/\/env-in-cent.hu\/2017\/03\/17\/elindult-baz-megye-kornyezetvedelmi-programjanak-kidolgozasa\/#article\",\"isPartOf\":{\"@id\":\"https:\/\/env-in-cent.hu\/2017\/03\/17\/elindult-baz-megye-kornyezetvedelmi-programjanak-kidolgozasa\/\"},\"author\":{\"name\":\"wpadmin\",\"@id\":\"https:\/\/env-in-cent.hu\/#\/schema\/person\/08a7dac74c2fe21558e1c2d5031c2286\"},\"headline\":\"Elindult BAZ megye K\u00f6rnyezetv\u00e9delmi Programj\u00e1nak kidolgoz\u00e1sa\",\"datePublished\":\"2017-03-17T11:51:00+00:00\",\"dateModified\":\"2024-12-04T15:16:52+00:00\",\"mainEntityOfPage\":{\"@id\":\"https:\/\/env-in-cent.hu\/2017\/03\/17\/elindult-baz-megye-kornyezetvedelmi-programjanak-kidolgozasa\/\"},\"wordCount\":333,\"publisher\":{\"@id\":\"https:\/\/env-in-cent.hu\/#organization\"},\"image\":{\"@id\":\"https:\/\/env-in-cent.hu\/2017\/03\/17\/elindult-baz-megye-kornyezetvedelmi-programjanak-kidolgozasa\/#primaryimage\"},\"thumbnailUrl\":\"https:\/\/env-in-cent.hu\/wp-content\/uploads\/2017\/03\/BAZ_kepezz1.jpg\",\"articleSection\":[\"H\u00edrek\"],\"inLanguage\":\"en-GB\"},{\"@type\":\"WebPage\",\"@id\":\"https:\/\/env-in-cent.hu\/2017\/03\/17\/elindult-baz-megye-kornyezetvedelmi-programjanak-kidolgozasa\/\",\"url\":\"https:\/\/env-in-cent.hu\/2017\/03\/17\/elindult-baz-megye-kornyezetvedelmi-programjanak-kidolgozasa\/\",\"name\":\"Elindult BAZ megye K\u00f6rnyezetv\u00e9delmi Programj\u00e1nak kidolgoz\u00e1sa - Env-in-Cent\",\"isPartOf\":{\"@id\":\"https:\/\/env-in-cent.hu\/#website\"},\"primaryImageOfPage\":{\"@id\":\"https:\/\/env-in-cent.hu\/2017\/03\/17\/elindult-baz-megye-kornyezetvedelmi-programjanak-kidolgozasa\/#primaryimage\"},\"image\":{\"@id\":\"https:\/\/env-in-cent.hu\/2017\/03\/17\/elindult-baz-megye-kornyezetvedelmi-programjanak-kidolgozasa\/#primaryimage\"},\"thumbnailUrl\":\"https:\/\/env-in-cent.hu\/wp-content\/uploads\/2017\/03\/BAZ_kepezz1.jpg\",\"datePublished\":\"2017-03-17T11:51:00+00:00\",\"dateModified\":\"2024-12-04T15:16:52+00:00\",\"breadcrumb\":{\"@id\":\"https:\/\/env-in-cent.hu\/2017\/03\/17\/elindult-baz-megye-kornyezetvedelmi-programjanak-kidolgozasa\/#breadcrumb\"},\"inLanguage\":\"en-GB\",\"potentialAction\":[{\"@type\":\"ReadAction\",\"target\":[\"https:\/\/env-in-cent.hu\/2017\/03\/17\/elindult-baz-megye-kornyezetvedelmi-programjanak-kidolgozasa\/\"]}]},{\"@type\":\"ImageObject\",\"inLanguage\":\"en-GB\",\"@id\":\"https:\/\/env-in-cent.hu\/2017\/03\/17\/elindult-baz-megye-kornyezetvedelmi-programjanak-kidolgozasa\/#primaryimage\",\"url\":\"https:\/\/env-in-cent.hu\/wp-content\/uploads\/2017\/03\/BAZ_kepezz1.jpg\",\"contentUrl\":\"https:\/\/env-in-cent.hu\/wp-content\/uploads\/2017\/03\/BAZ_kepezz1.jpg\",\"width\":110,\"height\":96},{\"@type\":\"BreadcrumbList\",\"@id\":\"https:\/\/env-in-cent.hu\/2017\/03\/17\/elindult-baz-megye-kornyezetvedelmi-programjanak-kidolgozasa\/#breadcrumb\",\"itemListElement\":[{\"@type\":\"ListItem\",\"position\":1,\"name\":\"Kezd\u0151lap\",\"item\":\"https:\/\/env-in-cent.hu\/\"},{\"@type\":\"ListItem\",\"position\":2,\"name\":\"Elindult BAZ megye K\u00f6rnyezetv\u00e9delmi Programj\u00e1nak kidolgoz\u00e1sa\"}]},{\"@type\":\"WebSite\",\"@id\":\"https:\/\/env-in-cent.hu\/#website\",\"url\":\"https:\/\/env-in-cent.hu\/\",\"name\":\"Env-in-Cent\",\"description\":\"Env-in-Cent K\u00f6rnyezetv\u00e9delmi Tan\u00e1csad\u00f3 Iroda Kft.\",\"publisher\":{\"@id\":\"https:\/\/env-in-cent.hu\/#organization\"},\"potentialAction\":[{\"@type\":\"SearchAction\",\"target\":{\"@type\":\"EntryPoint\",\"urlTemplate\":\"https:\/\/env-in-cent.hu\/?s={search_term_string}\"},\"query-input\":{\"@type\":\"PropertyValueSpecification\",\"valueRequired\":true,\"valueName\":\"search_term_string\"}}],\"inLanguage\":\"en-GB\"},{\"@type\":\"Organization\",\"@id\":\"https:\/\/env-in-cent.hu\/#organization\",\"name\":\"Env-in-Cent\",\"url\":\"https:\/\/env-in-cent.hu\/\",\"logo\":{\"@type\":\"ImageObject\",\"inLanguage\":\"en-GB\",\"@id\":\"https:\/\/env-in-cent.hu\/#\/schema\/logo\/image\/\",\"url\":\"https:\/\/env-in-cent.hu\/wp-content\/uploads\/2024\/11\/logo.jpg\",\"contentUrl\":\"https:\/\/env-in-cent.hu\/wp-content\/uploads\/2024\/11\/logo.jpg\",\"width\":170,\"height\":62,\"caption\":\"Env-in-Cent\"},\"image\":{\"@id\":\"https:\/\/env-in-cent.hu\/#\/schema\/logo\/image\/\"}},{\"@type\":\"Person\",\"@id\":\"https:\/\/env-in-cent.hu\/#\/schema\/person\/08a7dac74c2fe21558e1c2d5031c2286\",\"name\":\"wpadmin\",\"image\":{\"@type\":\"ImageObject\",\"inLanguage\":\"en-GB\",\"@id\":\"https:\/\/env-in-cent.hu\/#\/schema\/person\/image\/\",\"url\":\"https:\/\/secure.gravatar.com\/avatar\/53a24cf06dbef3f89a60c98c61552040977719f05381b5a07034a7748ee6e029?s=96&d=mm&r=g\",\"contentUrl\":\"https:\/\/secure.gravatar.com\/avatar\/53a24cf06dbef3f89a60c98c61552040977719f05381b5a07034a7748ee6e029?s=96&d=mm&r=g\",\"caption\":\"wpadmin\"},\"sameAs\":[\"https:\/\/env-in-cent.hu\"],\"url\":\"https:\/\/env-in-cent.hu\/en\/author\/wpadmin\/\"}]}<\/script>\n<!-- \/ Yoast SEO plugin. -->","yoast_head_json":{"title":"Elindult BAZ megye K\u00f6rnyezetv\u00e9delmi Programj\u00e1nak kidolgoz\u00e1sa - Env-in-Cent","robots":{"index":"noindex","follow":"follow","max-snippet":"max-snippet:-1","max-image-preview":"max-image-preview:large","max-video-preview":"max-video-preview:-1"},"og_locale":"en_GB","og_type":"article","og_title":"Elindult BAZ megye K\u00f6rnyezetv\u00e9delmi Programj\u00e1nak kidolgoz\u00e1sa - Env-in-Cent","og_description":"Az Env-in-Cent Kft. megkezdte Borsod-Aba\u00faj-Zempl\u00e9n megye \u00f6nkorm\u00e1nyzata sz\u00e1m\u00e1ra a megyei k\u00f6rnyezetv\u00e9delmi program kidolgoz\u00e1s\u00e1t.","og_url":"https:\/\/env-in-cent.hu\/en\/2017\/03\/17\/elindult-baz-megye-kornyezetvedelmi-programjanak-kidolgozasa\/","og_site_name":"Env-in-Cent","article_published_time":"2017-03-17T11:51:00+00:00","article_modified_time":"2024-12-04T15:16:52+00:00","og_image":[{"width":110,"height":96,"url":"https:\/\/env-in-cent.hu\/wp-content\/uploads\/2017\/03\/BAZ_kepezz1.jpg","type":"image\/jpeg"}],"author":"wpadmin","twitter_card":"summary_large_image","twitter_misc":{"Written by":"wpadmin","Estimated reading time":"2 minutes"},"schema":{"@context":"https:\/\/schema.org","@graph":[{"@type":"Article","@id":"https:\/\/env-in-cent.hu\/2017\/03\/17\/elindult-baz-megye-kornyezetvedelmi-programjanak-kidolgozasa\/#article","isPartOf":{"@id":"https:\/\/env-in-cent.hu\/2017\/03\/17\/elindult-baz-megye-kornyezetvedelmi-programjanak-kidolgozasa\/"},"author":{"name":"wpadmin","@id":"https:\/\/env-in-cent.hu\/#\/schema\/person\/08a7dac74c2fe21558e1c2d5031c2286"},"headline":"Elindult BAZ megye K\u00f6rnyezetv\u00e9delmi Programj\u00e1nak kidolgoz\u00e1sa","datePublished":"2017-03-17T11:51:00+00:00","dateModified":"2024-12-04T15:16:52+00:00","mainEntityOfPage":{"@id":"https:\/\/env-in-cent.hu\/2017\/03\/17\/elindult-baz-megye-kornyezetvedelmi-programjanak-kidolgozasa\/"},"wordCount":333,"publisher":{"@id":"https:\/\/env-in-cent.hu\/#organization"},"image":{"@id":"https:\/\/env-in-cent.hu\/2017\/03\/17\/elindult-baz-megye-kornyezetvedelmi-programjanak-kidolgozasa\/#primaryimage"},"thumbnailUrl":"https:\/\/env-in-cent.hu\/wp-content\/uploads\/2017\/03\/BAZ_kepezz1.jpg","articleSection":["H\u00edrek"],"inLanguage":"en-GB"},{"@type":"WebPage","@id":"https:\/\/env-in-cent.hu\/2017\/03\/17\/elindult-baz-megye-kornyezetvedelmi-programjanak-kidolgozasa\/","url":"https:\/\/env-in-cent.hu\/2017\/03\/17\/elindult-baz-megye-kornyezetvedelmi-programjanak-kidolgozasa\/","name":"Elindult BAZ megye K\u00f6rnyezetv\u00e9delmi Programj\u00e1nak kidolgoz\u00e1sa - Env-in-Cent","isPartOf":{"@id":"https:\/\/env-in-cent.hu\/#website"},"primaryImageOfPage":{"@id":"https:\/\/env-in-cent.hu\/2017\/03\/17\/elindult-baz-megye-kornyezetvedelmi-programjanak-kidolgozasa\/#primaryimage"},"image":{"@id":"https:\/\/env-in-cent.hu\/2017\/03\/17\/elindult-baz-megye-kornyezetvedelmi-programjanak-kidolgozasa\/#primaryimage"},"thumbnailUrl":"https:\/\/env-in-cent.hu\/wp-content\/uploads\/2017\/03\/BAZ_kepezz1.jpg","datePublished":"2017-03-17T11:51:00+00:00","dateModified":"2024-12-04T15:16:52+00:00","breadcrumb":{"@id":"https:\/\/env-in-cent.hu\/2017\/03\/17\/elindult-baz-megye-kornyezetvedelmi-programjanak-kidolgozasa\/#breadcrumb"},"inLanguage":"en-GB","potentialAction":[{"@type":"ReadAction","target":["https:\/\/env-in-cent.hu\/2017\/03\/17\/elindult-baz-megye-kornyezetvedelmi-programjanak-kidolgozasa\/"]}]},{"@type":"ImageObject","inLanguage":"en-GB","@id":"https:\/\/env-in-cent.hu\/2017\/03\/17\/elindult-baz-megye-kornyezetvedelmi-programjanak-kidolgozasa\/#primaryimage","url":"https:\/\/env-in-cent.hu\/wp-content\/uploads\/2017\/03\/BAZ_kepezz1.jpg","contentUrl":"https:\/\/env-in-cent.hu\/wp-content\/uploads\/2017\/03\/BAZ_kepezz1.jpg","width":110,"height":96},{"@type":"BreadcrumbList","@id":"https:\/\/env-in-cent.hu\/2017\/03\/17\/elindult-baz-megye-kornyezetvedelmi-programjanak-kidolgozasa\/#breadcrumb","itemListElement":[{"@type":"ListItem","position":1,"name":"Kezd\u0151lap","item":"https:\/\/env-in-cent.hu\/"},{"@type":"ListItem","position":2,"name":"Elindult BAZ megye K\u00f6rnyezetv\u00e9delmi Programj\u00e1nak kidolgoz\u00e1sa"}]},{"@type":"WebSite","@id":"https:\/\/env-in-cent.hu\/#website","url":"https:\/\/env-in-cent.hu\/","name":"Env-in-Cent","description":"Env-in-Cent K\u00f6rnyezetv\u00e9delmi Tan\u00e1csad\u00f3 Iroda Kft.","publisher":{"@id":"https:\/\/env-in-cent.hu\/#organization"},"potentialAction":[{"@type":"SearchAction","target":{"@type":"EntryPoint","urlTemplate":"https:\/\/env-in-cent.hu\/?s={search_term_string}"},"query-input":{"@type":"PropertyValueSpecification","valueRequired":true,"valueName":"search_term_string"}}],"inLanguage":"en-GB"},{"@type":"Organization","@id":"https:\/\/env-in-cent.hu\/#organization","name":"Env-in-Cent","url":"https:\/\/env-in-cent.hu\/","logo":{"@type":"ImageObject","inLanguage":"en-GB","@id":"https:\/\/env-in-cent.hu\/#\/schema\/logo\/image\/","url":"https:\/\/env-in-cent.hu\/wp-content\/uploads\/2024\/11\/logo.jpg","contentUrl":"https:\/\/env-in-cent.hu\/wp-content\/uploads\/2024\/11\/logo.jpg","width":170,"height":62,"caption":"Env-in-Cent"},"image":{"@id":"https:\/\/env-in-cent.hu\/#\/schema\/logo\/image\/"}},{"@type":"Person","@id":"https:\/\/env-in-cent.hu\/#\/schema\/person\/08a7dac74c2fe21558e1c2d5031c2286","name":"wpadmin","image":{"@type":"ImageObject","inLanguage":"en-GB","@id":"https:\/\/env-in-cent.hu\/#\/schema\/person\/image\/","url":"https:\/\/secure.gravatar.com\/avatar\/53a24cf06dbef3f89a60c98c61552040977719f05381b5a07034a7748ee6e029?s=96&d=mm&r=g","contentUrl":"https:\/\/secure.gravatar.com\/avatar\/53a24cf06dbef3f89a60c98c61552040977719f05381b5a07034a7748ee6e029?s=96&d=mm&r=g","caption":"wpadmin"},"sameAs":["https:\/\/env-in-cent.hu"],"url":"https:\/\/env-in-cent.hu\/en\/author\/wpadmin\/"}]}},"_links":{"self":[{"href":"https:\/\/env-in-cent.hu\/en\/wp-json\/wp\/v2\/posts\/47","targetHints":{"allow":["GET"]}}],"collection":[{"href":"https:\/\/env-in-cent.hu\/en\/wp-json\/wp\/v2\/posts"}],"about":[{"href":"https:\/\/env-in-cent.hu\/en\/wp-json\/wp\/v2\/types\/post"}],"author":[{"embeddable":true,"href":"https:\/\/env-in-cent.hu\/en\/wp-json\/wp\/v2\/users\/1"}],"replies":[{"embeddable":true,"href":"https:\/\/env-in-cent.hu\/en\/wp-json\/wp\/v2\/comments?post=47"}],"version-history":[{"count":2,"href":"https:\/\/env-in-cent.hu\/en\/wp-json\/wp\/v2\/posts\/47\/revisions"}],"predecessor-version":[{"id":450,"href":"https:\/\/env-in-cent.hu\/en\/wp-json\/wp\/v2\/posts\/47\/revisions\/450"}],"wp:featuredmedia":[{"embeddable":true,"href":"https:\/\/env-in-cent.hu\/en\/wp-json\/wp\/v2\/media\/449"}],"wp:attachment":[{"href":"https:\/\/env-in-cent.hu\/en\/wp-json\/wp\/v2\/media?parent=47"}],"wp:term":[{"taxonomy":"category","embeddable":true,"href":"https:\/\/env-in-cent.hu\/en\/wp-json\/wp\/v2\/categories?post=47"},{"taxonomy":"post_tag","embeddable":true,"href":"https:\/\/env-in-cent.hu\/en\/wp-json\/wp\/v2\/tags?post=47"}],"curies":[{"name":"wp","href":"https:\/\/api.w.org\/{rel}","templated":true}]}}