{"id":44,"date":"2013-05-28T00:00:00","date_gmt":"2013-05-28T00:00:00","guid":{"rendered":"https:\/\/env-in-cent.hu\/?p=44"},"modified":"2024-12-04T16:11:48","modified_gmt":"2024-12-04T16:11:48","slug":"skv-keszul-az-orszagos-fejlesztesi-es-teruletfejlesztesi-koncepciora","status":"publish","type":"post","link":"https:\/\/env-in-cent.hu\/en\/2013\/05\/28\/skv-keszul-az-orszagos-fejlesztesi-es-teruletfejlesztesi-koncepciora\/","title":{"rendered":"SKV k\u00e9sz\u00fcl az Orsz\u00e1gos Fejleszt\u00e9si \u00e9s Ter\u00fcletfejleszt\u00e9si Koncepci\u00f3ra"},"content":{"rendered":"<p class='4tablbels' style='text-align: justify;'>Az Orsz\u00e1gos Fejleszt\u00e9si \u00e9s Ter\u00fcletfejleszt\u00e9si Koncepci\u00f3 (OFTK) elk\u00e9sz\u00edt\u00e9s\u00e9r\u0151l a ter\u00fcletfejleszt\u00e9sr\u0151l \u00e9s a ter\u00fcletrendez\u00e9sr\u0151l sz\u00f3l\u00f3 1996. \u00e9vi XXI. t\u00f6rv\u00e9ny 9\/B. &sect; a) \u00e9s b) pontja, valamint a Korm\u00e1ny 1254\/2012. (VII. 19.) Korm. hat\u00e1rozata a ter\u00fcletfejleszt\u00e9si politika meg\u00faj\u00edt\u00e1s\u00e1r\u00f3l, az \u00faj Orsz\u00e1gos Ter\u00fcletfejleszt\u00e9si \u00e9s az \u00faj Orsz\u00e1gos Fejleszt\u00e9si Koncepci\u00f3 kidolgoz\u00e1s\u00e1r\u00f3l rendelkezik. E jogi felhatalmaz\u00e1s alapj\u00e1n az OFTK egy \u00e1tfog\u00f3, nemzeti fejleszt\u00e9spolitikai dokumentumban r\u00f6gz\u00edti az \u00e1gazati fejleszt\u00e9si \u00e9s a ter\u00fcletfejleszt\u00e9si c\u00e9lokat. A Nemzetgazdas\u00e1gi Miniszt\u00e9rium megb\u00edz\u00e1s\u00e1b\u00f3l az Env-in-Cent Kft. koordin\u00e1lja az SKV K\u00f6rnyezeti \u00e9rt\u00e9kel\u00e9s kidolgoz\u00e1s\u00e1t.<\/p>","protected":false},"excerpt":{"rendered":"<p class='Stlus1'>Az Env-in-Cent Kft. SKV-t k\u00e9sz\u00edt az\u00a0Orsz\u00e1gos Fejleszt\u00e9si \u00e9s Ter\u00fcletfejleszt\u00e9si Koncepci\u00f3ra<\/p>","protected":false},"author":1,"featured_media":499,"comment_status":"closed","ping_status":"open","sticky":false,"template":"","format":"standard","meta":{"footnotes":""},"categories":[3],"tags":[],"class_list":["post-44","post","type-post","status-publish","format-standard","has-post-thumbnail","hentry","category-hirek"],"yoast_head":"<!-- This site is optimized with the Yoast SEO plugin v23.9 - https:\/\/yoast.com\/wordpress\/plugins\/seo\/ -->\n<title>SKV k\u00e9sz\u00fcl az Orsz\u00e1gos Fejleszt\u00e9si \u00e9s Ter\u00fcletfejleszt\u00e9si Koncepci\u00f3ra - Env-in-Cent<\/title>\n<meta name=\"robots\" content=\"noindex, follow, max-snippet:-1, max-image-preview:large, max-video-preview:-1\" \/>\n<meta property=\"og:locale\" content=\"en_GB\" \/>\n<meta property=\"og:type\" content=\"article\" \/>\n<meta property=\"og:title\" content=\"SKV k\u00e9sz\u00fcl az Orsz\u00e1gos Fejleszt\u00e9si \u00e9s Ter\u00fcletfejleszt\u00e9si Koncepci\u00f3ra - Env-in-Cent\" \/>\n<meta property=\"og:description\" content=\"Az Env-in-Cent Kft. SKV-t k\u00e9sz\u00edt az\u00a0Orsz\u00e1gos Fejleszt\u00e9si \u00e9s Ter\u00fcletfejleszt\u00e9si Koncepci\u00f3ra\" \/>\n<meta property=\"og:url\" content=\"https:\/\/env-in-cent.hu\/en\/2013\/05\/28\/skv-keszul-az-orszagos-fejlesztesi-es-teruletfejlesztesi-koncepciora\/\" \/>\n<meta property=\"og:site_name\" content=\"Env-in-Cent\" \/>\n<meta property=\"article:published_time\" content=\"2013-05-28T00:00:00+00:00\" \/>\n<meta property=\"article:modified_time\" content=\"2024-12-04T16:11:48+00:00\" \/>\n<meta property=\"og:image\" content=\"https:\/\/env-in-cent.hu\/wp-content\/uploads\/2013\/05\/hir1.jpg\" \/>\n\t<meta property=\"og:image:width\" content=\"127\" \/>\n\t<meta property=\"og:image:height\" content=\"84\" \/>\n\t<meta property=\"og:image:type\" content=\"image\/jpeg\" \/>\n<meta name=\"author\" content=\"wpadmin\" \/>\n<meta name=\"twitter:card\" content=\"summary_large_image\" \/>\n<meta name=\"twitter:label1\" content=\"Written by\" \/>\n\t<meta name=\"twitter:data1\" content=\"wpadmin\" \/>\n\t<meta name=\"twitter:label2\" content=\"Estimated reading time\" \/>\n\t<meta name=\"twitter:data2\" content=\"1 minute\" \/>\n<script type=\"application\/ld+json\" class=\"yoast-schema-graph\">{\"@context\":\"https:\/\/schema.org\",\"@graph\":[{\"@type\":\"Article\",\"@id\":\"https:\/\/env-in-cent.hu\/2013\/05\/28\/skv-keszul-az-orszagos-fejlesztesi-es-teruletfejlesztesi-koncepciora\/#article\",\"isPartOf\":{\"@id\":\"https:\/\/env-in-cent.hu\/2013\/05\/28\/skv-keszul-az-orszagos-fejlesztesi-es-teruletfejlesztesi-koncepciora\/\"},\"author\":{\"name\":\"wpadmin\",\"@id\":\"https:\/\/env-in-cent.hu\/#\/schema\/person\/08a7dac74c2fe21558e1c2d5031c2286\"},\"headline\":\"SKV k\u00e9sz\u00fcl az Orsz\u00e1gos Fejleszt\u00e9si \u00e9s Ter\u00fcletfejleszt\u00e9si Koncepci\u00f3ra\",\"datePublished\":\"2013-05-28T00:00:00+00:00\",\"dateModified\":\"2024-12-04T16:11:48+00:00\",\"mainEntityOfPage\":{\"@id\":\"https:\/\/env-in-cent.hu\/2013\/05\/28\/skv-keszul-az-orszagos-fejlesztesi-es-teruletfejlesztesi-koncepciora\/\"},\"wordCount\":148,\"publisher\":{\"@id\":\"https:\/\/env-in-cent.hu\/#organization\"},\"image\":{\"@id\":\"https:\/\/env-in-cent.hu\/2013\/05\/28\/skv-keszul-az-orszagos-fejlesztesi-es-teruletfejlesztesi-koncepciora\/#primaryimage\"},\"thumbnailUrl\":\"https:\/\/env-in-cent.hu\/wp-content\/uploads\/2013\/05\/hir1.jpg\",\"articleSection\":[\"H\u00edrek\"],\"inLanguage\":\"en-GB\"},{\"@type\":\"WebPage\",\"@id\":\"https:\/\/env-in-cent.hu\/2013\/05\/28\/skv-keszul-az-orszagos-fejlesztesi-es-teruletfejlesztesi-koncepciora\/\",\"url\":\"https:\/\/env-in-cent.hu\/2013\/05\/28\/skv-keszul-az-orszagos-fejlesztesi-es-teruletfejlesztesi-koncepciora\/\",\"name\":\"SKV k\u00e9sz\u00fcl az Orsz\u00e1gos Fejleszt\u00e9si \u00e9s Ter\u00fcletfejleszt\u00e9si Koncepci\u00f3ra - Env-in-Cent\",\"isPartOf\":{\"@id\":\"https:\/\/env-in-cent.hu\/#website\"},\"primaryImageOfPage\":{\"@id\":\"https:\/\/env-in-cent.hu\/2013\/05\/28\/skv-keszul-az-orszagos-fejlesztesi-es-teruletfejlesztesi-koncepciora\/#primaryimage\"},\"image\":{\"@id\":\"https:\/\/env-in-cent.hu\/2013\/05\/28\/skv-keszul-az-orszagos-fejlesztesi-es-teruletfejlesztesi-koncepciora\/#primaryimage\"},\"thumbnailUrl\":\"https:\/\/env-in-cent.hu\/wp-content\/uploads\/2013\/05\/hir1.jpg\",\"datePublished\":\"2013-05-28T00:00:00+00:00\",\"dateModified\":\"2024-12-04T16:11:48+00:00\",\"breadcrumb\":{\"@id\":\"https:\/\/env-in-cent.hu\/2013\/05\/28\/skv-keszul-az-orszagos-fejlesztesi-es-teruletfejlesztesi-koncepciora\/#breadcrumb\"},\"inLanguage\":\"en-GB\",\"potentialAction\":[{\"@type\":\"ReadAction\",\"target\":[\"https:\/\/env-in-cent.hu\/2013\/05\/28\/skv-keszul-az-orszagos-fejlesztesi-es-teruletfejlesztesi-koncepciora\/\"]}]},{\"@type\":\"ImageObject\",\"inLanguage\":\"en-GB\",\"@id\":\"https:\/\/env-in-cent.hu\/2013\/05\/28\/skv-keszul-az-orszagos-fejlesztesi-es-teruletfejlesztesi-koncepciora\/#primaryimage\",\"url\":\"https:\/\/env-in-cent.hu\/wp-content\/uploads\/2013\/05\/hir1.jpg\",\"contentUrl\":\"https:\/\/env-in-cent.hu\/wp-content\/uploads\/2013\/05\/hir1.jpg\",\"width\":127,\"height\":84},{\"@type\":\"BreadcrumbList\",\"@id\":\"https:\/\/env-in-cent.hu\/2013\/05\/28\/skv-keszul-az-orszagos-fejlesztesi-es-teruletfejlesztesi-koncepciora\/#breadcrumb\",\"itemListElement\":[{\"@type\":\"ListItem\",\"position\":1,\"name\":\"Kezd\u0151lap\",\"item\":\"https:\/\/env-in-cent.hu\/\"},{\"@type\":\"ListItem\",\"position\":2,\"name\":\"SKV k\u00e9sz\u00fcl az Orsz\u00e1gos Fejleszt\u00e9si \u00e9s Ter\u00fcletfejleszt\u00e9si Koncepci\u00f3ra\"}]},{\"@type\":\"WebSite\",\"@id\":\"https:\/\/env-in-cent.hu\/#website\",\"url\":\"https:\/\/env-in-cent.hu\/\",\"name\":\"Env-in-Cent\",\"description\":\"Env-in-Cent K\u00f6rnyezetv\u00e9delmi Tan\u00e1csad\u00f3 Iroda Kft.\",\"publisher\":{\"@id\":\"https:\/\/env-in-cent.hu\/#organization\"},\"potentialAction\":[{\"@type\":\"SearchAction\",\"target\":{\"@type\":\"EntryPoint\",\"urlTemplate\":\"https:\/\/env-in-cent.hu\/?s={search_term_string}\"},\"query-input\":{\"@type\":\"PropertyValueSpecification\",\"valueRequired\":true,\"valueName\":\"search_term_string\"}}],\"inLanguage\":\"en-GB\"},{\"@type\":\"Organization\",\"@id\":\"https:\/\/env-in-cent.hu\/#organization\",\"name\":\"Env-in-Cent\",\"url\":\"https:\/\/env-in-cent.hu\/\",\"logo\":{\"@type\":\"ImageObject\",\"inLanguage\":\"en-GB\",\"@id\":\"https:\/\/env-in-cent.hu\/#\/schema\/logo\/image\/\",\"url\":\"https:\/\/env-in-cent.hu\/wp-content\/uploads\/2024\/11\/logo.jpg\",\"contentUrl\":\"https:\/\/env-in-cent.hu\/wp-content\/uploads\/2024\/11\/logo.jpg\",\"width\":170,\"height\":62,\"caption\":\"Env-in-Cent\"},\"image\":{\"@id\":\"https:\/\/env-in-cent.hu\/#\/schema\/logo\/image\/\"}},{\"@type\":\"Person\",\"@id\":\"https:\/\/env-in-cent.hu\/#\/schema\/person\/08a7dac74c2fe21558e1c2d5031c2286\",\"name\":\"wpadmin\",\"image\":{\"@type\":\"ImageObject\",\"inLanguage\":\"en-GB\",\"@id\":\"https:\/\/env-in-cent.hu\/#\/schema\/person\/image\/\",\"url\":\"https:\/\/secure.gravatar.com\/avatar\/53a24cf06dbef3f89a60c98c61552040977719f05381b5a07034a7748ee6e029?s=96&d=mm&r=g\",\"contentUrl\":\"https:\/\/secure.gravatar.com\/avatar\/53a24cf06dbef3f89a60c98c61552040977719f05381b5a07034a7748ee6e029?s=96&d=mm&r=g\",\"caption\":\"wpadmin\"},\"sameAs\":[\"https:\/\/env-in-cent.hu\"],\"url\":\"https:\/\/env-in-cent.hu\/en\/author\/wpadmin\/\"}]}<\/script>\n<!-- \/ Yoast SEO plugin. -->","yoast_head_json":{"title":"SKV k\u00e9sz\u00fcl az Orsz\u00e1gos Fejleszt\u00e9si \u00e9s Ter\u00fcletfejleszt\u00e9si Koncepci\u00f3ra - Env-in-Cent","robots":{"index":"noindex","follow":"follow","max-snippet":"max-snippet:-1","max-image-preview":"max-image-preview:large","max-video-preview":"max-video-preview:-1"},"og_locale":"en_GB","og_type":"article","og_title":"SKV k\u00e9sz\u00fcl az Orsz\u00e1gos Fejleszt\u00e9si \u00e9s Ter\u00fcletfejleszt\u00e9si Koncepci\u00f3ra - Env-in-Cent","og_description":"Az Env-in-Cent Kft. SKV-t k\u00e9sz\u00edt az\u00a0Orsz\u00e1gos Fejleszt\u00e9si \u00e9s Ter\u00fcletfejleszt\u00e9si Koncepci\u00f3ra","og_url":"https:\/\/env-in-cent.hu\/en\/2013\/05\/28\/skv-keszul-az-orszagos-fejlesztesi-es-teruletfejlesztesi-koncepciora\/","og_site_name":"Env-in-Cent","article_published_time":"2013-05-28T00:00:00+00:00","article_modified_time":"2024-12-04T16:11:48+00:00","og_image":[{"width":127,"height":84,"url":"https:\/\/env-in-cent.hu\/wp-content\/uploads\/2013\/05\/hir1.jpg","type":"image\/jpeg"}],"author":"wpadmin","twitter_card":"summary_large_image","twitter_misc":{"Written by":"wpadmin","Estimated reading time":"1 minute"},"schema":{"@context":"https:\/\/schema.org","@graph":[{"@type":"Article","@id":"https:\/\/env-in-cent.hu\/2013\/05\/28\/skv-keszul-az-orszagos-fejlesztesi-es-teruletfejlesztesi-koncepciora\/#article","isPartOf":{"@id":"https:\/\/env-in-cent.hu\/2013\/05\/28\/skv-keszul-az-orszagos-fejlesztesi-es-teruletfejlesztesi-koncepciora\/"},"author":{"name":"wpadmin","@id":"https:\/\/env-in-cent.hu\/#\/schema\/person\/08a7dac74c2fe21558e1c2d5031c2286"},"headline":"SKV k\u00e9sz\u00fcl az Orsz\u00e1gos Fejleszt\u00e9si \u00e9s Ter\u00fcletfejleszt\u00e9si Koncepci\u00f3ra","datePublished":"2013-05-28T00:00:00+00:00","dateModified":"2024-12-04T16:11:48+00:00","mainEntityOfPage":{"@id":"https:\/\/env-in-cent.hu\/2013\/05\/28\/skv-keszul-az-orszagos-fejlesztesi-es-teruletfejlesztesi-koncepciora\/"},"wordCount":148,"publisher":{"@id":"https:\/\/env-in-cent.hu\/#organization"},"image":{"@id":"https:\/\/env-in-cent.hu\/2013\/05\/28\/skv-keszul-az-orszagos-fejlesztesi-es-teruletfejlesztesi-koncepciora\/#primaryimage"},"thumbnailUrl":"https:\/\/env-in-cent.hu\/wp-content\/uploads\/2013\/05\/hir1.jpg","articleSection":["H\u00edrek"],"inLanguage":"en-GB"},{"@type":"WebPage","@id":"https:\/\/env-in-cent.hu\/2013\/05\/28\/skv-keszul-az-orszagos-fejlesztesi-es-teruletfejlesztesi-koncepciora\/","url":"https:\/\/env-in-cent.hu\/2013\/05\/28\/skv-keszul-az-orszagos-fejlesztesi-es-teruletfejlesztesi-koncepciora\/","name":"SKV k\u00e9sz\u00fcl az Orsz\u00e1gos Fejleszt\u00e9si \u00e9s Ter\u00fcletfejleszt\u00e9si Koncepci\u00f3ra - Env-in-Cent","isPartOf":{"@id":"https:\/\/env-in-cent.hu\/#website"},"primaryImageOfPage":{"@id":"https:\/\/env-in-cent.hu\/2013\/05\/28\/skv-keszul-az-orszagos-fejlesztesi-es-teruletfejlesztesi-koncepciora\/#primaryimage"},"image":{"@id":"https:\/\/env-in-cent.hu\/2013\/05\/28\/skv-keszul-az-orszagos-fejlesztesi-es-teruletfejlesztesi-koncepciora\/#primaryimage"},"thumbnailUrl":"https:\/\/env-in-cent.hu\/wp-content\/uploads\/2013\/05\/hir1.jpg","datePublished":"2013-05-28T00:00:00+00:00","dateModified":"2024-12-04T16:11:48+00:00","breadcrumb":{"@id":"https:\/\/env-in-cent.hu\/2013\/05\/28\/skv-keszul-az-orszagos-fejlesztesi-es-teruletfejlesztesi-koncepciora\/#breadcrumb"},"inLanguage":"en-GB","potentialAction":[{"@type":"ReadAction","target":["https:\/\/env-in-cent.hu\/2013\/05\/28\/skv-keszul-az-orszagos-fejlesztesi-es-teruletfejlesztesi-koncepciora\/"]}]},{"@type":"ImageObject","inLanguage":"en-GB","@id":"https:\/\/env-in-cent.hu\/2013\/05\/28\/skv-keszul-az-orszagos-fejlesztesi-es-teruletfejlesztesi-koncepciora\/#primaryimage","url":"https:\/\/env-in-cent.hu\/wp-content\/uploads\/2013\/05\/hir1.jpg","contentUrl":"https:\/\/env-in-cent.hu\/wp-content\/uploads\/2013\/05\/hir1.jpg","width":127,"height":84},{"@type":"BreadcrumbList","@id":"https:\/\/env-in-cent.hu\/2013\/05\/28\/skv-keszul-az-orszagos-fejlesztesi-es-teruletfejlesztesi-koncepciora\/#breadcrumb","itemListElement":[{"@type":"ListItem","position":1,"name":"Kezd\u0151lap","item":"https:\/\/env-in-cent.hu\/"},{"@type":"ListItem","position":2,"name":"SKV k\u00e9sz\u00fcl az Orsz\u00e1gos Fejleszt\u00e9si \u00e9s Ter\u00fcletfejleszt\u00e9si Koncepci\u00f3ra"}]},{"@type":"WebSite","@id":"https:\/\/env-in-cent.hu\/#website","url":"https:\/\/env-in-cent.hu\/","name":"Env-in-Cent","description":"Env-in-Cent K\u00f6rnyezetv\u00e9delmi Tan\u00e1csad\u00f3 Iroda Kft.","publisher":{"@id":"https:\/\/env-in-cent.hu\/#organization"},"potentialAction":[{"@type":"SearchAction","target":{"@type":"EntryPoint","urlTemplate":"https:\/\/env-in-cent.hu\/?s={search_term_string}"},"query-input":{"@type":"PropertyValueSpecification","valueRequired":true,"valueName":"search_term_string"}}],"inLanguage":"en-GB"},{"@type":"Organization","@id":"https:\/\/env-in-cent.hu\/#organization","name":"Env-in-Cent","url":"https:\/\/env-in-cent.hu\/","logo":{"@type":"ImageObject","inLanguage":"en-GB","@id":"https:\/\/env-in-cent.hu\/#\/schema\/logo\/image\/","url":"https:\/\/env-in-cent.hu\/wp-content\/uploads\/2024\/11\/logo.jpg","contentUrl":"https:\/\/env-in-cent.hu\/wp-content\/uploads\/2024\/11\/logo.jpg","width":170,"height":62,"caption":"Env-in-Cent"},"image":{"@id":"https:\/\/env-in-cent.hu\/#\/schema\/logo\/image\/"}},{"@type":"Person","@id":"https:\/\/env-in-cent.hu\/#\/schema\/person\/08a7dac74c2fe21558e1c2d5031c2286","name":"wpadmin","image":{"@type":"ImageObject","inLanguage":"en-GB","@id":"https:\/\/env-in-cent.hu\/#\/schema\/person\/image\/","url":"https:\/\/secure.gravatar.com\/avatar\/53a24cf06dbef3f89a60c98c61552040977719f05381b5a07034a7748ee6e029?s=96&d=mm&r=g","contentUrl":"https:\/\/secure.gravatar.com\/avatar\/53a24cf06dbef3f89a60c98c61552040977719f05381b5a07034a7748ee6e029?s=96&d=mm&r=g","caption":"wpadmin"},"sameAs":["https:\/\/env-in-cent.hu"],"url":"https:\/\/env-in-cent.hu\/en\/author\/wpadmin\/"}]}},"_links":{"self":[{"href":"https:\/\/env-in-cent.hu\/en\/wp-json\/wp\/v2\/posts\/44","targetHints":{"allow":["GET"]}}],"collection":[{"href":"https:\/\/env-in-cent.hu\/en\/wp-json\/wp\/v2\/posts"}],"about":[{"href":"https:\/\/env-in-cent.hu\/en\/wp-json\/wp\/v2\/types\/post"}],"author":[{"embeddable":true,"href":"https:\/\/env-in-cent.hu\/en\/wp-json\/wp\/v2\/users\/1"}],"replies":[{"embeddable":true,"href":"https:\/\/env-in-cent.hu\/en\/wp-json\/wp\/v2\/comments?post=44"}],"version-history":[{"count":2,"href":"https:\/\/env-in-cent.hu\/en\/wp-json\/wp\/v2\/posts\/44\/revisions"}],"predecessor-version":[{"id":500,"href":"https:\/\/env-in-cent.hu\/en\/wp-json\/wp\/v2\/posts\/44\/revisions\/500"}],"wp:featuredmedia":[{"embeddable":true,"href":"https:\/\/env-in-cent.hu\/en\/wp-json\/wp\/v2\/media\/499"}],"wp:attachment":[{"href":"https:\/\/env-in-cent.hu\/en\/wp-json\/wp\/v2\/media?parent=44"}],"wp:term":[{"taxonomy":"category","embeddable":true,"href":"https:\/\/env-in-cent.hu\/en\/wp-json\/wp\/v2\/categories?post=44"},{"taxonomy":"post_tag","embeddable":true,"href":"https:\/\/env-in-cent.hu\/en\/wp-json\/wp\/v2\/tags?post=44"}],"curies":[{"name":"wp","href":"https:\/\/api.w.org\/{rel}","templated":true}]}}