{"id":39,"date":"2014-01-10T00:00:00","date_gmt":"2014-01-10T00:00:00","guid":{"rendered":"https:\/\/env-in-cent.hu\/?p=39"},"modified":"2024-12-04T15:43:46","modified_gmt":"2024-12-04T15:43:46","slug":"elfogadta-a-kormany-az-orszagos-hulladekgazdalkodasi-tervet-es-az-arrol-keszult-skv-t","status":"publish","type":"post","link":"https:\/\/env-in-cent.hu\/en\/2014\/01\/10\/elfogadta-a-kormany-az-orszagos-hulladekgazdalkodasi-tervet-es-az-arrol-keszult-skv-t\/","title":{"rendered":"Elfogadta a Korm\u00e1ny az Orsz\u00e1gos Hullad\u00e9kgazd\u00e1lkod\u00e1si Tervet \u00e9s az arr\u00f3l k\u00e9sz\u00fclt SKV-t"},"content":{"rendered":"<p class=\"4tablbels\" style=\"text-align: justify;\">Az OHT bemutatja \u00e9s tartalmazza az Orsz\u00e1gos Hullad\u00e9kgazd\u00e1lkod\u00e1si Terv 2003-2008 dokumentumot k\u00f6vet\u0151 id\u0151szakeredm\u00e9nyeit, valamint helyzet\u00e9rt\u00e9kel\u00e9st az eltelt id\u0151szakra vonatkoz\u00f3an. A dokumentum mag\u00e1ban foglalja tov\u00e1bb\u00e1 a 2020-ig terjed\u0151 szakmapolitikai c\u00e9lkit\u0171z\u00e9seket, a szakter\u00fcleti c\u00e9lok el\u00e9r\u00e9s\u00e9hez sz\u00fcks\u00e9ges int\u00e9zked\u00e9seket. Az OHT bemutatja haz\u00e1nk hullad\u00e9kgazd\u00e1lkod\u00e1s\u00e1nak jogszab\u00e1lyi h\u00e1tter\u00e9t, majd hullad\u00e9k \u00e1ramonk\u00e9nt felt\u00e1rja az adott hullad\u00e9k\u00e1ram kezel\u00e9s\u00e9nek jelenlegi helyzet\u00e9t, a tapasztalthi\u00e1nyoss\u00e1gokat, meghat\u00e1rozva az el\u00e9rend\u0151 c\u00e9lokat \u00e9s a megval\u00f3s\u00edt\u00e1shoz sz\u00fcks\u00e9ges eszk\u00f6z\u00f6ket, int\u00e9zked\u00e9seket. Az OHT r\u00e9sz\u00e9t k\u00e9pezi az Orsz\u00e1gos Megel\u0151z\u00e9si Program, amely tartalmazza a hullad\u00e9kk\u00e9pz\u0151d\u00e9s megel\u0151z\u00e9s\u00e9vel kapcsolatos c\u00e9lkit\u0171z\u00e9seket \u00e9s az ezek el\u00e9r\u00e9se \u00e9rdek\u00e9ben megval\u00f3s\u00edtand\u00f3 int\u00e9zked\u00e9seket.<\/p>\n<p class=\"4tablbels\" style=\"text-align: justify;\">Az Env-in-Cent Kft. vezette az OHT strat\u00e9giai k\u00f6rnyezeti vizsg\u00e1lat\u00e1tlebonyol\u00edt\u00f3 munkacsoportot. A k\u00f6rnyezeti \u00e9rt\u00e9kel\u00e9s sor\u00e1n meg\u00e1llap\u00edtottuk, hogy az OHT\u00a0\u2013\u00a0int\u00e9zked\u00e9sei r\u00e9v\u00e9n\u00a0\u2013\u00a0t\u00f6bb ter\u00fcleten is kedvez\u0151 hat\u00e1ssal lesz a k\u00f6rnyezetre \u00e9s ezek k\u00f6z\u00fcl \u2013 optim\u00e1lis esetben \u2013 lesznek egym\u00e1s hat\u00e1s\u00e1t er\u0151s\u00edt\u0151, pozit\u00edv szinergikus hat\u00e1sok.<\/p>\n<p class=\"4tablbels\" style=\"text-align: justify;\">\u00a0A Terv a <strong>leveg\u0151 min\u0151s\u00e9g\u00e9re \u00e9s az \u00fcvegh\u00e1zhat\u00e1s\u00fa g\u00e1zok kibocs\u00e1t\u00e1s\u00e1nak volumen\u00e9re<\/strong> \u00f6sszess\u00e9g\u00e9ben kism\u00e9rt\u00e9k\u0171 pozit\u00edv hat\u00e1st gyakorol, k\u00fcl\u00f6n\u00f6sen a szennyv\u00edztelepi biog\u00e1z hasznos\u00edt\u00e1s, illetve a gy\u0171jt\u00e9si, hasznos\u00edt\u00e1si ar\u00e1nyok n\u00f6vel\u00e9s\u00e9vel \u00f6sszef\u00fcgg\u00e9sben. Ugyanakkor potenci\u00e1lis helyi l\u00e9gszennyez\u00e9ssel kell sz\u00e1molni az \u00e9p\u00edt\u00e9si tev\u00e9kenys\u00e9ggel j\u00e1r\u00f3 hullad\u00e9kgazd\u00e1lkod\u00e1si fejleszt\u00e9sek, illetve a hullad\u00e9k \u00e9s a mell\u00e9kterm\u00e9kek sz\u00e1ll\u00edt\u00e1sa ter\u00e9n.<\/p>\n<p class=\"1txtbody\" style=\"text-align: justify;\">A <strong>felsz\u00edni \u00e9s felsz\u00edn alatti vizekre<\/strong>, valamint a <strong>talaj, a term\u0151f\u00f6ld \u00e9s a f\u00f6ldtani k\u00f6zeg \u00e1llapot\u00e1ra<\/strong> \u00f6sszess\u00e9g\u00e9ben egy\u00e9rtelm\u0171en pozit\u00edv hat\u00e1sokkal sz\u00e1molhatunk; k\u00fcl\u00f6n\u00f6sen az elk\u00fcl\u00f6n\u00edtett hullad\u00e9kgy\u0171jt\u00e9si rendszerek ki\u00e9p\u00edt\u00e9se, a szennyv\u00edziszapok m\u0171tr\u00e1gya-p\u00f3tl\u00f3k\u00e9nt t\u00f6rt\u00e9n\u0151 hasznos\u00edt\u00e1sa, az iszapok mez\u0151gazdas\u00e1gi kihelyez\u00e9s\u00e9vel kapcsolatos hat\u00e1r\u00e9rt\u00e9kek szigor\u00edt\u00e1sa, az elemek, akkumul\u00e1torok, valamint a g\u00e9pj\u00e1rm\u0171vekb\u0151l sz\u00e1rmaz\u00f3 hullad\u00e9kok \u00e9s vesz\u00e9lyes hullad\u00e9kok gy\u0171jt\u00e9si \u00e9s hasznos\u00edt\u00e1si ar\u00e1ny\u00e1nak n\u00f6vel\u00e9se ter\u00e9n.<\/p>\n<p class=\"1txtbody\" style=\"text-align: justify;\">Az <strong>\u00e9l\u0151vil\u00e1gra<\/strong> (ezen bel\u00fcl kiemelten az erd\u0151kre) \u00e9s <strong>t\u00e1ji \u00e9rt\u00e9kek meg\u00f3v\u00e1s\u00e1ra<\/strong> a Terv megval\u00f3sul\u00e1sa szint\u00e9n pozit\u00edv hat\u00e1st gyakorol. A telep\u00fcl\u00e9si szil\u00e1rd hullad\u00e9kok elk\u00fcl\u00f6n\u00edtett gy\u0171jt\u00e9si rendszer\u00e9nek fejleszt\u00e9se, az illeg\u00e1lis hullad\u00e9klerak\u00e1si tev\u00e9kenys\u00e9gek visszaszor\u00edt\u00e1sa (k\u00fcl\u00f6n\u00f6sen roncs g\u00e9pj\u00e1rm\u0171vek, gumiabroncsok, \u00e9p\u00edt\u00e9si\/bont\u00e1si hullad\u00e9kok, vesz\u00e9lyes hullad\u00e9kok vonatkoz\u00e1s\u00e1ban) hozz\u00e1j\u00e1rulnak az \u00f6kosziszt\u00e9ma szolg\u00e1ltat\u00e1sok meg\u00f3v\u00e1s\u00e1hoz \u00e9s a t\u00e1ji \u00e9rt\u00e9kek jav\u00edt\u00e1s\u00e1hoz.<\/p>\n<p class=\"1txtbody\" style=\"text-align: justify;\">A Terv egy\u00e9rtelm\u0171en pozit\u00edv hat\u00e1s\u00fa az <strong>emberi eg\u00e9szs\u00e9gre<\/strong>. A hullad\u00e9k megel\u0151z\u00e9s, az \u00fajrahaszn\u00e1lat \u00e9s \u00fajrahasznos\u00edt\u00e1s (k\u00fcl\u00f6n\u00f6sen a vesz\u00e9lyes hullad\u00e9kok ter\u00fclet\u00e9n), valamint az illeg\u00e1lis hullad\u00e9klerak\u00e1s visszaszor\u00edt\u00e1sa m\u00e9rs\u00e9kli a k\u00f6rnyezeti kock\u00e1zatokat \u00e9s a k\u00f6rnyezet-eg\u00e9szs\u00e9g\u00fcgyi \u00e1rtalmakat \u00e9s vesz\u00e9lyhelyzeteket.<\/p>\n<p class=\"1txtbody\" style=\"text-align: justify;\">Az OHT kiemelked\u0151en pozit\u00edv hat\u00e1st gyakorol a <strong>k\u00f6rnyezettudatoss\u00e1gra<\/strong>. Az oktat\u00e1ssal, k\u00e9pz\u00e9ssel kapcsolatos int\u00e9zm\u00e9nyrendszer meger\u0151s\u00edt\u00e9s\u00e9t, a szeml\u00e9letform\u00e1l\u00e1si, t\u00e1j\u00e9koztat\u00e1si teend\u0151ket a Terv \u00e1tfog\u00f3 c\u00e9lk\u00e9nt, a hullad\u00e9kgazd\u00e1lkod\u00e1s teljes tev\u00e9kenys\u00e9gi spektrum\u00e1t \u00e1that\u00f3 szempontk\u00e9nt kezeli, melyet az OHT eredm\u00e9nyess\u00e9g\u00e9nek alapfelt\u00e9telek\u00e9nt jel\u00f6li meg. Ugyanakkor a Terv esetenk\u00e9nt \u00e1ltal\u00e1nos megfogalmaz\u00e1sokat tartalmaz az egyes hullad\u00e9kgazd\u00e1lkod\u00e1si szakter\u00fcleteken alkalmazhat\u00f3 szeml\u00e9letform\u00e1l\u00e1si tev\u00e9kenys\u00e9gr\u0151l, melyek az SKV javaslatok figyelembev\u00e9tel\u00e9vel pontos\u00edthat\u00f3k.<\/p>\n<p class=\"1txtbody\" style=\"text-align: justify;\">Az SKV K\u00f6rnyezeti \u00e9rt\u00e9kel\u00e9sben 43 javaslatot tett\u00fcnk az OHT fenntarthat\u00f3s\u00e1gi \u00e9s k\u00f6rnyezeti teljes\u00edtm\u00e9ny\u00e9nek jav\u00edt\u00e1s\u00e1ra; ezek k\u00f6z\u00fcl sz\u00e1mos javaslat be\u00e9p\u00fclt az OHT v\u00e9gs\u0151 v\u00e1ltozat\u00e1ba. Az<a href=\"http:\/\/www.kormany.hu\/hu\/videkfejlesztesi-miniszterium\/kornyezetugyert-felelos-allamtitkarsag\" target=\"_blank\" rel=\"noopener\"> OHT \u00e9s az arr\u00f3l k\u00e9sz\u00fclt SKV K\u00f6rnyezeti \u00e9rt\u00e9kel\u00e9s\u00a0<\/a> az al\u00e1bbi linken olvashat\u00f3 a Kiemelt Szakmai Ter\u00fcletek c\u00edmsz\u00f3 alatt.<\/p>\n<p class=\"4tablbels\"><strong>\u00a0<\/strong><\/p>","protected":false},"excerpt":{"rendered":"<p class='4tablbels' style='text-align: justify;'>A Korm\u00e1ny 2055\/2013. (XII. 31.) hat\u00e1rozat\u00e1val elfogadta a 2014\u20132020 k\u00f6z\u00f6tti id\u0151szakra sz\u00f3l\u00f3 Orsz\u00e1gos Hullad\u00e9kgazd\u00e1lkod\u00e1si Tervet (OHT).<\/p>","protected":false},"author":1,"featured_media":486,"comment_status":"closed","ping_status":"open","sticky":false,"template":"","format":"standard","meta":{"footnotes":""},"categories":[3],"tags":[],"class_list":["post-39","post","type-post","status-publish","format-standard","has-post-thumbnail","hentry","category-hirek"],"yoast_head":"<!-- This site is optimized with the Yoast SEO plugin v23.9 - https:\/\/yoast.com\/wordpress\/plugins\/seo\/ -->\n<title>Elfogadta a Korm\u00e1ny az Orsz\u00e1gos Hullad\u00e9kgazd\u00e1lkod\u00e1si Tervet \u00e9s az arr\u00f3l k\u00e9sz\u00fclt SKV-t - Env-in-Cent<\/title>\n<meta name=\"robots\" content=\"noindex, follow, max-snippet:-1, max-image-preview:large, max-video-preview:-1\" \/>\n<meta property=\"og:locale\" content=\"en_GB\" \/>\n<meta property=\"og:type\" content=\"article\" \/>\n<meta property=\"og:title\" content=\"Elfogadta a Korm\u00e1ny az Orsz\u00e1gos Hullad\u00e9kgazd\u00e1lkod\u00e1si Tervet \u00e9s az arr\u00f3l k\u00e9sz\u00fclt SKV-t - Env-in-Cent\" \/>\n<meta property=\"og:description\" content=\"A Korm\u00e1ny 2055\/2013. (XII. 31.) hat\u00e1rozat\u00e1val elfogadta a 2014\u20132020 k\u00f6z\u00f6tti id\u0151szakra sz\u00f3l\u00f3 Orsz\u00e1gos Hullad\u00e9kgazd\u00e1lkod\u00e1si Tervet (OHT).\" \/>\n<meta property=\"og:url\" content=\"https:\/\/env-in-cent.hu\/en\/2014\/01\/10\/elfogadta-a-kormany-az-orszagos-hulladekgazdalkodasi-tervet-es-az-arrol-keszult-skv-t\/\" \/>\n<meta property=\"og:site_name\" content=\"Env-in-Cent\" \/>\n<meta property=\"article:published_time\" content=\"2014-01-10T00:00:00+00:00\" \/>\n<meta property=\"article:modified_time\" content=\"2024-12-04T15:43:46+00:00\" \/>\n<meta property=\"og:image\" content=\"https:\/\/env-in-cent.hu\/wp-content\/uploads\/2014\/01\/zoldhulladek.jpg\" \/>\n\t<meta property=\"og:image:width\" content=\"127\" \/>\n\t<meta property=\"og:image:height\" content=\"84\" \/>\n\t<meta property=\"og:image:type\" content=\"image\/jpeg\" \/>\n<meta name=\"author\" content=\"wpadmin\" \/>\n<meta name=\"twitter:card\" content=\"summary_large_image\" \/>\n<meta name=\"twitter:label1\" content=\"Written by\" \/>\n\t<meta name=\"twitter:data1\" content=\"wpadmin\" \/>\n\t<meta name=\"twitter:label2\" content=\"Estimated reading time\" \/>\n\t<meta name=\"twitter:data2\" content=\"3 minutes\" \/>\n<script type=\"application\/ld+json\" class=\"yoast-schema-graph\">{\"@context\":\"https:\/\/schema.org\",\"@graph\":[{\"@type\":\"Article\",\"@id\":\"https:\/\/env-in-cent.hu\/2014\/01\/10\/elfogadta-a-kormany-az-orszagos-hulladekgazdalkodasi-tervet-es-az-arrol-keszult-skv-t\/#article\",\"isPartOf\":{\"@id\":\"https:\/\/env-in-cent.hu\/2014\/01\/10\/elfogadta-a-kormany-az-orszagos-hulladekgazdalkodasi-tervet-es-az-arrol-keszult-skv-t\/\"},\"author\":{\"name\":\"wpadmin\",\"@id\":\"https:\/\/env-in-cent.hu\/#\/schema\/person\/08a7dac74c2fe21558e1c2d5031c2286\"},\"headline\":\"Elfogadta a Korm\u00e1ny az Orsz\u00e1gos Hullad\u00e9kgazd\u00e1lkod\u00e1si Tervet \u00e9s az arr\u00f3l k\u00e9sz\u00fclt SKV-t\",\"datePublished\":\"2014-01-10T00:00:00+00:00\",\"dateModified\":\"2024-12-04T15:43:46+00:00\",\"mainEntityOfPage\":{\"@id\":\"https:\/\/env-in-cent.hu\/2014\/01\/10\/elfogadta-a-kormany-az-orszagos-hulladekgazdalkodasi-tervet-es-az-arrol-keszult-skv-t\/\"},\"wordCount\":833,\"publisher\":{\"@id\":\"https:\/\/env-in-cent.hu\/#organization\"},\"image\":{\"@id\":\"https:\/\/env-in-cent.hu\/2014\/01\/10\/elfogadta-a-kormany-az-orszagos-hulladekgazdalkodasi-tervet-es-az-arrol-keszult-skv-t\/#primaryimage\"},\"thumbnailUrl\":\"https:\/\/env-in-cent.hu\/wp-content\/uploads\/2014\/01\/zoldhulladek.jpg\",\"articleSection\":[\"H\u00edrek\"],\"inLanguage\":\"en-GB\"},{\"@type\":\"WebPage\",\"@id\":\"https:\/\/env-in-cent.hu\/2014\/01\/10\/elfogadta-a-kormany-az-orszagos-hulladekgazdalkodasi-tervet-es-az-arrol-keszult-skv-t\/\",\"url\":\"https:\/\/env-in-cent.hu\/2014\/01\/10\/elfogadta-a-kormany-az-orszagos-hulladekgazdalkodasi-tervet-es-az-arrol-keszult-skv-t\/\",\"name\":\"Elfogadta a Korm\u00e1ny az Orsz\u00e1gos Hullad\u00e9kgazd\u00e1lkod\u00e1si Tervet \u00e9s az arr\u00f3l k\u00e9sz\u00fclt SKV-t - Env-in-Cent\",\"isPartOf\":{\"@id\":\"https:\/\/env-in-cent.hu\/#website\"},\"primaryImageOfPage\":{\"@id\":\"https:\/\/env-in-cent.hu\/2014\/01\/10\/elfogadta-a-kormany-az-orszagos-hulladekgazdalkodasi-tervet-es-az-arrol-keszult-skv-t\/#primaryimage\"},\"image\":{\"@id\":\"https:\/\/env-in-cent.hu\/2014\/01\/10\/elfogadta-a-kormany-az-orszagos-hulladekgazdalkodasi-tervet-es-az-arrol-keszult-skv-t\/#primaryimage\"},\"thumbnailUrl\":\"https:\/\/env-in-cent.hu\/wp-content\/uploads\/2014\/01\/zoldhulladek.jpg\",\"datePublished\":\"2014-01-10T00:00:00+00:00\",\"dateModified\":\"2024-12-04T15:43:46+00:00\",\"breadcrumb\":{\"@id\":\"https:\/\/env-in-cent.hu\/2014\/01\/10\/elfogadta-a-kormany-az-orszagos-hulladekgazdalkodasi-tervet-es-az-arrol-keszult-skv-t\/#breadcrumb\"},\"inLanguage\":\"en-GB\",\"potentialAction\":[{\"@type\":\"ReadAction\",\"target\":[\"https:\/\/env-in-cent.hu\/2014\/01\/10\/elfogadta-a-kormany-az-orszagos-hulladekgazdalkodasi-tervet-es-az-arrol-keszult-skv-t\/\"]}]},{\"@type\":\"ImageObject\",\"inLanguage\":\"en-GB\",\"@id\":\"https:\/\/env-in-cent.hu\/2014\/01\/10\/elfogadta-a-kormany-az-orszagos-hulladekgazdalkodasi-tervet-es-az-arrol-keszult-skv-t\/#primaryimage\",\"url\":\"https:\/\/env-in-cent.hu\/wp-content\/uploads\/2014\/01\/zoldhulladek.jpg\",\"contentUrl\":\"https:\/\/env-in-cent.hu\/wp-content\/uploads\/2014\/01\/zoldhulladek.jpg\",\"width\":127,\"height\":84},{\"@type\":\"BreadcrumbList\",\"@id\":\"https:\/\/env-in-cent.hu\/2014\/01\/10\/elfogadta-a-kormany-az-orszagos-hulladekgazdalkodasi-tervet-es-az-arrol-keszult-skv-t\/#breadcrumb\",\"itemListElement\":[{\"@type\":\"ListItem\",\"position\":1,\"name\":\"Kezd\u0151lap\",\"item\":\"https:\/\/env-in-cent.hu\/\"},{\"@type\":\"ListItem\",\"position\":2,\"name\":\"Elfogadta a Korm\u00e1ny az Orsz\u00e1gos Hullad\u00e9kgazd\u00e1lkod\u00e1si Tervet \u00e9s az arr\u00f3l k\u00e9sz\u00fclt SKV-t\"}]},{\"@type\":\"WebSite\",\"@id\":\"https:\/\/env-in-cent.hu\/#website\",\"url\":\"https:\/\/env-in-cent.hu\/\",\"name\":\"Env-in-Cent\",\"description\":\"Env-in-Cent K\u00f6rnyezetv\u00e9delmi Tan\u00e1csad\u00f3 Iroda Kft.\",\"publisher\":{\"@id\":\"https:\/\/env-in-cent.hu\/#organization\"},\"potentialAction\":[{\"@type\":\"SearchAction\",\"target\":{\"@type\":\"EntryPoint\",\"urlTemplate\":\"https:\/\/env-in-cent.hu\/?s={search_term_string}\"},\"query-input\":{\"@type\":\"PropertyValueSpecification\",\"valueRequired\":true,\"valueName\":\"search_term_string\"}}],\"inLanguage\":\"en-GB\"},{\"@type\":\"Organization\",\"@id\":\"https:\/\/env-in-cent.hu\/#organization\",\"name\":\"Env-in-Cent\",\"url\":\"https:\/\/env-in-cent.hu\/\",\"logo\":{\"@type\":\"ImageObject\",\"inLanguage\":\"en-GB\",\"@id\":\"https:\/\/env-in-cent.hu\/#\/schema\/logo\/image\/\",\"url\":\"https:\/\/env-in-cent.hu\/wp-content\/uploads\/2024\/11\/logo.jpg\",\"contentUrl\":\"https:\/\/env-in-cent.hu\/wp-content\/uploads\/2024\/11\/logo.jpg\",\"width\":170,\"height\":62,\"caption\":\"Env-in-Cent\"},\"image\":{\"@id\":\"https:\/\/env-in-cent.hu\/#\/schema\/logo\/image\/\"}},{\"@type\":\"Person\",\"@id\":\"https:\/\/env-in-cent.hu\/#\/schema\/person\/08a7dac74c2fe21558e1c2d5031c2286\",\"name\":\"wpadmin\",\"image\":{\"@type\":\"ImageObject\",\"inLanguage\":\"en-GB\",\"@id\":\"https:\/\/env-in-cent.hu\/#\/schema\/person\/image\/\",\"url\":\"https:\/\/secure.gravatar.com\/avatar\/53a24cf06dbef3f89a60c98c61552040977719f05381b5a07034a7748ee6e029?s=96&d=mm&r=g\",\"contentUrl\":\"https:\/\/secure.gravatar.com\/avatar\/53a24cf06dbef3f89a60c98c61552040977719f05381b5a07034a7748ee6e029?s=96&d=mm&r=g\",\"caption\":\"wpadmin\"},\"sameAs\":[\"https:\/\/env-in-cent.hu\"],\"url\":\"https:\/\/env-in-cent.hu\/en\/author\/wpadmin\/\"}]}<\/script>\n<!-- \/ Yoast SEO plugin. -->","yoast_head_json":{"title":"Elfogadta a Korm\u00e1ny az Orsz\u00e1gos Hullad\u00e9kgazd\u00e1lkod\u00e1si Tervet \u00e9s az arr\u00f3l k\u00e9sz\u00fclt SKV-t - Env-in-Cent","robots":{"index":"noindex","follow":"follow","max-snippet":"max-snippet:-1","max-image-preview":"max-image-preview:large","max-video-preview":"max-video-preview:-1"},"og_locale":"en_GB","og_type":"article","og_title":"Elfogadta a Korm\u00e1ny az Orsz\u00e1gos Hullad\u00e9kgazd\u00e1lkod\u00e1si Tervet \u00e9s az arr\u00f3l k\u00e9sz\u00fclt SKV-t - Env-in-Cent","og_description":"A Korm\u00e1ny 2055\/2013. (XII. 31.) hat\u00e1rozat\u00e1val elfogadta a 2014\u20132020 k\u00f6z\u00f6tti id\u0151szakra sz\u00f3l\u00f3 Orsz\u00e1gos Hullad\u00e9kgazd\u00e1lkod\u00e1si Tervet (OHT).","og_url":"https:\/\/env-in-cent.hu\/en\/2014\/01\/10\/elfogadta-a-kormany-az-orszagos-hulladekgazdalkodasi-tervet-es-az-arrol-keszult-skv-t\/","og_site_name":"Env-in-Cent","article_published_time":"2014-01-10T00:00:00+00:00","article_modified_time":"2024-12-04T15:43:46+00:00","og_image":[{"width":127,"height":84,"url":"https:\/\/env-in-cent.hu\/wp-content\/uploads\/2014\/01\/zoldhulladek.jpg","type":"image\/jpeg"}],"author":"wpadmin","twitter_card":"summary_large_image","twitter_misc":{"Written by":"wpadmin","Estimated reading time":"3 minutes"},"schema":{"@context":"https:\/\/schema.org","@graph":[{"@type":"Article","@id":"https:\/\/env-in-cent.hu\/2014\/01\/10\/elfogadta-a-kormany-az-orszagos-hulladekgazdalkodasi-tervet-es-az-arrol-keszult-skv-t\/#article","isPartOf":{"@id":"https:\/\/env-in-cent.hu\/2014\/01\/10\/elfogadta-a-kormany-az-orszagos-hulladekgazdalkodasi-tervet-es-az-arrol-keszult-skv-t\/"},"author":{"name":"wpadmin","@id":"https:\/\/env-in-cent.hu\/#\/schema\/person\/08a7dac74c2fe21558e1c2d5031c2286"},"headline":"Elfogadta a Korm\u00e1ny az Orsz\u00e1gos Hullad\u00e9kgazd\u00e1lkod\u00e1si Tervet \u00e9s az arr\u00f3l k\u00e9sz\u00fclt SKV-t","datePublished":"2014-01-10T00:00:00+00:00","dateModified":"2024-12-04T15:43:46+00:00","mainEntityOfPage":{"@id":"https:\/\/env-in-cent.hu\/2014\/01\/10\/elfogadta-a-kormany-az-orszagos-hulladekgazdalkodasi-tervet-es-az-arrol-keszult-skv-t\/"},"wordCount":833,"publisher":{"@id":"https:\/\/env-in-cent.hu\/#organization"},"image":{"@id":"https:\/\/env-in-cent.hu\/2014\/01\/10\/elfogadta-a-kormany-az-orszagos-hulladekgazdalkodasi-tervet-es-az-arrol-keszult-skv-t\/#primaryimage"},"thumbnailUrl":"https:\/\/env-in-cent.hu\/wp-content\/uploads\/2014\/01\/zoldhulladek.jpg","articleSection":["H\u00edrek"],"inLanguage":"en-GB"},{"@type":"WebPage","@id":"https:\/\/env-in-cent.hu\/2014\/01\/10\/elfogadta-a-kormany-az-orszagos-hulladekgazdalkodasi-tervet-es-az-arrol-keszult-skv-t\/","url":"https:\/\/env-in-cent.hu\/2014\/01\/10\/elfogadta-a-kormany-az-orszagos-hulladekgazdalkodasi-tervet-es-az-arrol-keszult-skv-t\/","name":"Elfogadta a Korm\u00e1ny az Orsz\u00e1gos Hullad\u00e9kgazd\u00e1lkod\u00e1si Tervet \u00e9s az arr\u00f3l k\u00e9sz\u00fclt SKV-t - Env-in-Cent","isPartOf":{"@id":"https:\/\/env-in-cent.hu\/#website"},"primaryImageOfPage":{"@id":"https:\/\/env-in-cent.hu\/2014\/01\/10\/elfogadta-a-kormany-az-orszagos-hulladekgazdalkodasi-tervet-es-az-arrol-keszult-skv-t\/#primaryimage"},"image":{"@id":"https:\/\/env-in-cent.hu\/2014\/01\/10\/elfogadta-a-kormany-az-orszagos-hulladekgazdalkodasi-tervet-es-az-arrol-keszult-skv-t\/#primaryimage"},"thumbnailUrl":"https:\/\/env-in-cent.hu\/wp-content\/uploads\/2014\/01\/zoldhulladek.jpg","datePublished":"2014-01-10T00:00:00+00:00","dateModified":"2024-12-04T15:43:46+00:00","breadcrumb":{"@id":"https:\/\/env-in-cent.hu\/2014\/01\/10\/elfogadta-a-kormany-az-orszagos-hulladekgazdalkodasi-tervet-es-az-arrol-keszult-skv-t\/#breadcrumb"},"inLanguage":"en-GB","potentialAction":[{"@type":"ReadAction","target":["https:\/\/env-in-cent.hu\/2014\/01\/10\/elfogadta-a-kormany-az-orszagos-hulladekgazdalkodasi-tervet-es-az-arrol-keszult-skv-t\/"]}]},{"@type":"ImageObject","inLanguage":"en-GB","@id":"https:\/\/env-in-cent.hu\/2014\/01\/10\/elfogadta-a-kormany-az-orszagos-hulladekgazdalkodasi-tervet-es-az-arrol-keszult-skv-t\/#primaryimage","url":"https:\/\/env-in-cent.hu\/wp-content\/uploads\/2014\/01\/zoldhulladek.jpg","contentUrl":"https:\/\/env-in-cent.hu\/wp-content\/uploads\/2014\/01\/zoldhulladek.jpg","width":127,"height":84},{"@type":"BreadcrumbList","@id":"https:\/\/env-in-cent.hu\/2014\/01\/10\/elfogadta-a-kormany-az-orszagos-hulladekgazdalkodasi-tervet-es-az-arrol-keszult-skv-t\/#breadcrumb","itemListElement":[{"@type":"ListItem","position":1,"name":"Kezd\u0151lap","item":"https:\/\/env-in-cent.hu\/"},{"@type":"ListItem","position":2,"name":"Elfogadta a Korm\u00e1ny az Orsz\u00e1gos Hullad\u00e9kgazd\u00e1lkod\u00e1si Tervet \u00e9s az arr\u00f3l k\u00e9sz\u00fclt SKV-t"}]},{"@type":"WebSite","@id":"https:\/\/env-in-cent.hu\/#website","url":"https:\/\/env-in-cent.hu\/","name":"Env-in-Cent","description":"Env-in-Cent K\u00f6rnyezetv\u00e9delmi Tan\u00e1csad\u00f3 Iroda Kft.","publisher":{"@id":"https:\/\/env-in-cent.hu\/#organization"},"potentialAction":[{"@type":"SearchAction","target":{"@type":"EntryPoint","urlTemplate":"https:\/\/env-in-cent.hu\/?s={search_term_string}"},"query-input":{"@type":"PropertyValueSpecification","valueRequired":true,"valueName":"search_term_string"}}],"inLanguage":"en-GB"},{"@type":"Organization","@id":"https:\/\/env-in-cent.hu\/#organization","name":"Env-in-Cent","url":"https:\/\/env-in-cent.hu\/","logo":{"@type":"ImageObject","inLanguage":"en-GB","@id":"https:\/\/env-in-cent.hu\/#\/schema\/logo\/image\/","url":"https:\/\/env-in-cent.hu\/wp-content\/uploads\/2024\/11\/logo.jpg","contentUrl":"https:\/\/env-in-cent.hu\/wp-content\/uploads\/2024\/11\/logo.jpg","width":170,"height":62,"caption":"Env-in-Cent"},"image":{"@id":"https:\/\/env-in-cent.hu\/#\/schema\/logo\/image\/"}},{"@type":"Person","@id":"https:\/\/env-in-cent.hu\/#\/schema\/person\/08a7dac74c2fe21558e1c2d5031c2286","name":"wpadmin","image":{"@type":"ImageObject","inLanguage":"en-GB","@id":"https:\/\/env-in-cent.hu\/#\/schema\/person\/image\/","url":"https:\/\/secure.gravatar.com\/avatar\/53a24cf06dbef3f89a60c98c61552040977719f05381b5a07034a7748ee6e029?s=96&d=mm&r=g","contentUrl":"https:\/\/secure.gravatar.com\/avatar\/53a24cf06dbef3f89a60c98c61552040977719f05381b5a07034a7748ee6e029?s=96&d=mm&r=g","caption":"wpadmin"},"sameAs":["https:\/\/env-in-cent.hu"],"url":"https:\/\/env-in-cent.hu\/en\/author\/wpadmin\/"}]}},"_links":{"self":[{"href":"https:\/\/env-in-cent.hu\/en\/wp-json\/wp\/v2\/posts\/39","targetHints":{"allow":["GET"]}}],"collection":[{"href":"https:\/\/env-in-cent.hu\/en\/wp-json\/wp\/v2\/posts"}],"about":[{"href":"https:\/\/env-in-cent.hu\/en\/wp-json\/wp\/v2\/types\/post"}],"author":[{"embeddable":true,"href":"https:\/\/env-in-cent.hu\/en\/wp-json\/wp\/v2\/users\/1"}],"replies":[{"embeddable":true,"href":"https:\/\/env-in-cent.hu\/en\/wp-json\/wp\/v2\/comments?post=39"}],"version-history":[{"count":3,"href":"https:\/\/env-in-cent.hu\/en\/wp-json\/wp\/v2\/posts\/39\/revisions"}],"predecessor-version":[{"id":488,"href":"https:\/\/env-in-cent.hu\/en\/wp-json\/wp\/v2\/posts\/39\/revisions\/488"}],"wp:featuredmedia":[{"embeddable":true,"href":"https:\/\/env-in-cent.hu\/en\/wp-json\/wp\/v2\/media\/486"}],"wp:attachment":[{"href":"https:\/\/env-in-cent.hu\/en\/wp-json\/wp\/v2\/media?parent=39"}],"wp:term":[{"taxonomy":"category","embeddable":true,"href":"https:\/\/env-in-cent.hu\/en\/wp-json\/wp\/v2\/categories?post=39"},{"taxonomy":"post_tag","embeddable":true,"href":"https:\/\/env-in-cent.hu\/en\/wp-json\/wp\/v2\/tags?post=39"}],"curies":[{"name":"wp","href":"https:\/\/api.w.org\/{rel}","templated":true}]}}