{"id":36,"date":"2010-10-04T13:06:00","date_gmt":"2010-10-04T13:06:00","guid":{"rendered":"https:\/\/env-in-cent.hu\/?p=36"},"modified":"2024-12-04T16:21:52","modified_gmt":"2024-12-04T16:21:52","slug":"kozremukodes-a-klimabarat-varosok-kezikonyv-az-europai-varosok-klimavaltozassal-kapcsolatos-feladatairol-es-lehetosegeirol-cimu-kiadvany-kidolgozasaban","status":"publish","type":"post","link":"https:\/\/env-in-cent.hu\/en\/2010\/10\/04\/kozremukodes-a-klimabarat-varosok-kezikonyv-az-europai-varosok-klimavaltozassal-kapcsolatos-feladatairol-es-lehetosegeirol-cimu-kiadvany-kidolgozasaban\/","title":{"rendered":"K\u00f6zrem\u0171k\u00f6d\u00e9s a \u201eKl\u00edmabar\u00e1t v\u00e1rosok: k\u00e9zik\u00f6nyv az eur\u00f3pai v\u00e1rosok kl\u00edmav\u00e1ltoz\u00e1ssal kapcsolatos feladatair\u00f3l \u00e9s lehet\u0151s\u00e9geir\u0151l\u201d c\u00edm\u0171 kiadv\u00e1ny kidolgoz\u00e1s\u00e1ban-"},"content":{"rendered":"<h3 style='text-align: justify;'>A &bdquo;Kl\u00edmabar\u00e1t v\u00e1rosok&rdquo; k\u00e9zik\u00f6nyvr\u0151l<\/h3>\n<p style='text-align: justify;'>A kl\u00edmav\u00e1ltoz\u00e1s a magyar uni\u00f3s eln\u00f6ks\u00e9g egyik kiemelt v\u00e1rosfejleszt\u00e9si t\u00e9mak\u00f6re, hiszen az \u00e9ghajlat m\u00f3dosul\u00e1s\u00e1nak okai, de f\u0151k\u00e9nt k\u00f6vetkezm\u00e9nyei jelent\u0151s r\u00e9szben a v\u00e1rosi ter\u00fcleteken koncentr\u00e1l\u00f3dnak. Korunk ezen \u00e9get\u0151 probl\u00e9m\u00e1j\u00e1nak megold\u00e1s\u00e1hoz k\u00edv\u00e1n hozz\u00e1j\u00e1rulni a &bdquo;Climate-friendly Cities&rdquo; c\u00edm\u0171, angol nyelv\u0171 k\u00e9zik\u00f6nyv. A V\u00e1TI Nkft. szervez\u00e9s\u00e9ben \u00e9s szerkeszt\u00e9seben k\u00e9sz\u00fclt, t\u00f6bb mint 200 oldalas tanulm\u00e1ny megk\u00eds\u00e9rli bemutatni az eur\u00f3pai v\u00e1rosok \u00e9s t\u00e9rs\u00e9geik tennival\u00f3it mind a kl\u00edmav\u00e1ltoz\u00e1st kiv\u00e1lt\u00f3 folyamatok m\u00e9rs\u00e9kl\u00e9se (mitig\u00e1ci\u00f3), mind az azokhoz alkalmazkod\u00e1s (adapt\u00e1ci\u00f3) ter\u00e9n. A hasonl\u00f3 t\u00e9m\u00e1j\u00fa nemzetk\u00f6zi publik\u00e1ci\u00f3khoz k\u00e9pest e k\u00e9zik\u00f6nyv saj\u00e1tos szerkezetet k\u00f6vet: a v\u00e1rosok kl\u00edmav\u00e1ltoz\u00e1shoz kapcsol\u00f3d\u00f3 teend\u0151i k\u00fcl\u00f6nb\u00f6z\u0151 \u00e1gazati beavatkoz\u00e1si ter\u00fcletek ment\u00e9n ker\u00fclnek bemutat\u00e1sra, \u00e9s ek\u00f6zben rengeteg j\u00f3 gyakorlatot ismertetnek Eur\u00f3pa minden t\u00e1j\u00e1r\u00f3l..Az \u00e1gazati szerkezet mellett a k\u00e9zik\u00f6nyv hangs\u00falyozza a v\u00e1rosi kl\u00edmav\u00e1ltoz\u00e1s kezel\u00e9shez sz\u00fcks\u00e9ges integr\u00e1lt megk\u00f6zel\u00edt\u00e9st. A gyakorlat-orient\u00e1lt k\u00e9zik\u00f6nyv feladata teh\u00e1t a m\u00e1r l\u00e9tez\u0151, szinte napr\u00f3l napra b\u0151v\u00fcl\u0151 ismeretek \u00f6sszefoglal\u00e1sa. F\u0151 c\u00e9lk\u00f6z\u00f6ns\u00e9ge pedig a telep\u00fcl\u00e9smenedzsment ter\u00fclten tev\u00e9kenyked\u0151, valamint a v\u00e1rosi \u00e9s ter\u00fcleti tervez\u00e9ssel foglalkoz\u00f3 eur\u00f3pai szakmai k\u00f6r\u00f6k, valamint az EU t\u00e9m\u00e1ban \u00e9rdekelt helyi k\u00f6z\u00f6ss\u00e9gei.<\/p>\n<p style='text-align: justify;'>A k\u00e9zik\u00f6nyv el\u00e9rhet\u0151 <span style='color: #ff0000;'><a href='http:\/\/www.vati.hu\/index.php?article=21857&amp;langcode=hu&amp;menu=21226' target='_blank'>itt<\/a><\/span>.<\/p>\n<h3 style='text-align: justify;'>S\u00e9r\u00fcl\u00e9kenys\u00e9g, valamint azalkalmazkod\u00e1s \u00e9s felk\u00e9sz\u00fcl\u00e9s lehet\u0151s\u00e9gei az \u00e9p\u00edt\u00e9sgazdas\u00e1gban<\/h3>\n<p style='text-align: justify;'>Az Env-in-Cent Kft. szak\u00e9rt\u0151i (Dr. P\u00e1lv\u00f6lgyi Tam\u00e1s \u00e9s Horv\u00e1th S\u00e1ra Erzs\u00e9bet) a k\u00e9zik\u00f6nyv 7. fejezete (Kl\u00edmatudatos \u00e9p\u00edt\u00e9szeti megold\u00e1sok) kidolgoz\u00e1s\u00e1ban m\u0171k\u00f6d\u00f6tt k\u00f6zre.<\/p>\n<p style='text-align: justify;'>T\u00e1rsas\u00e1gunk kor\u00e1bbi <span style='color: #ff0000;'><a href='https:\/\/env-in-cent.hu\/en\/ujdonsagok_Clavier-lezaras.html\/' target='_blank'>kutat\u00e1sai alapj\u00e1n<\/a><\/span>&nbsp;vizsg\u00e1ltuk a kl\u00edmav\u00e1ltoz\u00e1sra val\u00f3 alkalmazkod\u00e1s \u00e9s felk\u00e9sz\u00fcl\u00e9s lehet\u0151s\u00e9geit az \u00e9p\u00edt\u00e9sgazdas\u00e1gban. Az el\u0151rejelz\u00e9sek szerint a kl\u00edmav\u00e1ltoz\u00e1s egyik legjelent\u0151sebb v\u00e1rhat\u00f3 hat\u00e1sa a sz\u00e9ls\u0151s\u00e9ges id\u0151j\u00e1r\u00e1si esem\u00e9nyek gyakoris\u00e1g\u00e1nak n\u00f6veked\u00e9se. Ezen esem\u00e9nyek p\u00e9ld\u00e1ul: a h\u0151hull\u00e1mok, a korai \u00e9s k\u00e9s\u0151 fagyok, az \u00f6z\u00f6nv\u00edzszer\u0171 es\u0151z\u00e9sek, zivatarok, s ennek k\u00f6vetkezt\u00e9ben kialakul\u00f3 \u00e1rv\u00edz \u00e9s belv\u00edz \u00e9s ezzel egyid\u0151ben a tart\u00f3s sz\u00e1razs\u00e1g, az asz\u00e1ly illetve a jelent\u0151s sz\u00e9lviharok.<\/p>\n<p style='text-align: justify;'>A k\u00e9zik\u00f6nyv keret\u00e9ben els\u0151sorban a tet\u0151szerkezetek a sz\u00e9ls\u0151s\u00e9ges id\u0151j\u00e1r\u00e1si esem\u00e9nyekhez, viharokhoz kapcsol\u00f3d\u00f3 s\u00e9r\u00fcl\u00e9kenys\u00e9g\u00e9t \u00e9s alkalmazkod\u00e1si lehet\u0151s\u00e9geit tanulm\u00e1nyoztuk.. Tatab\u00e1nya \u00e9p\u00fclet\u00e1llom\u00e1ny\u00e1t vizsg\u00e1ltuk, hogy 2021-2050 \u00e9vekre v\u00e1rhat\u00f3 \u00e9ghajlatv\u00e1ltoz\u00e1s milyen hat\u00e1ssal lesz majd az \u00e9p\u00fcletek tet\u0151szerkezet\u00e9nek sz\u00e9llel szembeni \u00e1ll\u00e9konys\u00e1g\u00e1ra. A t\u00edpus \u00e9p\u00fcletek meghat\u00e1roz\u00e1sa ut\u00e1n, azok s\u00e9r\u00fcl\u00e9kenys\u00e9g\u00e9t vizsg\u00e1ltuk: a kitetts\u00e9g, az \u00e9rz\u00e9kenys\u00e9g \u00e9s az alkalmazkod\u00f3 k\u00e9pess\u00e9g figyelembev\u00e9tel\u00e9vel Az \u00e9p\u00fclet, s \u00edgy a tet\u0151 magass\u00e1ga \u00e9s form\u00e1ja ill. k\u00f6rnyezet\u00e9nek be\u00e9p\u00edtetts\u00e9ge a k\u00e9t legjelent\u0151sebb t\u00e9nyez\u0151 a sz\u00e9lteher tekintet\u00e9ben, ezeket az egyes \u00e9p\u00fclett\u00edpusokra vonatkoz\u00f3 m\u00e9rt\u00e9kad\u00f3 sz\u00e9lteher sz\u00e1m\u00edt\u00e1sakor vett\u00fck figyelembe (kitetts\u00e9g). A sz\u00e9llel szembeni \u00e9rz\u00e9kenys\u00e9g els\u0151sorban a tet\u0151 kialak\u00edt\u00e1s\u00e1t\u00f3l, annak m\u00e9ret\u00e9t\u0151l \u00e9s a h\u00e9jal\u00e1st\u00f3l (kis- vagy nagy elemes tet\u0151fed\u00e9s), a tet\u0151 k\u00f6zvetlen k\u00f6rnyezet\u00e9ben elhelyezked\u0151 \u00e9p\u00edtm\u00e9nyekt\u0151l, n\u00f6v\u00e9nyekt\u0151l f\u00fcgg. Az alkalmazkod\u00f3k\u00e9pess\u00e9g meghat\u00e1roz\u00e1sa sor\u00e1n az \u00e9p\u00fcletben lak\u00f3k vagy azt haszn\u00e1l\u00f3k ill. tulajdonosok szoci\u00e1lis k\u00f6r\u00fclm\u00e9nyeit, gondolkod\u00e1sm\u00f3dj\u00e1t \u00e9s anyagi lehet\u0151s\u00e9geit t\u00e1rtuk fel a vizsg\u00e1lt ter\u00fcleten, Tatab\u00e1ny\u00e1n. A kitetts\u00e9g, az alkalmazkod\u00f3 k\u00e9pess\u00e9g ill. a \u00e9rz\u00e9kenys\u00e9g meghat\u00e1roz\u00e1sa ut\u00e1n sz\u00e1m\u00edtottuk ki az egyes \u00e9p\u00fclett\u00edpusok s\u00e9r\u00fcl\u00e9kenys\u00e9g\u00e9t.<\/p>\n<p style='text-align: justify;'><img src='https:\/\/env-in-cent.hu\/wp-content\/uploads\/2024\/11\/3.jpg' alt='' width='318' height='280'><\/p>\n<p style='text-align: justify;'><strong>Az \u00e9p\u00fcletek ter\u00fcleti s\u00e9r\u00fcl\u00e9kenys\u00e9ge Tatab\u00e1ny\u00e1n<\/strong><\/p>\n<p style='text-align: justify;'>Az eredm\u00e9nyek \u00f6sszes\u00edt\u00e9se ut\u00e1n, l\u00e1that\u00f3, hogy Tatab\u00e1nya polg\u00e1rainak k\u00f6zel 25%-a a legs\u00e9r\u00fcl\u00e9kenyebb \u00e9p\u00fclett\u00edpusokban \u00e9l, vagy dolgozik. Azt is meg kell eml\u00edteni, hogy a heves sz\u00e9ll\u00f6k\u00e9sekkel j\u00e1r\u00f3 viharok gyarapod\u00e1sa vesz\u00e9lyezteti a l\u00e9gvezet\u00e9keket, \u00e1ram\u00e1talak\u00edt\u00f3 berendez\u00e9seket, illetve a t\u00e1vvezet\u00e9kek tart\u00f3oszlopait. T\u00e9len a z\u00fazmara \u00e9s az \u00f3nos es\u0151 r\u00e1fagy\u00e1sa jelent n\u00f6vekv\u0151 terhel\u00e9st a l\u00e9gvezet\u00e9keken.<\/p>\n<p style='text-align: justify;'>V\u00e9g\u00fcl javaslatokat fogalmaztunk meg az alkalmazkod\u00e1sra \u00e9s a felk\u00e9sz\u00fcl\u00e9sre az \u00e9p\u00edt\u00e9sgazdas\u00e1g ter\u00fclet\u00e9n:<\/p>\n<p style='margin-left: 30px; text-align: justify;'>1. Az \u00faj aut\u00f3p\u00e1ly\u00e1k, vas\u00fatvonalak, \u00e9p\u00fcletek l\u00e9tes\u00edt\u00e9sekor az \u00e9ghajlatv\u00e1ltoz\u00e1s okozta \u00faj k\u00f6vetelm\u00e9nyeket teljes k\u00f6r\u0171en figyelembe kell venni, <strong>komplex \u00e9ghajlati hat\u00e1selemz\u00e9st kell v\u00e9gezni<\/strong>, \u00e9s ki kell dolgozni az \u00e9ghajlatv\u00e1ltoz\u00e1st figyelembevev\u0151 fenntart\u00e1st, \u00fczemeltet\u00e9st is.<\/p>\n<p style='margin-left: 30px; text-align: justify;'>2. Az \u00faj \u00e9p\u00fcletek tervez\u00e9s\u00e9n\u00e9l \u00f6szt\u00f6n\u00f6zni kell a napkollektorok, napelemek beszerel\u00e9s\u00e9t, az alacsony energiafogyaszt\u00e1s\u00fa (passz\u00edv) h\u00e1zak elterjeszt\u00e9s\u00e9t, a z\u00f6ldtet\u0151k \u00e9s a h\u0151szivatty\u00fak alkalmaz\u00e1s\u00e1t. Az \u00e9p\u00fcleten bel\u00fcli v\u00edz- \u00e9s szennyv\u00edz h\u00e1l\u00f3zat tervez\u00e9sekor el\u0151t\u00e9rbe kell helyezni a haszn\u00e1lt vizek \u00fajrahasznos\u00edt\u00e1s\u00e1t (pl. a f\u00fcrd\u0151szoba haszn\u00e1lt viz\u00e9nek alkalmaz\u00e1sa WC \u00f6bl\u00edt\u00e9sre).<\/p>\n<p style='margin-left: 30px; text-align: justify;'>3. Teljes k\u00f6r\u0171en fel\u00fcl kell vizsg\u00e1lni az \u00e9p\u00edt\u00e9si el\u0151\u00edr\u00e1sokat, szabv\u00e1nyokat az \u00e9ghajlatv\u00e1ltoz\u00e1ssal egy\u00fctt j\u00e1r\u00f3 hat\u00e1soknak megfelel\u0151en (\u00e1rv\u00edz- \u00e9s f\u00f6ldcsuszaml\u00e1s vesz\u00e9lye, tart\u00f3szerkezeti \u00e1ll\u00e9konys\u00e1g, \u00e9p\u00fclethat\u00e1rol\u00f3 szigetel\u00e9sek, anyagf\u00e1rad\u00e1s).<\/p>\n<p style='margin-left: 30px; text-align: justify;'>4. Kl\u00edmatudatos \u00e9s kl\u00edmabiztos telep\u00edt\u00e9s (\u00e9p\u00fclet-t\u00e1jol\u00e1s, uralkod\u00f3 sz\u00e9l\u00e1ramlatok stb.) m\u00f3dszereinek kidolgoz\u00e1sa \u00e9s megismertet\u00e9se a rendez\u00e9si terveket, \u00e9p\u00fcletterveket k\u00e9sz\u00edt\u0151 szakemberekkel, \u00e9p\u00edt\u00e9szekkel, \u00e9p\u00edt\u0151anyag-gy\u00e1rt\u00f3kkal \u00e9s forgalmaz\u00f3kkal<\/p>\n<p style='margin-left: 30px; text-align: justify;'>5. A sz\u00e9l- \u00e9s h\u00f3terhel\u00e9sek vonatkoz\u00e1s\u00e1ban (k\u00fcl\u00f6n\u00f6sen a homlokzati \u00e9s tet\u0151szerkezeti r\u00f6gz\u00edt\u00e9sek eset\u00e9ben) <strong>&bdquo;kl\u00edmat\u0171r\u0151&rdquo; szabv\u00e1nyok, \u00e9p\u00edt\u0151anyagok \u00e9s \u00e9p\u00edt\u00e9si technik\u00e1k kialak\u00edt\u00e1sa sz\u00fcks\u00e9ges<\/strong>. Nem lehet m\u00faltbeli k\u00f6rnyezeti \u00e9rt\u00e9kekre tervezni!<\/p>\n<p style='margin-left: 30px; text-align: justify;'>6. Egyes, nagyobb tengelyterhel\u00e9s\u0171 utakn\u00e1l c\u00e9lszer\u0171 beton burkolatot haszn\u00e1lni a k\u00e1rosod\u00e1sok elker\u00fcl\u00e9s\u00e9re.<\/p>\n<p style='margin-left: 30px; text-align: justify;'>7. Az ingatlanfejleszt\u00e9sekn\u00e9l t\u00f6rekedni kell a v\u00e1rosi parkok, z\u00f6ldfel\u00fcletek b\u0151v\u00edt\u00e9s\u00e9re, melyek megfelel\u0151 &bdquo;mozaikos&rdquo; kialak\u00edt\u00e1sa m\u00e9rs\u00e9kelheti a v\u00e1rosi h\u0151sziget hat\u00e1st. Az irodah\u00e1zak, lak\u00f3parkok, bev\u00e1s\u00e1rl\u00f3-k\u00f6zpontok tervez\u00e9s\u00e9n\u00e9l el\u0151t\u00e9rbe kell helyezni a z\u00f6ldtet\u0151k, &bdquo;z\u00f6ld balkonok&rdquo;, illetve a passz\u00edv h\u00e1z technol\u00f3gia alkalmaz\u00e1s\u00e1t.<\/p>\n<p style='margin-left: 30px; text-align: justify;'>8. A belter\u00fcleti csapad\u00e9kv\u00edz-elvezet\u0151 rendszereket a megv\u00e1ltozott csapad\u00e9kviszonyokra kell m\u00e9retezni.<\/p>\n<p style='margin-left: 30px; text-align: justify;'>9. Az urbaniz\u00e1ci\u00f3 &bdquo;\u00f6rd\u00f6gi k\u00f6r\u00e9b\u0151l&rdquo; csak a <strong>kl\u00edmabar\u00e1t \u00e9s a kl\u00edmav\u00e1ltoz\u00e1shoz alkalmazkod\u00f3 ter\u00fcletfejleszt\u00e9ssel t\u00f6rhet\u00fcnk ki. <\/strong>Ehhez elengedhetetlen a felesleges utaz\u00e1st cs\u00f6kkent\u0151 telep\u00fcl\u00e9stervez\u00e9s, a fenntarthat\u00f3 fejl\u0151d\u00e9s telep\u00fcl\u00e9si \u00e9s t\u00e9rs\u00e9gi modellj\u00e9nek kialak\u00edt\u00e1sa, a term\u00e9szeti k\u00f6rnyezetet k\u00edm\u00e9l\u0151, az er\u0151forr\u00e1sok takar\u00e9kos felhaszn\u00e1l\u00e1s\u00e1t biztos\u00edt\u00f3 megold\u00e1sok alkalmaz\u00e1sa.<\/p>\n<p style='margin-left: 30px; text-align: justify;'>10. A telep\u00fcl\u00e9srendez\u00e9si tervek kidolgoz\u00e1s\u00e1n\u00e1l, a telep\u00fcl\u00e9sszerkezet kialak\u00edt\u00e1s\u00e1n\u00e1l figyelembe kell venni a v\u00e1rosi h\u0151s\u00e9gz\u00f3na lehet\u0151s\u00e9g\u00e9t, mint re\u00e1lis vesz\u00e9lyt \u00e9s kialakul\u00e1s\u00e1t meg kell el\u0151zni tudatos v\u00e1rostervez\u00e9ssel, k\u00f6r\u00fcltekint\u0151 \u00e9p\u00edt\u00e9szeti megold\u00e1sokkal.<\/p>\n<p style='margin-left: 30px; text-align: justify;'>11. Az er\u0151sen felmeleged\u0151, eg\u00e9szs\u00e9gi kock\u00e1zatot jelent\u0151 v\u00e1rosi &bdquo;h\u0151s\u00e9gz\u00f3n\u00e1kat&rdquo; ki kell jel\u00f6lni. Ezeken a r\u00e9szeken a t\u00f6megk\u00f6zleked\u00e9s lehet\u0151s\u00e9geit b\u0151v\u00edteni kell, enyh\u00fcl\u00e9st ny\u00fajt\u00f3 berendez\u00e9seket (p\u00e9ld\u00e1ul iv\u00f3kutak, f\u00e1s\u00edt\u00e1s, h\u0171t\u00f6tt k\u00f6z\u00f6ss\u00e9gi helys\u00e9gek, \u00e1ltal\u00e1ban az \u00e1rny\u00e9kol\u00e1s, a szell\u0151z\u00e9s) kell kialak\u00edtani.<\/p>","protected":false},"excerpt":{"rendered":"<p>A kl\u00edmav\u00e1ltoz\u00e1s a magyar uni\u00f3s eln\u00f6ks\u00e9g egyik kiemelt v\u00e1rosfejleszt\u00e9si t\u00e9mak\u00f6re, hiszen az \u00e9ghajlat m\u00f3dosul\u00e1s\u00e1nak okai, de f\u0151k\u00e9nt k\u00f6vetkezm\u00e9nyei jelent\u0151s r\u00e9szben a v\u00e1rosi ter\u00fcleteken koncentr\u00e1l\u00f3dnak.<\/p>","protected":false},"author":1,"featured_media":499,"comment_status":"closed","ping_status":"open","sticky":false,"template":"","format":"standard","meta":{"footnotes":""},"categories":[3],"tags":[],"class_list":["post-36","post","type-post","status-publish","format-standard","has-post-thumbnail","hentry","category-hirek"],"yoast_head":"<!-- This site is optimized with the Yoast SEO plugin v23.9 - https:\/\/yoast.com\/wordpress\/plugins\/seo\/ -->\n<title>K\u00f6zrem\u0171k\u00f6d\u00e9s a \u201eKl\u00edmabar\u00e1t v\u00e1rosok: k\u00e9zik\u00f6nyv az eur\u00f3pai v\u00e1rosok kl\u00edmav\u00e1ltoz\u00e1ssal kapcsolatos feladatair\u00f3l \u00e9s lehet\u0151s\u00e9geir\u0151l\u201d c\u00edm\u0171 kiadv\u00e1ny kidolgoz\u00e1s\u00e1ban- Env-in-Cent<\/title>\n<meta name=\"robots\" content=\"noindex, follow, max-snippet:-1, max-image-preview:large, max-video-preview:-1\" \/>\n<meta property=\"og:locale\" content=\"en_GB\" \/>\n<meta property=\"og:type\" content=\"article\" \/>\n<meta property=\"og:title\" content=\"K\u00f6zrem\u0171k\u00f6d\u00e9s a \u201eKl\u00edmabar\u00e1t v\u00e1rosok: k\u00e9zik\u00f6nyv az eur\u00f3pai v\u00e1rosok kl\u00edmav\u00e1ltoz\u00e1ssal kapcsolatos feladatair\u00f3l \u00e9s lehet\u0151s\u00e9geir\u0151l\u201d c\u00edm\u0171 kiadv\u00e1ny kidolgoz\u00e1s\u00e1ban- Env-in-Cent\" \/>\n<meta property=\"og:description\" content=\"A kl\u00edmav\u00e1ltoz\u00e1s a magyar uni\u00f3s eln\u00f6ks\u00e9g egyik kiemelt v\u00e1rosfejleszt\u00e9si t\u00e9mak\u00f6re, hiszen az \u00e9ghajlat m\u00f3dosul\u00e1s\u00e1nak okai, de f\u0151k\u00e9nt k\u00f6vetkezm\u00e9nyei jelent\u0151s r\u00e9szben a v\u00e1rosi ter\u00fcleteken koncentr\u00e1l\u00f3dnak.\" \/>\n<meta property=\"og:url\" content=\"https:\/\/env-in-cent.hu\/en\/2010\/10\/04\/kozremukodes-a-klimabarat-varosok-kezikonyv-az-europai-varosok-klimavaltozassal-kapcsolatos-feladatairol-es-lehetosegeirol-cimu-kiadvany-kidolgozasaban\/\" \/>\n<meta property=\"og:site_name\" content=\"Env-in-Cent\" \/>\n<meta property=\"article:published_time\" content=\"2010-10-04T13:06:00+00:00\" \/>\n<meta property=\"article:modified_time\" content=\"2024-12-04T16:21:52+00:00\" \/>\n<meta property=\"og:image\" content=\"https:\/\/env-in-cent.hu\/wp-content\/uploads\/2013\/05\/hir1.jpg\" \/>\n\t<meta property=\"og:image:width\" content=\"127\" \/>\n\t<meta property=\"og:image:height\" content=\"84\" \/>\n\t<meta property=\"og:image:type\" content=\"image\/jpeg\" \/>\n<meta name=\"author\" content=\"wpadmin\" \/>\n<meta name=\"twitter:card\" content=\"summary_large_image\" \/>\n<meta name=\"twitter:label1\" content=\"Written by\" \/>\n\t<meta name=\"twitter:data1\" content=\"wpadmin\" \/>\n\t<meta name=\"twitter:label2\" content=\"Estimated reading time\" \/>\n\t<meta name=\"twitter:data2\" content=\"5 minutes\" \/>\n<script type=\"application\/ld+json\" class=\"yoast-schema-graph\">{\"@context\":\"https:\/\/schema.org\",\"@graph\":[{\"@type\":\"Article\",\"@id\":\"https:\/\/env-in-cent.hu\/2010\/10\/04\/kozremukodes-a-klimabarat-varosok-kezikonyv-az-europai-varosok-klimavaltozassal-kapcsolatos-feladatairol-es-lehetosegeirol-cimu-kiadvany-kidolgozasaban\/#article\",\"isPartOf\":{\"@id\":\"https:\/\/env-in-cent.hu\/2010\/10\/04\/kozremukodes-a-klimabarat-varosok-kezikonyv-az-europai-varosok-klimavaltozassal-kapcsolatos-feladatairol-es-lehetosegeirol-cimu-kiadvany-kidolgozasaban\/\"},\"author\":{\"name\":\"wpadmin\",\"@id\":\"https:\/\/env-in-cent.hu\/#\/schema\/person\/08a7dac74c2fe21558e1c2d5031c2286\"},\"headline\":\"K\u00f6zrem\u0171k\u00f6d\u00e9s a \u201eKl\u00edmabar\u00e1t v\u00e1rosok: k\u00e9zik\u00f6nyv az eur\u00f3pai v\u00e1rosok kl\u00edmav\u00e1ltoz\u00e1ssal kapcsolatos feladatair\u00f3l \u00e9s lehet\u0151s\u00e9geir\u0151l\u201d c\u00edm\u0171 kiadv\u00e1ny kidolgoz\u00e1s\u00e1ban-\",\"datePublished\":\"2010-10-04T13:06:00+00:00\",\"dateModified\":\"2024-12-04T16:21:52+00:00\",\"mainEntityOfPage\":{\"@id\":\"https:\/\/env-in-cent.hu\/2010\/10\/04\/kozremukodes-a-klimabarat-varosok-kezikonyv-az-europai-varosok-klimavaltozassal-kapcsolatos-feladatairol-es-lehetosegeirol-cimu-kiadvany-kidolgozasaban\/\"},\"wordCount\":1562,\"publisher\":{\"@id\":\"https:\/\/env-in-cent.hu\/#organization\"},\"image\":{\"@id\":\"https:\/\/env-in-cent.hu\/2010\/10\/04\/kozremukodes-a-klimabarat-varosok-kezikonyv-az-europai-varosok-klimavaltozassal-kapcsolatos-feladatairol-es-lehetosegeirol-cimu-kiadvany-kidolgozasaban\/#primaryimage\"},\"thumbnailUrl\":\"https:\/\/env-in-cent.hu\/wp-content\/uploads\/2013\/05\/hir1.jpg\",\"articleSection\":[\"H\u00edrek\"],\"inLanguage\":\"en-GB\"},{\"@type\":\"WebPage\",\"@id\":\"https:\/\/env-in-cent.hu\/2010\/10\/04\/kozremukodes-a-klimabarat-varosok-kezikonyv-az-europai-varosok-klimavaltozassal-kapcsolatos-feladatairol-es-lehetosegeirol-cimu-kiadvany-kidolgozasaban\/\",\"url\":\"https:\/\/env-in-cent.hu\/2010\/10\/04\/kozremukodes-a-klimabarat-varosok-kezikonyv-az-europai-varosok-klimavaltozassal-kapcsolatos-feladatairol-es-lehetosegeirol-cimu-kiadvany-kidolgozasaban\/\",\"name\":\"K\u00f6zrem\u0171k\u00f6d\u00e9s a \u201eKl\u00edmabar\u00e1t v\u00e1rosok: k\u00e9zik\u00f6nyv az eur\u00f3pai v\u00e1rosok kl\u00edmav\u00e1ltoz\u00e1ssal kapcsolatos feladatair\u00f3l \u00e9s lehet\u0151s\u00e9geir\u0151l\u201d c\u00edm\u0171 kiadv\u00e1ny kidolgoz\u00e1s\u00e1ban- Env-in-Cent\",\"isPartOf\":{\"@id\":\"https:\/\/env-in-cent.hu\/#website\"},\"primaryImageOfPage\":{\"@id\":\"https:\/\/env-in-cent.hu\/2010\/10\/04\/kozremukodes-a-klimabarat-varosok-kezikonyv-az-europai-varosok-klimavaltozassal-kapcsolatos-feladatairol-es-lehetosegeirol-cimu-kiadvany-kidolgozasaban\/#primaryimage\"},\"image\":{\"@id\":\"https:\/\/env-in-cent.hu\/2010\/10\/04\/kozremukodes-a-klimabarat-varosok-kezikonyv-az-europai-varosok-klimavaltozassal-kapcsolatos-feladatairol-es-lehetosegeirol-cimu-kiadvany-kidolgozasaban\/#primaryimage\"},\"thumbnailUrl\":\"https:\/\/env-in-cent.hu\/wp-content\/uploads\/2013\/05\/hir1.jpg\",\"datePublished\":\"2010-10-04T13:06:00+00:00\",\"dateModified\":\"2024-12-04T16:21:52+00:00\",\"breadcrumb\":{\"@id\":\"https:\/\/env-in-cent.hu\/2010\/10\/04\/kozremukodes-a-klimabarat-varosok-kezikonyv-az-europai-varosok-klimavaltozassal-kapcsolatos-feladatairol-es-lehetosegeirol-cimu-kiadvany-kidolgozasaban\/#breadcrumb\"},\"inLanguage\":\"en-GB\",\"potentialAction\":[{\"@type\":\"ReadAction\",\"target\":[\"https:\/\/env-in-cent.hu\/2010\/10\/04\/kozremukodes-a-klimabarat-varosok-kezikonyv-az-europai-varosok-klimavaltozassal-kapcsolatos-feladatairol-es-lehetosegeirol-cimu-kiadvany-kidolgozasaban\/\"]}]},{\"@type\":\"ImageObject\",\"inLanguage\":\"en-GB\",\"@id\":\"https:\/\/env-in-cent.hu\/2010\/10\/04\/kozremukodes-a-klimabarat-varosok-kezikonyv-az-europai-varosok-klimavaltozassal-kapcsolatos-feladatairol-es-lehetosegeirol-cimu-kiadvany-kidolgozasaban\/#primaryimage\",\"url\":\"https:\/\/env-in-cent.hu\/wp-content\/uploads\/2013\/05\/hir1.jpg\",\"contentUrl\":\"https:\/\/env-in-cent.hu\/wp-content\/uploads\/2013\/05\/hir1.jpg\",\"width\":127,\"height\":84},{\"@type\":\"BreadcrumbList\",\"@id\":\"https:\/\/env-in-cent.hu\/2010\/10\/04\/kozremukodes-a-klimabarat-varosok-kezikonyv-az-europai-varosok-klimavaltozassal-kapcsolatos-feladatairol-es-lehetosegeirol-cimu-kiadvany-kidolgozasaban\/#breadcrumb\",\"itemListElement\":[{\"@type\":\"ListItem\",\"position\":1,\"name\":\"Kezd\u0151lap\",\"item\":\"https:\/\/env-in-cent.hu\/\"},{\"@type\":\"ListItem\",\"position\":2,\"name\":\"K\u00f6zrem\u0171k\u00f6d\u00e9s a \u201eKl\u00edmabar\u00e1t v\u00e1rosok: k\u00e9zik\u00f6nyv az eur\u00f3pai v\u00e1rosok kl\u00edmav\u00e1ltoz\u00e1ssal kapcsolatos feladatair\u00f3l \u00e9s lehet\u0151s\u00e9geir\u0151l\u201d c\u00edm\u0171 kiadv\u00e1ny kidolgoz\u00e1s\u00e1ban-\"}]},{\"@type\":\"WebSite\",\"@id\":\"https:\/\/env-in-cent.hu\/#website\",\"url\":\"https:\/\/env-in-cent.hu\/\",\"name\":\"Env-in-Cent\",\"description\":\"Env-in-Cent K\u00f6rnyezetv\u00e9delmi Tan\u00e1csad\u00f3 Iroda Kft.\",\"publisher\":{\"@id\":\"https:\/\/env-in-cent.hu\/#organization\"},\"potentialAction\":[{\"@type\":\"SearchAction\",\"target\":{\"@type\":\"EntryPoint\",\"urlTemplate\":\"https:\/\/env-in-cent.hu\/?s={search_term_string}\"},\"query-input\":{\"@type\":\"PropertyValueSpecification\",\"valueRequired\":true,\"valueName\":\"search_term_string\"}}],\"inLanguage\":\"en-GB\"},{\"@type\":\"Organization\",\"@id\":\"https:\/\/env-in-cent.hu\/#organization\",\"name\":\"Env-in-Cent\",\"url\":\"https:\/\/env-in-cent.hu\/\",\"logo\":{\"@type\":\"ImageObject\",\"inLanguage\":\"en-GB\",\"@id\":\"https:\/\/env-in-cent.hu\/#\/schema\/logo\/image\/\",\"url\":\"https:\/\/env-in-cent.hu\/wp-content\/uploads\/2024\/11\/logo.jpg\",\"contentUrl\":\"https:\/\/env-in-cent.hu\/wp-content\/uploads\/2024\/11\/logo.jpg\",\"width\":170,\"height\":62,\"caption\":\"Env-in-Cent\"},\"image\":{\"@id\":\"https:\/\/env-in-cent.hu\/#\/schema\/logo\/image\/\"}},{\"@type\":\"Person\",\"@id\":\"https:\/\/env-in-cent.hu\/#\/schema\/person\/08a7dac74c2fe21558e1c2d5031c2286\",\"name\":\"wpadmin\",\"image\":{\"@type\":\"ImageObject\",\"inLanguage\":\"en-GB\",\"@id\":\"https:\/\/env-in-cent.hu\/#\/schema\/person\/image\/\",\"url\":\"https:\/\/secure.gravatar.com\/avatar\/53a24cf06dbef3f89a60c98c61552040977719f05381b5a07034a7748ee6e029?s=96&d=mm&r=g\",\"contentUrl\":\"https:\/\/secure.gravatar.com\/avatar\/53a24cf06dbef3f89a60c98c61552040977719f05381b5a07034a7748ee6e029?s=96&d=mm&r=g\",\"caption\":\"wpadmin\"},\"sameAs\":[\"https:\/\/env-in-cent.hu\"],\"url\":\"https:\/\/env-in-cent.hu\/en\/author\/wpadmin\/\"}]}<\/script>\n<!-- \/ Yoast SEO plugin. -->","yoast_head_json":{"title":"K\u00f6zrem\u0171k\u00f6d\u00e9s a \u201eKl\u00edmabar\u00e1t v\u00e1rosok: k\u00e9zik\u00f6nyv az eur\u00f3pai v\u00e1rosok kl\u00edmav\u00e1ltoz\u00e1ssal kapcsolatos feladatair\u00f3l \u00e9s lehet\u0151s\u00e9geir\u0151l\u201d c\u00edm\u0171 kiadv\u00e1ny kidolgoz\u00e1s\u00e1ban- Env-in-Cent","robots":{"index":"noindex","follow":"follow","max-snippet":"max-snippet:-1","max-image-preview":"max-image-preview:large","max-video-preview":"max-video-preview:-1"},"og_locale":"en_GB","og_type":"article","og_title":"K\u00f6zrem\u0171k\u00f6d\u00e9s a \u201eKl\u00edmabar\u00e1t v\u00e1rosok: k\u00e9zik\u00f6nyv az eur\u00f3pai v\u00e1rosok kl\u00edmav\u00e1ltoz\u00e1ssal kapcsolatos feladatair\u00f3l \u00e9s lehet\u0151s\u00e9geir\u0151l\u201d c\u00edm\u0171 kiadv\u00e1ny kidolgoz\u00e1s\u00e1ban- Env-in-Cent","og_description":"A kl\u00edmav\u00e1ltoz\u00e1s a magyar uni\u00f3s eln\u00f6ks\u00e9g egyik kiemelt v\u00e1rosfejleszt\u00e9si t\u00e9mak\u00f6re, hiszen az \u00e9ghajlat m\u00f3dosul\u00e1s\u00e1nak okai, de f\u0151k\u00e9nt k\u00f6vetkezm\u00e9nyei jelent\u0151s r\u00e9szben a v\u00e1rosi ter\u00fcleteken koncentr\u00e1l\u00f3dnak.","og_url":"https:\/\/env-in-cent.hu\/en\/2010\/10\/04\/kozremukodes-a-klimabarat-varosok-kezikonyv-az-europai-varosok-klimavaltozassal-kapcsolatos-feladatairol-es-lehetosegeirol-cimu-kiadvany-kidolgozasaban\/","og_site_name":"Env-in-Cent","article_published_time":"2010-10-04T13:06:00+00:00","article_modified_time":"2024-12-04T16:21:52+00:00","og_image":[{"width":127,"height":84,"url":"https:\/\/env-in-cent.hu\/wp-content\/uploads\/2013\/05\/hir1.jpg","type":"image\/jpeg"}],"author":"wpadmin","twitter_card":"summary_large_image","twitter_misc":{"Written by":"wpadmin","Estimated reading time":"5 minutes"},"schema":{"@context":"https:\/\/schema.org","@graph":[{"@type":"Article","@id":"https:\/\/env-in-cent.hu\/2010\/10\/04\/kozremukodes-a-klimabarat-varosok-kezikonyv-az-europai-varosok-klimavaltozassal-kapcsolatos-feladatairol-es-lehetosegeirol-cimu-kiadvany-kidolgozasaban\/#article","isPartOf":{"@id":"https:\/\/env-in-cent.hu\/2010\/10\/04\/kozremukodes-a-klimabarat-varosok-kezikonyv-az-europai-varosok-klimavaltozassal-kapcsolatos-feladatairol-es-lehetosegeirol-cimu-kiadvany-kidolgozasaban\/"},"author":{"name":"wpadmin","@id":"https:\/\/env-in-cent.hu\/#\/schema\/person\/08a7dac74c2fe21558e1c2d5031c2286"},"headline":"K\u00f6zrem\u0171k\u00f6d\u00e9s a \u201eKl\u00edmabar\u00e1t v\u00e1rosok: k\u00e9zik\u00f6nyv az eur\u00f3pai v\u00e1rosok kl\u00edmav\u00e1ltoz\u00e1ssal kapcsolatos feladatair\u00f3l \u00e9s lehet\u0151s\u00e9geir\u0151l\u201d c\u00edm\u0171 kiadv\u00e1ny kidolgoz\u00e1s\u00e1ban-","datePublished":"2010-10-04T13:06:00+00:00","dateModified":"2024-12-04T16:21:52+00:00","mainEntityOfPage":{"@id":"https:\/\/env-in-cent.hu\/2010\/10\/04\/kozremukodes-a-klimabarat-varosok-kezikonyv-az-europai-varosok-klimavaltozassal-kapcsolatos-feladatairol-es-lehetosegeirol-cimu-kiadvany-kidolgozasaban\/"},"wordCount":1562,"publisher":{"@id":"https:\/\/env-in-cent.hu\/#organization"},"image":{"@id":"https:\/\/env-in-cent.hu\/2010\/10\/04\/kozremukodes-a-klimabarat-varosok-kezikonyv-az-europai-varosok-klimavaltozassal-kapcsolatos-feladatairol-es-lehetosegeirol-cimu-kiadvany-kidolgozasaban\/#primaryimage"},"thumbnailUrl":"https:\/\/env-in-cent.hu\/wp-content\/uploads\/2013\/05\/hir1.jpg","articleSection":["H\u00edrek"],"inLanguage":"en-GB"},{"@type":"WebPage","@id":"https:\/\/env-in-cent.hu\/2010\/10\/04\/kozremukodes-a-klimabarat-varosok-kezikonyv-az-europai-varosok-klimavaltozassal-kapcsolatos-feladatairol-es-lehetosegeirol-cimu-kiadvany-kidolgozasaban\/","url":"https:\/\/env-in-cent.hu\/2010\/10\/04\/kozremukodes-a-klimabarat-varosok-kezikonyv-az-europai-varosok-klimavaltozassal-kapcsolatos-feladatairol-es-lehetosegeirol-cimu-kiadvany-kidolgozasaban\/","name":"K\u00f6zrem\u0171k\u00f6d\u00e9s a \u201eKl\u00edmabar\u00e1t v\u00e1rosok: k\u00e9zik\u00f6nyv az eur\u00f3pai v\u00e1rosok kl\u00edmav\u00e1ltoz\u00e1ssal kapcsolatos feladatair\u00f3l \u00e9s lehet\u0151s\u00e9geir\u0151l\u201d c\u00edm\u0171 kiadv\u00e1ny kidolgoz\u00e1s\u00e1ban- Env-in-Cent","isPartOf":{"@id":"https:\/\/env-in-cent.hu\/#website"},"primaryImageOfPage":{"@id":"https:\/\/env-in-cent.hu\/2010\/10\/04\/kozremukodes-a-klimabarat-varosok-kezikonyv-az-europai-varosok-klimavaltozassal-kapcsolatos-feladatairol-es-lehetosegeirol-cimu-kiadvany-kidolgozasaban\/#primaryimage"},"image":{"@id":"https:\/\/env-in-cent.hu\/2010\/10\/04\/kozremukodes-a-klimabarat-varosok-kezikonyv-az-europai-varosok-klimavaltozassal-kapcsolatos-feladatairol-es-lehetosegeirol-cimu-kiadvany-kidolgozasaban\/#primaryimage"},"thumbnailUrl":"https:\/\/env-in-cent.hu\/wp-content\/uploads\/2013\/05\/hir1.jpg","datePublished":"2010-10-04T13:06:00+00:00","dateModified":"2024-12-04T16:21:52+00:00","breadcrumb":{"@id":"https:\/\/env-in-cent.hu\/2010\/10\/04\/kozremukodes-a-klimabarat-varosok-kezikonyv-az-europai-varosok-klimavaltozassal-kapcsolatos-feladatairol-es-lehetosegeirol-cimu-kiadvany-kidolgozasaban\/#breadcrumb"},"inLanguage":"en-GB","potentialAction":[{"@type":"ReadAction","target":["https:\/\/env-in-cent.hu\/2010\/10\/04\/kozremukodes-a-klimabarat-varosok-kezikonyv-az-europai-varosok-klimavaltozassal-kapcsolatos-feladatairol-es-lehetosegeirol-cimu-kiadvany-kidolgozasaban\/"]}]},{"@type":"ImageObject","inLanguage":"en-GB","@id":"https:\/\/env-in-cent.hu\/2010\/10\/04\/kozremukodes-a-klimabarat-varosok-kezikonyv-az-europai-varosok-klimavaltozassal-kapcsolatos-feladatairol-es-lehetosegeirol-cimu-kiadvany-kidolgozasaban\/#primaryimage","url":"https:\/\/env-in-cent.hu\/wp-content\/uploads\/2013\/05\/hir1.jpg","contentUrl":"https:\/\/env-in-cent.hu\/wp-content\/uploads\/2013\/05\/hir1.jpg","width":127,"height":84},{"@type":"BreadcrumbList","@id":"https:\/\/env-in-cent.hu\/2010\/10\/04\/kozremukodes-a-klimabarat-varosok-kezikonyv-az-europai-varosok-klimavaltozassal-kapcsolatos-feladatairol-es-lehetosegeirol-cimu-kiadvany-kidolgozasaban\/#breadcrumb","itemListElement":[{"@type":"ListItem","position":1,"name":"Kezd\u0151lap","item":"https:\/\/env-in-cent.hu\/"},{"@type":"ListItem","position":2,"name":"K\u00f6zrem\u0171k\u00f6d\u00e9s a \u201eKl\u00edmabar\u00e1t v\u00e1rosok: k\u00e9zik\u00f6nyv az eur\u00f3pai v\u00e1rosok kl\u00edmav\u00e1ltoz\u00e1ssal kapcsolatos feladatair\u00f3l \u00e9s lehet\u0151s\u00e9geir\u0151l\u201d c\u00edm\u0171 kiadv\u00e1ny kidolgoz\u00e1s\u00e1ban-"}]},{"@type":"WebSite","@id":"https:\/\/env-in-cent.hu\/#website","url":"https:\/\/env-in-cent.hu\/","name":"Env-in-Cent","description":"Env-in-Cent K\u00f6rnyezetv\u00e9delmi Tan\u00e1csad\u00f3 Iroda Kft.","publisher":{"@id":"https:\/\/env-in-cent.hu\/#organization"},"potentialAction":[{"@type":"SearchAction","target":{"@type":"EntryPoint","urlTemplate":"https:\/\/env-in-cent.hu\/?s={search_term_string}"},"query-input":{"@type":"PropertyValueSpecification","valueRequired":true,"valueName":"search_term_string"}}],"inLanguage":"en-GB"},{"@type":"Organization","@id":"https:\/\/env-in-cent.hu\/#organization","name":"Env-in-Cent","url":"https:\/\/env-in-cent.hu\/","logo":{"@type":"ImageObject","inLanguage":"en-GB","@id":"https:\/\/env-in-cent.hu\/#\/schema\/logo\/image\/","url":"https:\/\/env-in-cent.hu\/wp-content\/uploads\/2024\/11\/logo.jpg","contentUrl":"https:\/\/env-in-cent.hu\/wp-content\/uploads\/2024\/11\/logo.jpg","width":170,"height":62,"caption":"Env-in-Cent"},"image":{"@id":"https:\/\/env-in-cent.hu\/#\/schema\/logo\/image\/"}},{"@type":"Person","@id":"https:\/\/env-in-cent.hu\/#\/schema\/person\/08a7dac74c2fe21558e1c2d5031c2286","name":"wpadmin","image":{"@type":"ImageObject","inLanguage":"en-GB","@id":"https:\/\/env-in-cent.hu\/#\/schema\/person\/image\/","url":"https:\/\/secure.gravatar.com\/avatar\/53a24cf06dbef3f89a60c98c61552040977719f05381b5a07034a7748ee6e029?s=96&d=mm&r=g","contentUrl":"https:\/\/secure.gravatar.com\/avatar\/53a24cf06dbef3f89a60c98c61552040977719f05381b5a07034a7748ee6e029?s=96&d=mm&r=g","caption":"wpadmin"},"sameAs":["https:\/\/env-in-cent.hu"],"url":"https:\/\/env-in-cent.hu\/en\/author\/wpadmin\/"}]}},"_links":{"self":[{"href":"https:\/\/env-in-cent.hu\/en\/wp-json\/wp\/v2\/posts\/36","targetHints":{"allow":["GET"]}}],"collection":[{"href":"https:\/\/env-in-cent.hu\/en\/wp-json\/wp\/v2\/posts"}],"about":[{"href":"https:\/\/env-in-cent.hu\/en\/wp-json\/wp\/v2\/types\/post"}],"author":[{"embeddable":true,"href":"https:\/\/env-in-cent.hu\/en\/wp-json\/wp\/v2\/users\/1"}],"replies":[{"embeddable":true,"href":"https:\/\/env-in-cent.hu\/en\/wp-json\/wp\/v2\/comments?post=36"}],"version-history":[{"count":2,"href":"https:\/\/env-in-cent.hu\/en\/wp-json\/wp\/v2\/posts\/36\/revisions"}],"predecessor-version":[{"id":511,"href":"https:\/\/env-in-cent.hu\/en\/wp-json\/wp\/v2\/posts\/36\/revisions\/511"}],"wp:featuredmedia":[{"embeddable":true,"href":"https:\/\/env-in-cent.hu\/en\/wp-json\/wp\/v2\/media\/499"}],"wp:attachment":[{"href":"https:\/\/env-in-cent.hu\/en\/wp-json\/wp\/v2\/media?parent=36"}],"wp:term":[{"taxonomy":"category","embeddable":true,"href":"https:\/\/env-in-cent.hu\/en\/wp-json\/wp\/v2\/categories?post=36"},{"taxonomy":"post_tag","embeddable":true,"href":"https:\/\/env-in-cent.hu\/en\/wp-json\/wp\/v2\/tags?post=36"}],"curies":[{"name":"wp","href":"https:\/\/api.w.org\/{rel}","templated":true}]}}