{"id":33,"date":"2010-05-04T12:08:00","date_gmt":"2010-05-04T12:08:00","guid":{"rendered":"https:\/\/env-in-cent.hu\/?p=33"},"modified":"2024-12-04T16:22:09","modified_gmt":"2024-12-04T16:22:09","slug":"fenntarthato-videk-es-agrarstrategia-iranyainak-kidolgozasa-a-nemzeti-fenntarthato-fejlodesi-strategia-megalapozasahoz","status":"publish","type":"post","link":"https:\/\/env-in-cent.hu\/en\/2010\/05\/04\/fenntarthato-videk-es-agrarstrategia-iranyainak-kidolgozasa-a-nemzeti-fenntarthato-fejlodesi-strategia-megalapozasahoz\/","title":{"rendered":"Fenntarthat\u00f3 vid\u00e9k- \u00e9s agr\u00e1rstrat\u00e9gia ir\u00e1nyainak kidolgoz\u00e1sa a Nemzeti Fenntarthat\u00f3 Fejl\u0151d\u00e9si Strat\u00e9gia megalapoz\u00e1s\u00e1hoz"},"content":{"rendered":"<h3 style='text-align: justify;'>A tanulm\u00e1ny kidolgoz\u00e1s\u00e1nak k\u00f6r\u00fclm\u00e9nyei<\/h3>\n<p style='text-align: justify;'>A Nemzeti Fenntarthat\u00f3 Fejl\u0151d\u00e9si Tan\u00e1cs kezdem\u00e9nyez\u00e9sre az Orsz\u00e1ggy\u0171l\u00e9s Hivatala &bdquo;<em>Tanulm\u00e1nyok k\u00e9sz\u00edt\u00e9se a Nemzeti Fenntarthat\u00f3 Fejl\u0151d\u00e9si Strat\u00e9gia kidolgoz\u00e1s\u00e1hoz (384\/2009)<\/em>&#8216; c\u00edmmel 2009. decemberben ny\u00edlt k\u00f6zbeszerz\u00e9si elj\u00e1r\u00e1st ind\u00edtott, t\u00f6bbek k\u00f6z\u00f6tt <strong>az agr\u00e1r-\u00e9s vid\u00e9kstrat\u00e9gia ir\u00e1nyainak kidolgoz\u00e1s\u00e1ra \u00e9s megalapoz\u00e1s\u00e1ra a fenntarthat\u00f3 fejl\u0151d\u00e9s k\u00f6vetelm\u00e9nyeinek figyelembev\u00e9tel\u00e9vel<\/strong>. A k\u00f6zbeszerz\u00e9si felh\u00edv\u00e1sra az ENVID\u00e9K konzorcium (t\u00e9mafelel\u0151s\u00f6k: Dr. P\u00e1lv\u00f6lgyi Tam\u00e1s \u00e9s Dr. Czira Tam\u00e1s, szak\u00e9rt\u0151k\u00e9nt k\u00f6zrem\u0171k\u00f6dtek: Dr. Csete M\u00e1ria, Dr. Czene Zsolt, Kiss Csaba, Dr. Kukely Gy\u00f6rgy, Rideg Adrienn, Szab\u00f3 \u00e9va Enik\u0151) p\u00e1ly\u00e1zatot ny\u00fajtott be, melyet a B\u00edr\u00e1l\u00f3 Bizotts\u00e1g t\u00f6bb p\u00e1ly\u00e1z\u00f3 k\u00f6z\u00fcl a legjobb aj\u00e1nlatnak min\u0151s\u00edtett. Az ENVID\u00e9K konzorcium tev\u00e9kenys\u00e9g\u00e9t az Env-in-Cent Kft. koordin\u00e1lta. A tanulm\u00e1ny f\u0151bb tartalmi elemeit m\u00e1r kor\u00e1bban bemutattuk <span style='color: #ff0000;'>itt<\/span>.<\/p>\n<p style='text-align: justify;'>A tanulm\u00e1ny&nbsp;&ndash;&nbsp;mely 2010. m\u00e1jus k\u00f6zep\u00e9re k\u00e9sz\u00fclt el&nbsp;&ndash;&nbsp; a Nemzeti Fenntarthat\u00f3 Fejl\u0151d\u00e9si Strat\u00e9gi\u00e1r\u00f3l sz\u00f3l\u00f3 orsz\u00e1ggy\u0171l\u00e9si hat\u00e1rozat-tervezet szakmai megalapoz\u00e1s\u00e1hoz k\u00e9sz\u00fclt \u00e9s <strong>nem helyettes\u00edtheti a fenntarthat\u00f3 vid\u00e9k- \u00e9s agr\u00e1rstrat\u00e9gia korm\u00e1nyzat \u00e1ltali kidolgoz\u00e1s\u00e1t \u00e9s elfogad\u00e1s\u00e1t<\/strong>. A szerz\u0151k rem\u00e9nyei szerint azonban a tanulm\u00e1ny seg\u00edtheti e strat\u00e9gia-alkot\u00e1si folyamatot.<\/p>\n<h3 style='text-align: justify;'>A magyar vid\u00e9k helyzet\u00e9t meghat\u00e1roz\u00f3 t\u00e9nyez\u0151k<\/h3>\n<p style='text-align: justify;'>Az agr\u00e1rgazdas\u00e1g eredeti \u00e9s hagyom\u00e1nyos &#8211; \u00e9lelmiszertermel\u0151 \u00e9s ell\u00e1t\u00f3 &ndash; funkci\u00f3ja mellett a vid\u00e9k m\u00e1s, &#8216;nem import\u00e1lhat\u00f3 funkci\u00f3i&#8217; egyre nagyobb fontoss\u00e1gra tesznek szert, ak\u00e1rcsak <strong>a vid\u00e9ki k\u00f6zjavak \u00e9s az ezekhez kapcsol\u00f3d\u00f3 \u00e1llami, k\u00f6zhatalmi funkci\u00f3k \u00e1t\u00e9rt\u00e9kel\u00e9se is<\/strong>. E szempontok nem v\u00e1laszthat\u00f3k el a vid\u00e9ki k\u00f6rnyezet \u00e9s t\u00e1rsadalom \u00e1llapot\u00e1t\u00f3l, ahogyan a fenntarthat\u00f3 agr\u00e1r- \u00e9s vid\u00e9kfejleszt\u00e9s kil\u00e1t\u00e1sait\u00f3l sem.<\/p>\n<p style='text-align: justify;'><img src='https:\/\/env-in-cent.hu\/wp-content\/uploads\/2024\/11\/7.jpg' alt='' width='570' height='350'><\/p>\n<h3 style='text-align: justify;'>R\u00f6vidt\u00e1v\u00fa j\u00f6v\u0151k\u00e9p:<br \/> Fejlett falu &#8211; \u00fajj\u00e1\u00e9led\u0151 vid\u00e9k&rdquo; perspekt\u00edv\u00e1ja<\/h3>\n<p style='text-align: justify;'>A fenntarthat\u00f3s\u00e1g k\u00f6rnyezeti szempontjainak \u00e9rv\u00e9nyes\u00fcl\u00e9se nem v\u00e1laszthat\u00f3 el t\u00e1rsadalmi kr\u00edzis enyh\u00edt\u00e9s\u00e9t\u0151l (du\u00e1lis vid\u00e9k t\u00e1rsadalmat nem lehet elind\u00edtani a fenntarthat\u00f3s\u00e1g fel\u00e9 vezet\u0151 \u00faton), \u00edgy ezen &#8211; m\u00e1r 3-8 \u00e9ven bel\u00fcl el\u00e9rhet\u0151 &#8211; perspekt\u00edva a <strong>gazdas\u00e1gi kr\u00edzis k\u00f6vetkezt\u00e9ben fell\u00e9p\u0151 agr\u00e1rv\u00e1ls\u00e1g (j\u00f6vedelemveszt\u00e9s, munkahelyek megsz\u0171n\u00e9se, hitelv\u00e1ls\u00e1g, elv\u00e1ndorl\u00e1s stb.) enyh\u00edt\u00e9s\u00e9re<\/strong> ir\u00e1nyul. Az agr\u00e1rv\u00e1ls\u00e1got felsz\u00e1mol\u00f3 t\u00f6rekv\u00e9seknek olyan perspekt\u00edv\u00e1t kell felmutatniuk, amelyek er\u0151s\u00edtik a vid\u00e9ki k\u00f6z\u00f6ss\u00e9gek \u00f6n\u00e1ll\u00f3s\u00e1g\u00e1t (f\u00fcggetlens\u00e9g\u00e9t) \u00e9s \u00f6nfenntart\u00f3, \u00f6nkezdem\u00e9nyez\u0151, \u00f6nfejleszt\u0151 k\u00e9pess\u00e9g\u00e9t. \u00edgy javul a gazd\u00e1lkod\u00f3i \u00e9letforma megbecs\u00fcl\u00e9se, a term\u00e9szet er\u0151forr\u00e1saib\u00f3l \u00e9l\u0151k \u00e9s a vid\u00e9ki munka tisztelete, megfordul az elv\u00e1ndorl\u00e1s, &bdquo;divatba j\u00f6n&rdquo; az eg\u00e9szs\u00e9ges, min\u0151s\u00e9gi hazai \u00e9lelmiszer, elismert \u00e9rt\u00e9kk\u00e9 v\u00e1lik az \u00e9lelmiszer \u00e9s iv\u00f3v\u00edz \u00f6nrendelkez\u00e9s.<\/p>\n<h3 style='text-align: justify;'>&bdquo;<em><\/em>Harm\u00f3ni\u00e1ban a term\u00e9szettel &ndash; \u00e9l\u0151 vid\u00e9k&rdquo;&nbsp;j\u00f6v\u0151k\u00e9p &nbsp; 2030-ig<\/h3>\n<p style='text-align: justify;'>A magyar vid\u00e9k j\u00f6v\u0151je a term\u00e9szeti \u00e9rt\u00e9keink meg\u0151rz\u00e9s\u00e9n m\u00falik, \u00edgy t\u00e1vlatos j\u00f6v\u0151k\u00e9p\u00e9nek <strong>els\u0151dleges rendez\u0151 elve a t\u00e1rsadalmi \u00e9s \u00f6kol\u00f3giai k\u00f6z\u00e9rdek\u0171s\u00e9g. <\/strong>A biztons\u00e1gos \u00e9lelmiszertermel\u00e9st lehet\u0151v\u00e9 t\u00e9v\u0151 vegyszer-mentes term\u0151f\u00f6ld, az eg\u00e9szs\u00e9ges iv\u00f3v\u00edz, a t\u00e1ji \u00e9rt\u00e9keken \u00e9s a sokf\u00e9les\u00e9gen alapul\u00f3 \u00f6kosziszt\u00e9ma-szolg\u00e1ltat\u00e1sok tart\u00f3san a <strong>vid\u00e9k \u00e9let l\u00e9talapjait k\u00e9pezik<\/strong>. Ez\u00e9rt nemcsak fenntarthat\u00f3s\u00e1gi, hanem nemzetstrat\u00e9giai k\u00f6vetelm\u00e9ny is, hogy e l\u00e9talapok hasznos\u00edt\u00e1sa sor\u00e1n <strong>els\u0151dlegesnek kell tekinteni a hossz\u00fa t\u00e1v\u00fa k\u00f6z\u00e9rdeket \u00e9s m\u00e1sodlagosnak a gazdas\u00e1gi, piaci szempontokat.<\/strong><\/p>\n<h3 style='text-align: justify;'>Mit jelent a vid\u00e9k fenntarthat\u00f3 fejl\u0151d\u00e9se?<\/h3>\n<p style='text-align: justify;'><strong>A vid\u00e9k fenntarthat\u00f3s\u00e1g\u00e1nak kiindul\u00f3pontja a t\u00e1rsadalmi \u00e9s \u00f6kol\u00f3giai k\u00f6z\u00e9rdek\u0171s\u00e9g.<\/strong> A vid\u00e9k term\u00e9szeti er\u0151forr\u00e1sainak (t\u00e1ji, biol\u00f3giai kultur\u00e1lis sokf\u00e9les\u00e9g, kl\u00edma, term\u0151talaj, v\u00edz) olyan tartamos, \u00e9rt\u00e9kv\u00e9d\u0151 gazd\u00e1lkod\u00e1s\u00e1t kell megval\u00f3s\u00edtani, ami lehet\u0151v\u00e9 teszi a vid\u00e9ken boldogul\u00e1st an\u00e9lk\u00fcl, hogy e l\u00e9talapok&nbsp;\u00e1ltal biztos\u00edtott \u00f6kol\u00f3giai eltart\u00f3-k\u00e9pess\u00e9get meghal\u00f3d\u00f3 m\u00f3don n\u00f6vekedne a vid\u00e9k gazdas\u00e1ga. A term\u00e9szeti t\u0151ke nem helyettes\u00edthet\u0151 m\u00e1s t\u0151kejavakkal \u00e9s a term\u00e9szeti t\u0151ke \u00e9rt\u00e9ke id\u0151ben nem cs\u00f6kkenhet.<\/p>\n<h3 style='text-align: justify;'>\u00faton a fenntarthat\u00f3s\u00e1ghoz: emberk\u00f6zpont\u00fa, vid\u00e9kfejleszt\u00e9s<\/h3>\n<p style='text-align: justify;'>L\u00e9nyeges, hogy az elh\u00faz\u00f3d\u00f3 agr\u00e1rv\u00e1ls\u00e1g k\u00f6zepette az emberk\u00f6zpont\u00fa, t\u00e1rsadalmi elk\u00f6telezetts\u00e9g\u0171 vid\u00e9kfejleszt\u00e9sben <strong>k\u00f6vetkezetesen \u00e9rv\u00e9nyes\u00edtend\u0151 els\u0151dleges alapelv a vid\u00e9k megtart\u00f3 ereje<\/strong>. Ahhoz, hogy a vid\u00e9ki j\u00f3l\u00e9t \u00e9s k\u00f6rnyezet min\u0151s\u00e9g\u00e9t meg\u0151rizz\u00fck \u00e9s fejlessz\u00fck, szempontjai be\u00e9p\u00edtend\u0151k minden olyan strat\u00e9gi\u00e1ba, koncepci\u00f3ba, tervbe, programba, amely kapcsolatban van a vid\u00e9kfejleszt\u00e9ssel.<\/p>\n<h3 style='text-align: justify;'>Mit jelent a vid\u00e9ki gazdas\u00e1g fenntarthat\u00f3 versenyk\u00e9pess\u00e9ge?<\/h3>\n<p style='text-align: justify;'>\u00f6sszess\u00e9g\u00e9ben a vid\u00e9ki gazdas\u00e1gi tev\u00e9kenys\u00e9g versenyk\u00e9pess\u00e9ge alatt a tartamos gazdas\u00e1gi tev\u00e9kenys\u00e9g olyan form\u00e1j\u00e1t \u00e9rj\u00fck, amely \u00fagy k\u00e9pes magas szint\u0171 termel\u00e9kenys\u00e9g, \u00e9s munkaer\u0151 intenzit\u00e1s mellett nagyobb hozz\u00e1adott \u00e9rt\u00e9k\u0171, magas feldolgozotts\u00e1g\u00fa term\u00e9ket el\u0151\u00e1ll\u00edtani, hogy k\u00f6zben nem v\u00e1ltoztatja meg a tartamos gazd\u00e1lkod\u00e1s jelleg\u00e9t \u00e9s form\u00e1j\u00e1t, \u00e9s nem vesz\u00e9lyezteti a l\u00e9talapokat. Ez egyben azt is jelenti, hogy sem a fenntarthat\u00f3s\u00e1got, sem a versenyk\u00e9pess\u00e9get nem az \u00fczemm\u00e9ret hat\u00e1rozza meg, hanem a l\u00e9talapok tartamos meg\u0151rz\u00e9se.<\/p>\n<h3 style='text-align: justify;'>T\u00e1mogat\u00e1si priorit\u00e1sok<\/h3>\n<p style='text-align: justify;'><strong><span style='text-decoration: underline;'>1. priorit\u00e1s: l\u00e9talapok meg\u00f3v\u00e1sa.<\/span><\/strong> Meg kell er\u0151s\u00edteni a term\u0151f\u00f6ld, a v\u00edzk\u00e9szletek, az erd\u0151k \u00e9s a term\u00e9szetv\u00e9delmi oltalom alatt \u00e1ll\u00f3 ter\u00fcletek<strong> tart\u00f3san k\u00f6z\u00e9rdek\u0171 hasznos\u00edt\u00e1s\u00e1nak szab\u00e1lyoz\u00e1si, \u00e9rdekelts\u00e9gi \u00e9s tulajdonosi h\u00e1tter\u00e9t. <\/strong>Az \u00e1llami term\u0151f\u00f6ldek haszn\u00e1lat\u00e1ban <strong>\u00e9lvezzenek el\u0151nyt az \u00e9letvitel- \u00e9s hivat\u00e1sszer\u0171en gazd\u00e1lkod\u00f3 helybeliek.<\/strong><\/p>\n<p style='text-align: justify;'><strong><span style='text-decoration: underline;'>2. priorit\u00e1s: agro\u00f6kol\u00f3giai potenci\u00e1lon alapul\u00f3 t\u00e1jgazd\u00e1lkod\u00e1s.<\/span><\/strong> Vissza kell t\u00e9rni a k\u00f6rnyezeti felt\u00e9telek (kl\u00edma, talaj, v\u00edz, t\u00e1j stb.) \u00e1ltal meghat\u00e1rozott termel\u00e9sre. A t\u00e1mogat\u00e1sokn\u00e1l felt\u00e9tel\u00fcl kell szabni a komplex t\u00e1jgazd\u00e1lkod\u00e1snak megfelel\u0151 termel\u00e9st.<\/p>\n<p style='text-align: justify;'><strong><span style='text-decoration: underline;'>3. priorit\u00e1s: v\u00e1ltozatos vid\u00e9ki gazdas\u00e1g.<\/span><\/strong> A helyi \u00e9s region\u00e1lis piacokra \u00e9rt\u00e9kes\u00edt\u0151, <strong>magas feldolgozotts\u00e1g\u00fa, magasabb hozz\u00e1adott \u00e9rt\u00e9k\u0171 gazd\u00e1lkod\u00e1st \u00e9s feldolgoz\u00f3ipart kell prefer\u00e1lni. <\/strong>A mez\u0151gazdas\u00e1gi mell\u00e9kterm\u00e9kek \u00e9s hullad\u00e9kok helyi energetikai hasznos\u00edt\u00e1sa \u00e9lvezzen el\u0151nyt az energetikai \u00fcltetv\u00e9nyek energiahordoz\u00f3ival szemben.<\/p>\n<p style='text-align: justify;'><strong><span style='text-decoration: underline;'>4.priorit\u00e1s: alkalmazkod\u00e1s \u00e9s felk\u00e9sz\u00fcl\u00e9s az \u00e9ghajlatv\u00e1ltoz\u00e1sra<\/span><\/strong>.<strong> <\/strong>Figyelembe kell venni az \u00e9ghajlatv\u00e1ltoz\u00e1s hat\u00e1sait, optimaliz\u00e1lni kell a sz\u00e1nt\u00f3f\u00f6ldi, kert\u00e9szeti, gyep- \u00e9s legel\u0151gazd\u00e1lkod\u00e1si tev\u00e9kenys\u00e9gek ar\u00e1ny\u00e1t \u00e9s prefer\u00e1lni kell a <strong>v\u00edzmegtart\u00e1st el\u0151seg\u00edt\u0151, fenntarthat\u00f3 mez\u0151gazdas\u00e1gi v\u00edzhaszn\u00e1latot.<\/strong><\/p>\n<p style='text-align: justify;'><strong><span style='text-decoration: underline;'>5.priorit\u00e1s: f\u00f3kusz\u00e1lt t\u00e1mogat\u00e1sok<\/span><\/strong>. A t\u00e1mogat\u00e1si rendszert a helyben hozz\u00e1adott \u00e9rt\u00e9k alapj\u00e1n kell kialak\u00edtani. Be kell vezetni a rugalmas (ak\u00e1r csak egy-egy \u00e1gazatra, t\u00e9rben differenci\u00e1ltan, ak\u00e1r egy-egy teny\u00e9szid\u0151szakra) kialak\u00edtott kr\u00edzist\u00e1mogat\u00e1sokat.<\/p>\n<p style='text-align: justify;'><strong><span style='text-decoration: underline;'>6.priorit\u00e1s: egy\u00fcttm\u0171k\u00f6d\u00e9s \u00e9s h\u00e1l\u00f3zatosod\u00e1s<\/span><\/strong> Meg kell teremteni a gazd\u00e1k, a kereskedelem, a feldolgoz\u00f3ipar \u00e9s az \u00e1llam k\u00f6z\u00f6tti <strong>tart\u00f3s \u00e9s kisz\u00e1m\u00edthat\u00f3 <\/strong>(pl. szerz\u0151d\u00e9ses fegyelmen, bizalmon egyar\u00e1nt alapul\u00f3) <strong>\u00fczleti kapcsolatok felt\u00e9teleit. <br \/><\/strong><\/p>\n<h3 style='text-align: justify;'><em>Javaslatok, aj\u00e1nl\u00e1sok<\/em><\/h3>\n<p style='text-align: justify;'>1. Javasoljuk <strong>\u00e1tfog\u00f3 Nemzeti Vid\u00e9kstrat\u00e9gia <\/strong>kidolgoz\u00e1s\u00e1t, amely a ter\u00fcletfejleszt\u00e9s, a gazdas\u00e1gfejleszt\u00e9s \u00e9s a vid\u00e9kfejleszt\u00e9s t\u00e9rs\u00e9gi szint\u0171 \u00f6sszehangolt tervez\u00e9si \u00e9s program alkot\u00e1si rendszer\u00e9nek k\u00e9pezheti alapj\u00e1t. Ennek keret\u00e9ben:<\/p>\n<p style='text-align: justify;'>javasoljuk, hogy a fejl\u0151d\u00e9si p\u00e1ly\u00e1k jelen tanulm\u00e1nyban bemutatott v\u00e1ltozatai alapj\u00e1n az \u00e1tfog\u00f3 Nemzeti Vid\u00e9kstrat\u00e9gia kidolgoz\u00e1s\u00e1nak keretei k\u00f6z\u00f6tt <strong>k\u00e9sz\u00fcljenek konkr\u00e9t id\u0151horizontot, c\u00e9l\u00e1llapotokat \u00e9s indik\u00e1torokat tartalmaz\u00f3 r\u00e9szletes forgat\u00f3k\u00f6nyvek<\/strong>.<\/p>\n<p style='text-align: justify;'>ki kell dolgozni egy <strong>ter\u00fcletileg differenci\u00e1lt, &bdquo;k\u00edv\u00e1natos&rdquo; birtokszerkezeti j\u00f6v\u0151k\u00e9pet<\/strong>, melynek egy \u00e1tfog\u00f3, alternat\u00edv megold\u00e1sokat felv\u00e1zol\u00f3 f\u00f6ldpiaci elemz\u00e9sen kell alapulnia. E j\u00f6v\u0151k\u00e9pnek figyelembe kell vennie t\u00f6bbek k\u00f6z\u00f6tt a ter\u00fcleti k\u00fcl\u00f6nbs\u00e9geket, a term\u00e9szeti viszonyokat, az \u00f6kosziszt\u00e9ma szolg\u00e1ltat\u00e1sokat, a term\u0151f\u00f6ld \u00e9rt\u00e9k\u00e9t, az agro\u00f6kol\u00f3giai potenci\u00e1lt, a KKV-k fejleszt\u00e9si ig\u00e9ny\u00e9t.<\/p>\n<p style='text-align: justify;'>k\u00e9sz\u00fclj\u00f6n el a <strong>Vid\u00e9ki Szakk\u00e9pz\u00e9s \u00e9s Oktat\u00e1sfejleszt\u00e9s Akci\u00f3terve<\/strong>, valamit az<strong> agr\u00e1r- \u00e9s vid\u00e9k kutat\u00e1sok koncepci\u00f3ja<\/strong>.<\/p>\n<p style='text-align: justify;'>2. Javasoljuk <strong>integr\u00e1lt v\u00edzgazd\u00e1lkod\u00e1si \u00e9s mez\u0151gazdas\u00e1gi v\u00edzhaszn\u00e1lati strat\u00e9gia <\/strong>kidolgoz\u00e1s\u00e1t, amely a v\u00edzgy\u0171jt\u0151gazd\u00e1lkod\u00e1si tervez\u00e9s, a v\u00edzmegtart\u00e1son alapul\u00f3 \u00f6nt\u00f6z\u00e9s, valamint az asz\u00e1ly-, bel- \u00e9s \u00e1rv\u00edzv\u00e9delem szab\u00e1lyoz\u00e1si-, c\u00e9l- \u00e9s eszk\u00f6zrendszereit hangolja \u00f6ssze.<\/p>\n<p style='text-align: justify;'>3. Egy \u00e1tfog\u00f3 nemzeti energiagazd\u00e1lkod\u00e1si koncepci\u00f3 keret\u00e9ben &ndash; kapcsol\u00f3dva az Meg\u00fajul\u00f3 Energiahordoz\u00f3k Hasznos\u00edt\u00e1s\u00e1nak Cselekv\u00e9si Terv\u00e9hez&nbsp; \u00e9s az \u00e1tfog\u00f3 Vid\u00e9k strat\u00e9gi\u00e1hoz &#8211; ki kell dolgozni a <strong>Magyar Biomassza Strat\u00e9gi\u00e1t<\/strong>.<\/p>\n<p style='text-align: justify;'>4. Javasoljuk, hogy a Nemzeti Turizmusfejleszt\u00e9si Strat\u00e9gia \u00e9s az Orsz\u00e1gos \u00f6kourizmus Fejleszt\u00e9si Strat\u00e9gia figyelembev\u00e9tel\u00e9vel k\u00e9sz\u00fclj\u00f6n el a <strong>vid\u00e9k turisztikai er\u0151forr\u00e1sainak fenntarthat\u00f3 hasznos\u00edt\u00e1si koncepci\u00f3ja<\/strong>. E koncepci\u00f3nak integr\u00e1lt c\u00e9lokat kell kit\u0171znie a vid\u00e9ki turizmus &#8211; jelenleg elk\u00fcl\u00f6n\u00fclt &#8211; gazdas\u00e1gfejleszt\u00e9si, ter\u00fcletfejleszt\u00e9si \u00e9s vid\u00e9kfejleszt\u00e9si t\u00e1mogat\u00e1saira.<\/p>\n<p style='text-align: justify;'>5. Javasoljuk, hogy<strong> <\/strong>a Nemzeti Fenntarthat\u00f3 Fejl\u0151d\u00e9si Strat\u00e9gia ir\u00e1nyozza el\u0151 egy <strong>Fenntarthat\u00f3 Vid\u00e9k Cselekv\u00e9si Terv kidolgoz\u00e1s\u00e1t<\/strong> \u00e9s rendszeres fel\u00fclvizsg\u00e1lat\u00e1t, mely lehet\u0151v\u00e9 teszi az \u00f6kol\u00f3giai szeml\u00e9let\u0171 szigor\u00fa fenntarthat\u00f3s\u00e1g fel\u00e9 t\u00f6rt\u00e9n\u0151 fokozatos \u00e1tmenet tervez\u00e9s\u00e9t \u00e9s nyomon k\u00f6vet\u00e9s\u00e9t.<\/p>\n<p style='text-align: justify;'>6. Ki kell dolgozni az <strong>\u00e9ghajlatv\u00e1ltoz\u00e1sra felk\u00e9sz\u00fcl\u0151, egy\u00fattal karbon-szeg\u00e9ny vid\u00e9kfejleszt\u00e9s szakmai programj\u00e1t<\/strong>, mintaprojektjeit, t\u00e1mogat\u00e1si krit\u00e9riumait az \u00e9ghajlatv\u00e1ltoz\u00e1s hat\u00e1sainak megel\u0151z\u00e9s\u00e9re \u00e9s m\u00e9rs\u00e9kl\u00e9s\u00e9re.<\/p>\n<p style='text-align: justify;'>7. A nemzeti otthon-teremt\u00e9si \u00e9s korszer\u0171s\u00edt\u00e9si t\u00f6rekv\u00e9sek keret\u00e9ben er\u0151s \u00e9p\u00fcletenergetikai hangs\u00fallyal <strong>Falu-rekonstrukci\u00f3s Program<\/strong> ind\u00edt\u00e1s\u00e1t javasoljuk.<\/p>\n<p style='text-align: justify;'>8. Halad\u00e9ktalanul meg kell kezdeni a felk\u00e9sz\u00fcl\u00e9st a <strong>ter\u00fcletfejleszt\u00e9si (Struktur\u00e1lis Alapok) \u00e9s a vid\u00e9kfejleszt\u00e9si t\u00e1mogat\u00e1sok elj\u00e1r\u00e1si \u00e9s lebonyol\u00edt\u00e1si rendszereinek integr\u00e1ci\u00f3j\u00e1ra<\/strong>.&nbsp;<\/p>\n<p style='text-align: justify;'>9. A <strong>l\u00e9talapok meg\u00f3v\u00e1s\u00e1t, \u00e9rt\u00e9kv\u00e9d\u0151, k\u00f6z\u00e9rdek\u0171 hasznos\u00edt\u00e1s\u00e1t<\/strong> nemcsak az agr\u00e1r- \u00e9s vid\u00e9kfejleszt\u00e9si politik\u00e1ban, hanem m\u00e1s \u00e1gazati \u00e9s fejleszt\u00e9si politik\u00e1kban is k\u00f6vetkezetesen, ellen\u0151rizhet\u0151 \u00e9s monitorozhat\u00f3 m\u00f3don <strong>integr\u00e1lni kell<\/strong>. A term\u00e9szeti l\u00e9talapok tulajdonviszonyainak, \u00fczemeltet\u00e9s\u00e9nek is a k\u00f6z\u00e9rdek\u0171s\u00e9get kell t\u00fckr\u00f6zni.<\/p>\n<p style='text-align: justify;'>10. Fel\u00fcl kell vizsg\u00e1lni a jelenleg m\u0171k\u00f6d\u0151 <strong>kist\u00e9rs\u00e9gi szint\u0171 t\u00e1rsul\u00e1sok &ndash; egym\u00e1st r\u00e9szben \u00e1tfed\u0151 &ndash; rendszer\u00e9t <\/strong>(funkcion\u00e1lis-, int\u00e9zm\u00e9nyfenntart\u00f3 kist\u00e9rs\u00e9g, vid\u00e9kfejleszt\u00e9si kist\u00e9rs\u00e9g, HACS, Leader kist\u00e9rs\u00e9g, ter\u00fcletfejleszt\u00e9si t\u00e1rsul\u00e1sok stb.). Hasonl\u00f3an az \u00f6nkorm\u00e1nyzatok \u00e9s a v\u00e1llalkoz\u00f3k k\u00f6z\u00f6tti &bdquo;telep\u00fcl\u00e9sfejleszt\u00e9si szerz\u0151d\u00e9sek&rdquo; mint\u00e1j\u00e1ra, ki kell dolgozni a &bdquo;t\u00e9rs\u00e9gfejleszt\u00e9si szerz\u0151d\u00e9sek&rdquo; felt\u00e9teleit.<\/p>\n<p style='text-align: justify;'>11. Javasoljuk olyan <strong>\u00e1tfog\u00f3 ad\u00f3z\u00e1si \u00e9s t\u00e1mogat\u00e1si rendszer<\/strong> kialak\u00edt\u00e1s\u00e1t, amely az agr\u00e1rgazdas\u00e1gban \u00e9s \u00e9lelmiszeriparban val\u00f3ban el\u0151nyben r\u00e9szes\u00edten\u00e9 a term\u00e9szeti \u00e9s k\u00f6rnyezetv\u00e9delmi szempontokat integr\u00e1l\u00f3 beruh\u00e1z\u00e1sokat, a k\u00f6rnyezetk\u00edm\u00e9l\u0151 termel\u00e9si technol\u00f3gi\u00e1k kifejleszt\u00e9s\u00e9t \u00e9s alkalmaz\u00e1s\u00e1t.<\/p>\n<p style='text-align: justify;'>12. Ki kell sz\u00e9les\u00edteni a hazai piacv\u00e9delem EU konform eszk\u00f6zeit. Fontos szerepe lehet a hazai piacv\u00e9delemben a <strong>min\u0151s\u00e9gellen\u0151rz\u00e9si rendszernek, \u00f6nk\u00e9ntes min\u0151s\u00e9gi v\u00e9djegyeknek<\/strong>, amelynek lehet\u0151s\u00e9geit Magyarorsz\u00e1g nem kell\u0151en haszn\u00e1lta ki, \u00edgy jelent meg az olcs\u00f3 &ndash; r\u00e1ad\u00e1sul messzir\u0151l sz\u00e1ll\u00edtott, \u00edgy k\u00f6rnyezetileg sem fenntarthat\u00f3 megold\u00e1st ad\u00f3 &ndash; k\u00fclf\u00f6ldi t\u00f6meg\u00e9lelmiszer az \u00e1ruh\u00e1zl\u00e1ncok, de m\u00e9g a kisebb \u00e9lelmiszerboltok polcain is.<\/p>\n<p style='text-align: justify;'>13. A k\u00f6z\u00e9rdek\u0171, \u00e9rt\u00e9kv\u00e9d\u0151 vid\u00e9ki gazd\u00e1lkod\u00e1s \u00e9s egy\u00fcttm\u0171k\u00f6d\u00e9s felt\u00e9tele a tart\u00f3s k\u00f6zbizalom. Meg\u00edt\u00e9l\u00e9s\u00fcnk szerint a magyar vid\u00e9k j\u00f6v\u0151j\u00e9r\u0151l a gazdat\u00e1rsadalom, a feldolgoz\u00f3-ipari \u00e9s gazd\u00e1lkod\u00f3i \u00e9rdekv\u00e9delmi szervezetek, a civil szervezetek, a tudom\u00e1nyos \u00e9let \u00e9s az agr\u00e1r- \u00e9s vid\u00e9kfejleszt\u00e9si igazgat\u00e1s szerepl\u0151i r\u00e9szv\u00e9tel\u00e9vel &ndash; sz\u00e9lesk\u00f6r\u0171 konzult\u00e1ci\u00f3kkal megalapozott &ndash; <strong>k\u00f6zmegegyez\u00e9sre, &bdquo;t\u00e1rsadalmi szerz\u0151d\u00e9sre&rdquo; van sz\u00fcks\u00e9g<\/strong>.<\/p>\n<p style='text-align: justify;'>14. Az agr\u00e1r- \u00e9s vid\u00e9kstrat\u00e9gia k\u00f6z\u00e9ppontj\u00e1ba a <strong>t\u00e1ji adotts\u00e1gokhoz alkalmazkod\u00f3, k\u00f6rnyezetk\u00edm\u00e9l\u0151 m\u00f3don el\u0151\u00e1ll\u00edtott, min\u0151s\u00e9gi term\u00e9keket \u00e9s szolg\u00e1ltat\u00e1sokat<\/strong> kell \u00e1ll\u00edtani; fogyaszt\u00f3i tudatos\u00edt\u00e1sa is alapvet\u0151 feladat.<\/p>\n<p style='text-align: justify;'>15. \u00fajra nagyobb teret \u00e9rdemes adni a <strong>termel\u0151k \u00e9s fogyaszt\u00f3k k\u00f6z\u00f6tti k\u00f6zvetlen \u00e9rt\u00e9kes\u00edt\u00e9snek<\/strong>, ezt szeml\u00e9letform\u00e1l\u00e1ssal, \u00f6szt\u00f6nz\u0151 eszk\u00f6z\u00f6kkel is t\u00e1mogatni kell.<\/p>\n<p style='text-align: justify;'>16. Az agrobiodiverzit\u00e1s meg\u0151rz\u00e9se \u00e9rdek\u00e9ben sz\u00fcks\u00e9ges a <strong>g\u00e9nbankok jelenlegi t\u00e1mogat\u00e1s\u00e1nak fel\u00fclvizsg\u00e1lata,<\/strong> a t\u00e1mogat\u00e1s m\u00e9rt\u00e9k\u00e9nek n\u00f6vel\u00e9se.<\/p>\n<p style='text-align: justify;'>17. Javasoljuk a <strong>fajtajegyz\u00e9k \u00f6ssze\u00e1ll\u00edt\u00e1s\u00e1r\u00f3l sz\u00f3l\u00f3 jogszab\u00e1lyok fel\u00fclvizsg\u00e1lat\u00e1t<\/strong>, annak \u00e9rdek\u00e9ben, hogy a t\u00e1j- \u00e9s helyi fajok hosszabb t\u00e1von is fennmaradhassanak.<\/p>\n<p style='text-align: justify;'>18. Javasoljuk az \u00faj vid\u00e9kpolitika c. tanulm\u00e1nyk\u00f6tetben olvashat\u00f3 a K\u00e1rp\u00e1t-medence &bdquo;gy\u00f3gyhelyt\u00e9rk\u00e9p\u00e9nek&rdquo; kidolgoz\u00e1s\u00e1ra vonatkoz\u00f3 kezdem\u00e9nyez\u00e9s t\u00e1mogat\u00e1s\u00e1t \u00e9s figyelembev\u00e9tel\u00e9t a vid\u00e9kfejleszt\u00e9si programokban.<\/p>\n<p style='text-align: justify;'>19. Az agr\u00e1r- \u00e9s vid\u00e9kfejleszt\u00e9ssel kapcsolatos kutat\u00e1sokban nemcsak a k\u00fcl\u00f6nb\u00f6z\u0151 technikai megold\u00e1sokat, tev\u00e9kenys\u00e9g \u00e9s term\u00e9kfejleszt\u00e9st sz\u00fcks\u00e9ges t\u00e1mogatni, hanem <strong>t\u00e1mogat\u00e1si priorit\u00e1st kell biztos\u00edtani a fenntarthat\u00f3s\u00e1ggal \u00f6sszef\u00fcgg\u0151 t\u00e1rsadalmi, term\u00e9szeti-k\u00f6rnyezeti alap- \u00e9s alkalmazott kutat\u00e1sokra, szabadalmakra<\/strong> is.<\/p>\n<p style='text-align: justify;'>20. Az 1980-as \u00e9vek elej\u00e9n kialak\u00edtott &#8211; 7 nagyt\u00e1jat \u00e9s 35 k\u00f6rzetet meghat\u00e1roz\u00f3 &#8211; agro\u00f6kol\u00f3giai potenci\u00e1l alapj\u00e1n <strong>c\u00e9lszer\u0171 \u00e1ttekinteni \u00e9s \u00fajra \u00e9rt\u00e9kelni term\u00e9szeti adotts\u00e1gainkat, az \u00f6kosziszt\u00e9ma-szolg\u00e1ltat\u00e1sainkat<\/strong>. Az \u00e9rt\u00e9kel\u00e9s sor\u00e1n fokozott figyelmet kell ford\u00edtani kedvez\u0151tlen \u00e9ghajlati, v\u00edzgazd\u00e1lkod\u00e1si \u00e9s \u00f6kol\u00f3giai folyamatok figyelembe v\u00e9tel\u00e9re.<\/p>\n<p style='text-align: justify;'>21. Javasoljuk, hogy a nagyobb enged\u00e9lyez\u00e9sre v\u00e1r\u00f3 biomassza er\u0151m\u0171n\u00e9l k\u00e9sz\u00fclj\u00f6n <strong>fenntarthat\u00f3s\u00e1gi szeml\u00e9let\u0171 t\u00e9rs\u00e9gi vizsg\u00e1lati elemz\u00e9s.<\/strong><\/p>\n<p style='text-align: justify;'>22. Javasoljuk, hogy a l\u00e9talapok \u00e1llapot\u00e1t, k\u00e9szleteit, meg\u00fajul\u00f3 k\u00e9pess\u00e9g\u00e9t \u00e9rint\u0151 \u00e9rint\u0151 &ndash; jelent\u0151s k\u00f6rnyezeti hat\u00e1s\u00fa &#8211; beruh\u00e1z\u00e1sok \u00e9s fejleszt\u00e9sek (pl. energetikai c\u00e9l\u00fa \u00fcltetv\u00e9nyek, \u00f6nt\u00f6z\u00e9s-fejleszt\u00e9s, mez\u0151gazdas\u00e1gi nagy\u00fczem l\u00e9tes\u00edt\u00e9se stb.) <strong>k\u00f6rnyezetv\u00e9delmi enged\u00e9lyeztet\u00e9s\u00e9nek k\u00f6telez\u0151 r\u00e9sz\u00e9t k\u00e9pezze az \u00e9letciklus-elemz\u00e9s<\/strong>.<\/p>\n<p style='text-align: justify;'>23. Javasoljuk az <strong>\u00f6kol\u00f3giai l\u00e1bnyom sz\u00e1m\u00edt\u00e1s vid\u00e9k-szempont\u00fa tov\u00e1bbfejleszt\u00e9s\u00e9t<\/strong>, valamint a j\u00f6v\u0151beli kapcsol\u00f3d\u00f3 fenntarthat\u00f3 agr\u00e1rgazdas\u00e1gi \u00e9s vid\u00e9kfejleszt\u00e9si tev\u00e9kenys\u00e9gek eset\u00e9ben annak alkalmaz\u00e1s\u00e1t.<\/p>\n<p style='text-align: justify;'>24. Javasoljuk a <strong>Vid\u00e9ki \u00e9letmin\u0151s\u00e9g Index kidolgoz\u00e1s\u00e1t<\/strong> a fenntarthat\u00f3 agr\u00e1r- \u00e9s vid\u00e9kfejleszt\u00e9s fel\u00e9 t\u00f6rt\u00e9n\u0151 elmozdul\u00e1s m\u00e9rhet\u0151s\u00e9g\u00e9nek el\u0151seg\u00edt\u00e9se \u00e9rdek\u00e9ben<\/p>\n<p style='margin-left: 30px; text-align: justify;'>a) Az agr\u00e1r- \u00e9s vid\u00e9kfejleszt\u00e9si t\u00e1mogat\u00e1sok fenntarthat\u00f3s\u00e1gi krit\u00e9riumainak r\u00e9szletes meghat\u00e1roz\u00e1sa, be\u00e9p\u00edt\u00e9s\u00fck lehet\u0151s\u00e9gei a p\u00e1ly\u00e1zati rendszerekbe<\/p>\n<p style='margin-left: 30px; text-align: justify;'>b) A ter\u00fcletfejleszt\u00e9s, a v\u00e1llalkoz\u00e1sfejleszt\u00e9s \u00e9s a vid\u00e9kfejleszt\u00e9s program- \u00e9s t\u00e1mogat\u00e1s-szint\u0171 \u00f6sszehangol\u00e1sa.<\/p>\n<p style='margin-left: 30px; text-align: justify;'>c) \u00fatmutat\u00f3 \u00e9s seg\u00e9dlet \u00f6ssze\u00e1ll\u00edt\u00e1sa a helyi fenntarthat\u00f3s\u00e1gi programok (LA-21) \u00e9s a vid\u00e9kfejleszt\u00e9si programok \u00f6sszehangol\u00e1s\u00e1ra<\/p>\n<p style='margin-left: 30px; text-align: justify;'>d) Az \u00e9ghajlatv\u00e1ltoz\u00e1si s\u00e9r\u00fcl\u00e9kenys\u00e9gen alapul\u00f3 alkalmazkod\u00e1si \u00e9s felk\u00e9sz\u00fcl\u00e9si \u00fatmutat\u00f3 a vid\u00e9kfejleszt\u00e9si programokhoz<\/p>\n<p style='margin-left: 30px; text-align: justify;'>e) A mez\u0151gazdas\u00e1gi alap\u00fa energiahordoz\u00f3k alkalmaz\u00e1s\u00e1nak fenntarthat\u00f3s\u00e1gi krit\u00e9riumai, be\u00e9p\u00edt\u00e9s\u00fck lehet\u0151s\u00e9gei a p\u00e1ly\u00e1zati rendszerekbe<\/p>\n<p style='text-align: justify;'><em><strong>f) A helyi vid\u00e9kfejleszt\u00e9s programokba a cig\u00e1ny kisebbs\u00e9g beilleszked\u00e9s\u00e9t seg\u00edt\u0151 &ndash; v\u00e1ltozatos c\u00e9l \u00e9s eszk\u00f6zrendszer\u0171 &ndash; programoz\u00e1si seg\u00e9dlet kidolgoz\u00e1sa<\/strong><br \/><\/em><\/p>\n<p><strong><br \/><\/strong><\/p>","protected":false},"excerpt":{"rendered":"<p>A Nemzeti Fenntarthat\u00f3 Fejl\u0151d\u00e9si Tan\u00e1cs kezdem\u00e9nyez\u00e9sre az Orsz\u00e1ggy\u0171l\u00e9s Hivatala \u201e<em>Tanulm\u00e1nyok k\u00e9sz\u00edt\u00e9se a Nemzeti Fenntarthat\u00f3 Fejl\u0151d\u00e9si Strat\u00e9gia kidolgoz\u00e1s\u00e1hoz (384\/2009)<\/em>&#8216; c\u00edmmel 2009. decemberben ny\u00edlt k\u00f6zbeszerz\u00e9si elj\u00e1r\u00e1st ind\u00edtott, t\u00f6bbek k\u00f6z\u00f6tt <strong>az agr\u00e1r-\u00e9s vid\u00e9kstrat\u00e9gia ir\u00e1nyainak kidolgoz\u00e1s\u00e1ra \u00e9s megalapoz\u00e1s\u00e1ra a fenntarthat\u00f3 fejl\u0151d\u00e9s k\u00f6vetelm\u00e9nyeinek figyelembev\u00e9tel\u00e9vel<\/strong>.<\/p>","protected":false},"author":1,"featured_media":499,"comment_status":"closed","ping_status":"open","sticky":false,"template":"","format":"standard","meta":{"footnotes":""},"categories":[3],"tags":[],"class_list":["post-33","post","type-post","status-publish","format-standard","has-post-thumbnail","hentry","category-hirek"],"yoast_head":"<!-- This site is optimized with the Yoast SEO plugin v23.9 - https:\/\/yoast.com\/wordpress\/plugins\/seo\/ -->\n<title>Fenntarthat\u00f3 vid\u00e9k- \u00e9s agr\u00e1rstrat\u00e9gia ir\u00e1nyainak kidolgoz\u00e1sa a Nemzeti Fenntarthat\u00f3 Fejl\u0151d\u00e9si Strat\u00e9gia megalapoz\u00e1s\u00e1hoz - Env-in-Cent<\/title>\n<meta name=\"robots\" content=\"noindex, follow, max-snippet:-1, max-image-preview:large, max-video-preview:-1\" \/>\n<meta property=\"og:locale\" content=\"en_GB\" \/>\n<meta property=\"og:type\" content=\"article\" \/>\n<meta property=\"og:title\" content=\"Fenntarthat\u00f3 vid\u00e9k- \u00e9s agr\u00e1rstrat\u00e9gia ir\u00e1nyainak kidolgoz\u00e1sa a Nemzeti Fenntarthat\u00f3 Fejl\u0151d\u00e9si Strat\u00e9gia megalapoz\u00e1s\u00e1hoz - Env-in-Cent\" \/>\n<meta property=\"og:description\" content=\"A Nemzeti Fenntarthat\u00f3 Fejl\u0151d\u00e9si Tan\u00e1cs kezdem\u00e9nyez\u00e9sre az Orsz\u00e1ggy\u0171l\u00e9s Hivatala \u201eTanulm\u00e1nyok k\u00e9sz\u00edt\u00e9se a Nemzeti Fenntarthat\u00f3 Fejl\u0151d\u00e9si Strat\u00e9gia kidolgoz\u00e1s\u00e1hoz (384\/2009)&#039; c\u00edmmel 2009. decemberben ny\u00edlt k\u00f6zbeszerz\u00e9si elj\u00e1r\u00e1st ind\u00edtott, t\u00f6bbek k\u00f6z\u00f6tt az agr\u00e1r-\u00e9s vid\u00e9kstrat\u00e9gia ir\u00e1nyainak kidolgoz\u00e1s\u00e1ra \u00e9s megalapoz\u00e1s\u00e1ra a fenntarthat\u00f3 fejl\u0151d\u00e9s k\u00f6vetelm\u00e9nyeinek figyelembev\u00e9tel\u00e9vel.\" \/>\n<meta property=\"og:url\" content=\"https:\/\/env-in-cent.hu\/en\/2010\/05\/04\/fenntarthato-videk-es-agrarstrategia-iranyainak-kidolgozasa-a-nemzeti-fenntarthato-fejlodesi-strategia-megalapozasahoz\/\" \/>\n<meta property=\"og:site_name\" content=\"Env-in-Cent\" \/>\n<meta property=\"article:published_time\" content=\"2010-05-04T12:08:00+00:00\" \/>\n<meta property=\"article:modified_time\" content=\"2024-12-04T16:22:09+00:00\" \/>\n<meta property=\"og:image\" content=\"https:\/\/env-in-cent.hu\/wp-content\/uploads\/2013\/05\/hir1.jpg\" \/>\n\t<meta property=\"og:image:width\" content=\"127\" \/>\n\t<meta property=\"og:image:height\" content=\"84\" \/>\n\t<meta property=\"og:image:type\" content=\"image\/jpeg\" \/>\n<meta name=\"author\" content=\"wpadmin\" \/>\n<meta name=\"twitter:card\" content=\"summary_large_image\" \/>\n<meta name=\"twitter:label1\" content=\"Written by\" \/>\n\t<meta name=\"twitter:data1\" content=\"wpadmin\" \/>\n\t<meta name=\"twitter:label2\" content=\"Estimated reading time\" \/>\n\t<meta name=\"twitter:data2\" content=\"10 minutes\" \/>\n<script type=\"application\/ld+json\" class=\"yoast-schema-graph\">{\"@context\":\"https:\/\/schema.org\",\"@graph\":[{\"@type\":\"Article\",\"@id\":\"https:\/\/env-in-cent.hu\/2010\/05\/04\/fenntarthato-videk-es-agrarstrategia-iranyainak-kidolgozasa-a-nemzeti-fenntarthato-fejlodesi-strategia-megalapozasahoz\/#article\",\"isPartOf\":{\"@id\":\"https:\/\/env-in-cent.hu\/2010\/05\/04\/fenntarthato-videk-es-agrarstrategia-iranyainak-kidolgozasa-a-nemzeti-fenntarthato-fejlodesi-strategia-megalapozasahoz\/\"},\"author\":{\"name\":\"wpadmin\",\"@id\":\"https:\/\/env-in-cent.hu\/#\/schema\/person\/08a7dac74c2fe21558e1c2d5031c2286\"},\"headline\":\"Fenntarthat\u00f3 vid\u00e9k- \u00e9s agr\u00e1rstrat\u00e9gia ir\u00e1nyainak kidolgoz\u00e1sa a Nemzeti Fenntarthat\u00f3 Fejl\u0151d\u00e9si Strat\u00e9gia megalapoz\u00e1s\u00e1hoz\",\"datePublished\":\"2010-05-04T12:08:00+00:00\",\"dateModified\":\"2024-12-04T16:22:09+00:00\",\"mainEntityOfPage\":{\"@id\":\"https:\/\/env-in-cent.hu\/2010\/05\/04\/fenntarthato-videk-es-agrarstrategia-iranyainak-kidolgozasa-a-nemzeti-fenntarthato-fejlodesi-strategia-megalapozasahoz\/\"},\"wordCount\":3041,\"publisher\":{\"@id\":\"https:\/\/env-in-cent.hu\/#organization\"},\"image\":{\"@id\":\"https:\/\/env-in-cent.hu\/2010\/05\/04\/fenntarthato-videk-es-agrarstrategia-iranyainak-kidolgozasa-a-nemzeti-fenntarthato-fejlodesi-strategia-megalapozasahoz\/#primaryimage\"},\"thumbnailUrl\":\"https:\/\/env-in-cent.hu\/wp-content\/uploads\/2013\/05\/hir1.jpg\",\"articleSection\":[\"H\u00edrek\"],\"inLanguage\":\"en-GB\"},{\"@type\":\"WebPage\",\"@id\":\"https:\/\/env-in-cent.hu\/2010\/05\/04\/fenntarthato-videk-es-agrarstrategia-iranyainak-kidolgozasa-a-nemzeti-fenntarthato-fejlodesi-strategia-megalapozasahoz\/\",\"url\":\"https:\/\/env-in-cent.hu\/2010\/05\/04\/fenntarthato-videk-es-agrarstrategia-iranyainak-kidolgozasa-a-nemzeti-fenntarthato-fejlodesi-strategia-megalapozasahoz\/\",\"name\":\"Fenntarthat\u00f3 vid\u00e9k- \u00e9s agr\u00e1rstrat\u00e9gia ir\u00e1nyainak kidolgoz\u00e1sa a Nemzeti Fenntarthat\u00f3 Fejl\u0151d\u00e9si Strat\u00e9gia megalapoz\u00e1s\u00e1hoz - Env-in-Cent\",\"isPartOf\":{\"@id\":\"https:\/\/env-in-cent.hu\/#website\"},\"primaryImageOfPage\":{\"@id\":\"https:\/\/env-in-cent.hu\/2010\/05\/04\/fenntarthato-videk-es-agrarstrategia-iranyainak-kidolgozasa-a-nemzeti-fenntarthato-fejlodesi-strategia-megalapozasahoz\/#primaryimage\"},\"image\":{\"@id\":\"https:\/\/env-in-cent.hu\/2010\/05\/04\/fenntarthato-videk-es-agrarstrategia-iranyainak-kidolgozasa-a-nemzeti-fenntarthato-fejlodesi-strategia-megalapozasahoz\/#primaryimage\"},\"thumbnailUrl\":\"https:\/\/env-in-cent.hu\/wp-content\/uploads\/2013\/05\/hir1.jpg\",\"datePublished\":\"2010-05-04T12:08:00+00:00\",\"dateModified\":\"2024-12-04T16:22:09+00:00\",\"breadcrumb\":{\"@id\":\"https:\/\/env-in-cent.hu\/2010\/05\/04\/fenntarthato-videk-es-agrarstrategia-iranyainak-kidolgozasa-a-nemzeti-fenntarthato-fejlodesi-strategia-megalapozasahoz\/#breadcrumb\"},\"inLanguage\":\"en-GB\",\"potentialAction\":[{\"@type\":\"ReadAction\",\"target\":[\"https:\/\/env-in-cent.hu\/2010\/05\/04\/fenntarthato-videk-es-agrarstrategia-iranyainak-kidolgozasa-a-nemzeti-fenntarthato-fejlodesi-strategia-megalapozasahoz\/\"]}]},{\"@type\":\"ImageObject\",\"inLanguage\":\"en-GB\",\"@id\":\"https:\/\/env-in-cent.hu\/2010\/05\/04\/fenntarthato-videk-es-agrarstrategia-iranyainak-kidolgozasa-a-nemzeti-fenntarthato-fejlodesi-strategia-megalapozasahoz\/#primaryimage\",\"url\":\"https:\/\/env-in-cent.hu\/wp-content\/uploads\/2013\/05\/hir1.jpg\",\"contentUrl\":\"https:\/\/env-in-cent.hu\/wp-content\/uploads\/2013\/05\/hir1.jpg\",\"width\":127,\"height\":84},{\"@type\":\"BreadcrumbList\",\"@id\":\"https:\/\/env-in-cent.hu\/2010\/05\/04\/fenntarthato-videk-es-agrarstrategia-iranyainak-kidolgozasa-a-nemzeti-fenntarthato-fejlodesi-strategia-megalapozasahoz\/#breadcrumb\",\"itemListElement\":[{\"@type\":\"ListItem\",\"position\":1,\"name\":\"Kezd\u0151lap\",\"item\":\"https:\/\/env-in-cent.hu\/\"},{\"@type\":\"ListItem\",\"position\":2,\"name\":\"Fenntarthat\u00f3 vid\u00e9k- \u00e9s agr\u00e1rstrat\u00e9gia ir\u00e1nyainak kidolgoz\u00e1sa a Nemzeti Fenntarthat\u00f3 Fejl\u0151d\u00e9si Strat\u00e9gia megalapoz\u00e1s\u00e1hoz\"}]},{\"@type\":\"WebSite\",\"@id\":\"https:\/\/env-in-cent.hu\/#website\",\"url\":\"https:\/\/env-in-cent.hu\/\",\"name\":\"Env-in-Cent\",\"description\":\"Env-in-Cent K\u00f6rnyezetv\u00e9delmi Tan\u00e1csad\u00f3 Iroda Kft.\",\"publisher\":{\"@id\":\"https:\/\/env-in-cent.hu\/#organization\"},\"potentialAction\":[{\"@type\":\"SearchAction\",\"target\":{\"@type\":\"EntryPoint\",\"urlTemplate\":\"https:\/\/env-in-cent.hu\/?s={search_term_string}\"},\"query-input\":{\"@type\":\"PropertyValueSpecification\",\"valueRequired\":true,\"valueName\":\"search_term_string\"}}],\"inLanguage\":\"en-GB\"},{\"@type\":\"Organization\",\"@id\":\"https:\/\/env-in-cent.hu\/#organization\",\"name\":\"Env-in-Cent\",\"url\":\"https:\/\/env-in-cent.hu\/\",\"logo\":{\"@type\":\"ImageObject\",\"inLanguage\":\"en-GB\",\"@id\":\"https:\/\/env-in-cent.hu\/#\/schema\/logo\/image\/\",\"url\":\"https:\/\/env-in-cent.hu\/wp-content\/uploads\/2024\/11\/logo.jpg\",\"contentUrl\":\"https:\/\/env-in-cent.hu\/wp-content\/uploads\/2024\/11\/logo.jpg\",\"width\":170,\"height\":62,\"caption\":\"Env-in-Cent\"},\"image\":{\"@id\":\"https:\/\/env-in-cent.hu\/#\/schema\/logo\/image\/\"}},{\"@type\":\"Person\",\"@id\":\"https:\/\/env-in-cent.hu\/#\/schema\/person\/08a7dac74c2fe21558e1c2d5031c2286\",\"name\":\"wpadmin\",\"image\":{\"@type\":\"ImageObject\",\"inLanguage\":\"en-GB\",\"@id\":\"https:\/\/env-in-cent.hu\/#\/schema\/person\/image\/\",\"url\":\"https:\/\/secure.gravatar.com\/avatar\/53a24cf06dbef3f89a60c98c61552040977719f05381b5a07034a7748ee6e029?s=96&d=mm&r=g\",\"contentUrl\":\"https:\/\/secure.gravatar.com\/avatar\/53a24cf06dbef3f89a60c98c61552040977719f05381b5a07034a7748ee6e029?s=96&d=mm&r=g\",\"caption\":\"wpadmin\"},\"sameAs\":[\"https:\/\/env-in-cent.hu\"],\"url\":\"https:\/\/env-in-cent.hu\/en\/author\/wpadmin\/\"}]}<\/script>\n<!-- \/ Yoast SEO plugin. -->","yoast_head_json":{"title":"Fenntarthat\u00f3 vid\u00e9k- \u00e9s agr\u00e1rstrat\u00e9gia ir\u00e1nyainak kidolgoz\u00e1sa a Nemzeti Fenntarthat\u00f3 Fejl\u0151d\u00e9si Strat\u00e9gia megalapoz\u00e1s\u00e1hoz - Env-in-Cent","robots":{"index":"noindex","follow":"follow","max-snippet":"max-snippet:-1","max-image-preview":"max-image-preview:large","max-video-preview":"max-video-preview:-1"},"og_locale":"en_GB","og_type":"article","og_title":"Fenntarthat\u00f3 vid\u00e9k- \u00e9s agr\u00e1rstrat\u00e9gia ir\u00e1nyainak kidolgoz\u00e1sa a Nemzeti Fenntarthat\u00f3 Fejl\u0151d\u00e9si Strat\u00e9gia megalapoz\u00e1s\u00e1hoz - Env-in-Cent","og_description":"A Nemzeti Fenntarthat\u00f3 Fejl\u0151d\u00e9si Tan\u00e1cs kezdem\u00e9nyez\u00e9sre az Orsz\u00e1ggy\u0171l\u00e9s Hivatala \u201eTanulm\u00e1nyok k\u00e9sz\u00edt\u00e9se a Nemzeti Fenntarthat\u00f3 Fejl\u0151d\u00e9si Strat\u00e9gia kidolgoz\u00e1s\u00e1hoz (384\/2009)' c\u00edmmel 2009. decemberben ny\u00edlt k\u00f6zbeszerz\u00e9si elj\u00e1r\u00e1st ind\u00edtott, t\u00f6bbek k\u00f6z\u00f6tt az agr\u00e1r-\u00e9s vid\u00e9kstrat\u00e9gia ir\u00e1nyainak kidolgoz\u00e1s\u00e1ra \u00e9s megalapoz\u00e1s\u00e1ra a fenntarthat\u00f3 fejl\u0151d\u00e9s k\u00f6vetelm\u00e9nyeinek figyelembev\u00e9tel\u00e9vel.","og_url":"https:\/\/env-in-cent.hu\/en\/2010\/05\/04\/fenntarthato-videk-es-agrarstrategia-iranyainak-kidolgozasa-a-nemzeti-fenntarthato-fejlodesi-strategia-megalapozasahoz\/","og_site_name":"Env-in-Cent","article_published_time":"2010-05-04T12:08:00+00:00","article_modified_time":"2024-12-04T16:22:09+00:00","og_image":[{"width":127,"height":84,"url":"https:\/\/env-in-cent.hu\/wp-content\/uploads\/2013\/05\/hir1.jpg","type":"image\/jpeg"}],"author":"wpadmin","twitter_card":"summary_large_image","twitter_misc":{"Written by":"wpadmin","Estimated reading time":"10 minutes"},"schema":{"@context":"https:\/\/schema.org","@graph":[{"@type":"Article","@id":"https:\/\/env-in-cent.hu\/2010\/05\/04\/fenntarthato-videk-es-agrarstrategia-iranyainak-kidolgozasa-a-nemzeti-fenntarthato-fejlodesi-strategia-megalapozasahoz\/#article","isPartOf":{"@id":"https:\/\/env-in-cent.hu\/2010\/05\/04\/fenntarthato-videk-es-agrarstrategia-iranyainak-kidolgozasa-a-nemzeti-fenntarthato-fejlodesi-strategia-megalapozasahoz\/"},"author":{"name":"wpadmin","@id":"https:\/\/env-in-cent.hu\/#\/schema\/person\/08a7dac74c2fe21558e1c2d5031c2286"},"headline":"Fenntarthat\u00f3 vid\u00e9k- \u00e9s agr\u00e1rstrat\u00e9gia ir\u00e1nyainak kidolgoz\u00e1sa a Nemzeti Fenntarthat\u00f3 Fejl\u0151d\u00e9si Strat\u00e9gia megalapoz\u00e1s\u00e1hoz","datePublished":"2010-05-04T12:08:00+00:00","dateModified":"2024-12-04T16:22:09+00:00","mainEntityOfPage":{"@id":"https:\/\/env-in-cent.hu\/2010\/05\/04\/fenntarthato-videk-es-agrarstrategia-iranyainak-kidolgozasa-a-nemzeti-fenntarthato-fejlodesi-strategia-megalapozasahoz\/"},"wordCount":3041,"publisher":{"@id":"https:\/\/env-in-cent.hu\/#organization"},"image":{"@id":"https:\/\/env-in-cent.hu\/2010\/05\/04\/fenntarthato-videk-es-agrarstrategia-iranyainak-kidolgozasa-a-nemzeti-fenntarthato-fejlodesi-strategia-megalapozasahoz\/#primaryimage"},"thumbnailUrl":"https:\/\/env-in-cent.hu\/wp-content\/uploads\/2013\/05\/hir1.jpg","articleSection":["H\u00edrek"],"inLanguage":"en-GB"},{"@type":"WebPage","@id":"https:\/\/env-in-cent.hu\/2010\/05\/04\/fenntarthato-videk-es-agrarstrategia-iranyainak-kidolgozasa-a-nemzeti-fenntarthato-fejlodesi-strategia-megalapozasahoz\/","url":"https:\/\/env-in-cent.hu\/2010\/05\/04\/fenntarthato-videk-es-agrarstrategia-iranyainak-kidolgozasa-a-nemzeti-fenntarthato-fejlodesi-strategia-megalapozasahoz\/","name":"Fenntarthat\u00f3 vid\u00e9k- \u00e9s agr\u00e1rstrat\u00e9gia ir\u00e1nyainak kidolgoz\u00e1sa a Nemzeti Fenntarthat\u00f3 Fejl\u0151d\u00e9si Strat\u00e9gia megalapoz\u00e1s\u00e1hoz - Env-in-Cent","isPartOf":{"@id":"https:\/\/env-in-cent.hu\/#website"},"primaryImageOfPage":{"@id":"https:\/\/env-in-cent.hu\/2010\/05\/04\/fenntarthato-videk-es-agrarstrategia-iranyainak-kidolgozasa-a-nemzeti-fenntarthato-fejlodesi-strategia-megalapozasahoz\/#primaryimage"},"image":{"@id":"https:\/\/env-in-cent.hu\/2010\/05\/04\/fenntarthato-videk-es-agrarstrategia-iranyainak-kidolgozasa-a-nemzeti-fenntarthato-fejlodesi-strategia-megalapozasahoz\/#primaryimage"},"thumbnailUrl":"https:\/\/env-in-cent.hu\/wp-content\/uploads\/2013\/05\/hir1.jpg","datePublished":"2010-05-04T12:08:00+00:00","dateModified":"2024-12-04T16:22:09+00:00","breadcrumb":{"@id":"https:\/\/env-in-cent.hu\/2010\/05\/04\/fenntarthato-videk-es-agrarstrategia-iranyainak-kidolgozasa-a-nemzeti-fenntarthato-fejlodesi-strategia-megalapozasahoz\/#breadcrumb"},"inLanguage":"en-GB","potentialAction":[{"@type":"ReadAction","target":["https:\/\/env-in-cent.hu\/2010\/05\/04\/fenntarthato-videk-es-agrarstrategia-iranyainak-kidolgozasa-a-nemzeti-fenntarthato-fejlodesi-strategia-megalapozasahoz\/"]}]},{"@type":"ImageObject","inLanguage":"en-GB","@id":"https:\/\/env-in-cent.hu\/2010\/05\/04\/fenntarthato-videk-es-agrarstrategia-iranyainak-kidolgozasa-a-nemzeti-fenntarthato-fejlodesi-strategia-megalapozasahoz\/#primaryimage","url":"https:\/\/env-in-cent.hu\/wp-content\/uploads\/2013\/05\/hir1.jpg","contentUrl":"https:\/\/env-in-cent.hu\/wp-content\/uploads\/2013\/05\/hir1.jpg","width":127,"height":84},{"@type":"BreadcrumbList","@id":"https:\/\/env-in-cent.hu\/2010\/05\/04\/fenntarthato-videk-es-agrarstrategia-iranyainak-kidolgozasa-a-nemzeti-fenntarthato-fejlodesi-strategia-megalapozasahoz\/#breadcrumb","itemListElement":[{"@type":"ListItem","position":1,"name":"Kezd\u0151lap","item":"https:\/\/env-in-cent.hu\/"},{"@type":"ListItem","position":2,"name":"Fenntarthat\u00f3 vid\u00e9k- \u00e9s agr\u00e1rstrat\u00e9gia ir\u00e1nyainak kidolgoz\u00e1sa a Nemzeti Fenntarthat\u00f3 Fejl\u0151d\u00e9si Strat\u00e9gia megalapoz\u00e1s\u00e1hoz"}]},{"@type":"WebSite","@id":"https:\/\/env-in-cent.hu\/#website","url":"https:\/\/env-in-cent.hu\/","name":"Env-in-Cent","description":"Env-in-Cent K\u00f6rnyezetv\u00e9delmi Tan\u00e1csad\u00f3 Iroda Kft.","publisher":{"@id":"https:\/\/env-in-cent.hu\/#organization"},"potentialAction":[{"@type":"SearchAction","target":{"@type":"EntryPoint","urlTemplate":"https:\/\/env-in-cent.hu\/?s={search_term_string}"},"query-input":{"@type":"PropertyValueSpecification","valueRequired":true,"valueName":"search_term_string"}}],"inLanguage":"en-GB"},{"@type":"Organization","@id":"https:\/\/env-in-cent.hu\/#organization","name":"Env-in-Cent","url":"https:\/\/env-in-cent.hu\/","logo":{"@type":"ImageObject","inLanguage":"en-GB","@id":"https:\/\/env-in-cent.hu\/#\/schema\/logo\/image\/","url":"https:\/\/env-in-cent.hu\/wp-content\/uploads\/2024\/11\/logo.jpg","contentUrl":"https:\/\/env-in-cent.hu\/wp-content\/uploads\/2024\/11\/logo.jpg","width":170,"height":62,"caption":"Env-in-Cent"},"image":{"@id":"https:\/\/env-in-cent.hu\/#\/schema\/logo\/image\/"}},{"@type":"Person","@id":"https:\/\/env-in-cent.hu\/#\/schema\/person\/08a7dac74c2fe21558e1c2d5031c2286","name":"wpadmin","image":{"@type":"ImageObject","inLanguage":"en-GB","@id":"https:\/\/env-in-cent.hu\/#\/schema\/person\/image\/","url":"https:\/\/secure.gravatar.com\/avatar\/53a24cf06dbef3f89a60c98c61552040977719f05381b5a07034a7748ee6e029?s=96&d=mm&r=g","contentUrl":"https:\/\/secure.gravatar.com\/avatar\/53a24cf06dbef3f89a60c98c61552040977719f05381b5a07034a7748ee6e029?s=96&d=mm&r=g","caption":"wpadmin"},"sameAs":["https:\/\/env-in-cent.hu"],"url":"https:\/\/env-in-cent.hu\/en\/author\/wpadmin\/"}]}},"_links":{"self":[{"href":"https:\/\/env-in-cent.hu\/en\/wp-json\/wp\/v2\/posts\/33","targetHints":{"allow":["GET"]}}],"collection":[{"href":"https:\/\/env-in-cent.hu\/en\/wp-json\/wp\/v2\/posts"}],"about":[{"href":"https:\/\/env-in-cent.hu\/en\/wp-json\/wp\/v2\/types\/post"}],"author":[{"embeddable":true,"href":"https:\/\/env-in-cent.hu\/en\/wp-json\/wp\/v2\/users\/1"}],"replies":[{"embeddable":true,"href":"https:\/\/env-in-cent.hu\/en\/wp-json\/wp\/v2\/comments?post=33"}],"version-history":[{"count":2,"href":"https:\/\/env-in-cent.hu\/en\/wp-json\/wp\/v2\/posts\/33\/revisions"}],"predecessor-version":[{"id":512,"href":"https:\/\/env-in-cent.hu\/en\/wp-json\/wp\/v2\/posts\/33\/revisions\/512"}],"wp:featuredmedia":[{"embeddable":true,"href":"https:\/\/env-in-cent.hu\/en\/wp-json\/wp\/v2\/media\/499"}],"wp:attachment":[{"href":"https:\/\/env-in-cent.hu\/en\/wp-json\/wp\/v2\/media?parent=33"}],"wp:term":[{"taxonomy":"category","embeddable":true,"href":"https:\/\/env-in-cent.hu\/en\/wp-json\/wp\/v2\/categories?post=33"},{"taxonomy":"post_tag","embeddable":true,"href":"https:\/\/env-in-cent.hu\/en\/wp-json\/wp\/v2\/tags?post=33"}],"curies":[{"name":"wp","href":"https:\/\/api.w.org\/{rel}","templated":true}]}}