{"id":31,"date":"2011-04-01T13:30:00","date_gmt":"2011-04-01T13:30:00","guid":{"rendered":"https:\/\/env-in-cent.hu\/?p=31"},"modified":"2024-12-04T16:21:00","modified_gmt":"2024-12-04T16:21:00","slug":"a-termeszeti-eroforrasok-fenntartasa-a-termeszeti-eroforrasok-allapota-a-karpat-medenceben-azok-fenntarthato-hasznositasat-befolyasolo-hajtoerok-feltarasa-a-nemzeti-fenntarthato-fejlodesi-strategia","status":"publish","type":"post","link":"https:\/\/env-in-cent.hu\/en\/2011\/04\/01\/a-termeszeti-eroforrasok-fenntartasa-a-termeszeti-eroforrasok-allapota-a-karpat-medenceben-azok-fenntarthato-hasznositasat-befolyasolo-hajtoerok-feltarasa-a-nemzeti-fenntarthato-fejlodesi-strategia\/","title":{"rendered":"A term\u00e9szeti er\u0151forr\u00e1sok fenntart\u00e1sa: a term\u00e9szeti er\u0151forr\u00e1sok \u00e1llapota a K\u00e1rp\u00e1t-medenc\u00e9ben, azok fenntarthat\u00f3 hasznos\u00edt\u00e1s\u00e1t befoly\u00e1sol\u00f3 hajt\u00f3er\u0151k felt\u00e1r\u00e1sa a Nemzeti Fenntarthat\u00f3 Fejl\u0151d\u00e9si Strat\u00e9gia megalapoz\u00e1s\u00e1hoz"},"content":{"rendered":"<h3 style='text-align: justify;'>A tanulm\u00e1ny tartalmi \u00f6sszefoglal\u00f3ja<\/h3>\n<p style='text-align: justify;'>Az Env-in-Cent Kft. munkat\u00e1rsai \u00e9s szak\u00e9rt\u0151i (Dr. P\u00e1lv\u00f6lgyi Tam\u00e1s, Dr. Csete M\u00e1ria; Harazin Piroska, Szendr\u0151 G\u00e1bor) a Nemzeti Fenntarthat\u00f3 Fejl\u0151d\u00e9s Tan\u00e1cs\u00e1nak felk\u00e9r\u00e9s\u00e9re tanulm\u00e1nyt k\u00e9sz\u00edtett a hazai term\u00e9szeti er\u0151forr\u00e1sok \u00e1llapot\u00e1r\u00f3l, illetve az azt befoly\u00e1sol\u00f3 hajt\u00f3er\u0151kr\u0151l.<\/p>\n<p style='text-align: justify;'>A <strong>tanulm\u00e1ny \u00e1tfog\u00f3 c\u00e9lja<\/strong> a term\u00e9szeti er\u0151forr\u00e1sok \u00e1llapot\u00e1nak vizsg\u00e1lata a K\u00e1rp\u00e1t-medenc\u00e9ben, azok fenntarthat\u00f3 hasznos\u00edt\u00e1s\u00e1t befoly\u00e1sol\u00f3 hajt\u00f3er\u0151k felt\u00e1r\u00e1sa, valamint az \u00e9ghajlatv\u00e1ltoz\u00e1s v\u00e1rhat\u00f3 hat\u00e1sainak becsl\u00e9se \u00e9s a felk\u00e9sz\u00fcl\u00e9s, alkalmazkod\u00e1s lehet\u0151s\u00e9geinek \u00e1ltal\u00e1nos \u00e9rt\u00e9kel\u00e9se. Megk\u00f6zel\u00edt\u00e9s\u00fcnkben <strong>a term\u00e9szeti er\u0151forr\u00e1sokat a n\u00e9gy t\u0151keelem (gazdas\u00e1gi, t\u00e1rsadalmi, term\u00e9szeti \u00e9s hum\u00e1n t\u0151ke) egyik\u00e9nek tekintj\u00fck<\/strong>, amely a t\u00e1rsadalom \u00e9s a gazdas\u00e1g&nbsp;&ndash;&nbsp;hosszabb t\u00e1von hat\u00f3&nbsp;&ndash;&nbsp;m\u0171k\u00f6d\u00e9si felt\u00e9telek\u00e9nt hat\u00e1rozhat\u00f3 meg. E szeml\u00e9leti megk\u00f6zel\u00edt\u00e9sben p\u00e9ld\u00e1ul a term\u00e9szeti er\u0151forr\u00e1sok kiakn\u00e1z\u00e1sa ugyan r\u00f6vidt\u00e1von jav\u00edthatja a gazdas\u00e1gi teljes\u00edtm\u00e9nyt (pl. n\u00f6velheti a GDP-t), \u00e1m ezzel&nbsp;&ndash;&nbsp;ak\u00e1r a f\u00f6ldrajzi t\u00e9rben ak\u00e1r az id\u0151ben eltolva&nbsp;&ndash;&nbsp;a t\u00e1rsadalmi j\u00f3l\u00e9t \u00e9s az emberek j\u00f3ll\u00e9te egyar\u00e1nt cs\u00f6kkenhet.<\/p>\n<p style='text-align: justify;'>A tanulm\u00e1ny <strong>els\u0151 fejezet\u00e9ben<\/strong> a term\u00e9szeti er\u0151forr\u00e1sokkal kapcsolatos helyzet\u00e9rt\u00e9kel\u00e9st mutatjuk be, melynek c\u00e9lja, <strong>hogy a term\u00e9szeti er\u0151forr\u00e1sokhoz kapcsol\u00f3d\u00f3 f\u0151bb hajt\u00f3er\u0151k, tendenci\u00e1k azonos\u00edt\u00e1s\u00e1val <\/strong>viszony\u00edt\u00e1si pontk\u00e9nt szolg\u00e1ljon a Nemzeti Fenntarthat\u00f3s\u00e1gi Strat\u00e9gia (NFS) priorit\u00e1sainak \u00e9s c\u00e9lrendszer\u00e9nek meghat\u00e1roz\u00e1s\u00e1hoz. A helyzet\u00e9rt\u00e9kel\u00e9snek nem a term\u00e9szeti er\u0151forr\u00e1sok \u00e1llapot\u00e1nak teljes k\u00f6r\u0171 \u00e9rt\u00e9kel\u00e9se a c\u00e9lja, hanem&nbsp;&ndash;&nbsp;a szakirodalomban megjelent elemz\u00e9sek alapj\u00e1n&nbsp;&ndash;&nbsp;<strong>els\u0151sorban t\u00e1gabb \u00f6sszef\u00fcgg\u00e9sekre k\u00edv\u00e1n r\u00e1vil\u00e1g\u00edtani<\/strong>. B\u00e1r t\u00f6reksz\u00fcnk a jelens\u00e9gek DPSIR indik\u00e1torokkal val\u00f3 jellemz\u00e9s\u00e9re&nbsp;&ndash;&nbsp;azonban <strong>nem k\u00edv\u00e1njuk &bdquo;m\u00e9rni a m\u00e9rhetetlent&rdquo;<\/strong>. A helyzet\u00e9rt\u00e9kel\u00e9sben a rendelkez\u00e9sre \u00e1ll\u00f3 indik\u00e1torok alapj\u00e1n a <strong>m\u00e9lyebb \u00f6sszef\u00fcgg\u00e9sekre, a mutat\u00f3sz\u00e1mok m\u00f6g\u00f6tt rejl\u0151 jelens\u00e9gekre, tendenci\u00e1kra, hosszabb t\u00e1v\u00fa nemzetstrat\u00e9giai vonatkoz\u00e1sokra<\/strong> k\u00edv\u00e1njuk r\u00e1ir\u00e1ny\u00edtani a figyelmet.<\/p>\n<p style='text-align: justify;'>A tanulm\u00e1ny m\u00e1sodik fejezet\u00e9ben a fenntarthat\u00f3 fejl\u0151d\u00e9s kiemelt k\u00e9rd\u00e9seit a term\u00e9szeti er\u0151forr\u00e1sok helyzet\u00e9t meghat\u00e1roz\u00f3 egyes <strong>ok-okozati hat\u00e1sl\u00e1ncok<\/strong> fel\u0151l k\u00f6zel\u00edtj\u00fck. Vizsg\u00e1ljuk a t\u00e1rsadalmi \u00e9s \u00f6kol\u00f3giai k\u00f6z\u00e9rdek\u0171s\u00e9get, a fenntarthat\u00f3s\u00e1g \u00e9s a versenyk\u00e9pess\u00e9g \u00f6sszef\u00fcgg\u00e9seit, valamint a fenntarthat\u00f3s\u00e1g \u00e9s az emberi j\u00f3ll\u00e9t, valamint a t\u00e1rsadalmi j\u00f3l\u00e9t viszonyrendszer\u00e9t. Elemezz\u00fck a term\u00e9szeti er\u0151forr\u00e1sok hasznos\u00edt\u00e1s\u00e1val \u00e9s a fenntarthat\u00f3s\u00e1ggal kapcsolatos <strong>t\u00e1rsadalmi-gazdas\u00e1gi hajt\u00f3er\u0151ket<\/strong>, k\u00eds\u00e9rletet tesz\u00fcnk a fenntarthat\u00f3 telep\u00fcl\u00e9s \u00e9s vid\u00e9kfejleszt\u00e9s fenntarthat\u00f3s\u00e1gi krit\u00e9riumainak meghat\u00e1roz\u00e1s\u00e1ra, valamint ez alapj\u00e1n egy \u00e1tfog\u00f3 telep\u00fcl\u00e9s \u00e9s vid\u00e9kfejleszt\u00e9si <strong>fenntarthat\u00f3s\u00e1gi \u00e9rt\u00e9krend<\/strong> meghat\u00e1roz\u00e1s\u00e1ra. Vizsg\u00e1ljuk a term\u00e9szeti er\u0151forr\u00e1sok hossz\u00fa t\u00e1v\u00fa meg\u00f3v\u00e1s\u00e1t szolg\u00e1l\u00f3, azt a piaci \u00e9rdekek el\u00e9 helyez\u0151 &bdquo;szigor\u00fa fenntarthat\u00f3s\u00e1g&rdquo; megval\u00f3s\u00edthat\u00f3s\u00e1g\u00e1t, illetve a fenntarthat\u00f3s\u00e1g fel\u00e9 val\u00f3 \u00e1tmenet egyes m\u00e9rf\u00f6ldk\u00f6veit (pl. t\u00e1rsadalmi felz\u00e1rk\u00f3ztat\u00e1s \u00e9s a gy\u00f6keres (de nem fel\u00fclr\u0151l j\u00f6v\u0151) szeml\u00e9letv\u00e1lt\u00e1s).<\/p>\n<p style='text-align: justify;'>V\u00e9g\u00fcl a <strong>harmadik fejezetben<\/strong> egy olyan objekt\u00edv alap\u00fa hat\u00e1svizsg\u00e1lati m\u00f3dszertan alkalmaz\u00e1s\u00e1t mutatjuk be, amellyel kvantitat\u00edv m\u00f3don jellemezhet\u0151 \u00e9s egym\u00e1ssal \u00f6sszehasonl\u00edthat\u00f3 egy-egy t\u00e9rs\u00e9g \u00e9ghajlatv\u00e1ltoz\u00e1ssal szemben mutatott komplex term\u00e9szeti, t\u00e1rsadalmi, gazdas\u00e1gi s\u00e9r\u00fcl\u00e9kenys\u00e9ge. A t\u00e9rs\u00e9gi kitetts\u00e9gen, \u00e9rz\u00e9kenys\u00e9gen \u00e9s alkalmazkod\u00f3k\u00e9pess\u00e9gen alapul\u00f3 \u00e9ghajlatv\u00e1ltoz\u00e1si s\u00e9r\u00fcl\u00e9kenys\u00e9g-vizsg\u00e1lat m\u00f3dszer\u00e9nek (CIVAS modell) ter\u00fcleti szinten elv\u00e9gzett hazai adapt\u00e1ci\u00f3ja sor\u00e1n t\u00f6bb ter\u00fcleti komplex indik\u00e1tort mutatunk be. A vizsg\u00e1latok c\u00e9lja, hogy azonos\u00edtsa az \u00e9ghajlatv\u00e1ltoz\u00e1s kapcs\u00e1n el\u0151revet\u00edthet\u0151 helyi szint\u0171 hat\u00e1sokat \u00e9s k\u00f6vetkezm\u00e9nyeket, mely r\u00e9v\u00e9n \u00f6sszehasonl\u00edthat\u00f3v\u00e1 v\u00e1lik a <strong>magyarorsz\u00e1gi kist\u00e9rs\u00e9gek \u00e9ghajlatv\u00e1ltoz\u00e1ssal szembeni s\u00e9r\u00fcl\u00e9kenys\u00e9ge<\/strong>. Magyarorsz\u00e1gon k\u00fcl\u00f6nb\u00f6z\u0151 term\u00e9szet\u0171, \u00e9s elt\u00e9r\u0151 okokra visszavezethet\u0151 ter\u00fcleti egyenl\u0151tlens\u00e9gek figyelhet\u0151k meg, amelyek az \u00e9ghajlatv\u00e1ltoz\u00e1s sor\u00e1n bek\u00f6vetkez\u0151 hat\u00e1sokra tov\u00e1bb m\u00e9ly\u00fclhetnek, ugyanis az egyes r\u00e9gi\u00f3k, kist\u00e9rs\u00e9gek \u00e9s a t\u00e1rsadalmi r\u00e9tegek m\u00e1s-m\u00e1s m\u00f3don \u00e9s m\u00e9rt\u00e9kben s\u00e9r\u00fcl\u00e9kenyek a v\u00e1ltoz\u00e1sokkal szemben. K\u00fcl\u00f6n\u00f6sen kedvez\u0151tlen\u00fcl \u00e9rintheti a szoci\u00e1lisan r\u00e1szorul\u00f3kat, a halmozottan h\u00e1tr\u00e1nyos helyzet\u0171 t\u00e9rs\u00e9geket \u00e9s k\u00f6z\u00f6ss\u00e9geket, \u00edgy val\u00f3sz\u00edn\u0171s\u00edthet\u0151, hogy ezek a kedvez\u0151tlen adotts\u00e1g\u00fa t\u00e9rs\u00e9gek \u00e9s a k\u00fcl\u00f6nb\u00f6z\u0151 t\u00e1rsadalmi csoportok (pl. a szeg\u00e9nyek, id\u0151sek) alkalmazkod\u00e1si \u00e9s felk\u00e9sz\u00fcl\u00e9si lehet\u0151s\u00e9gei is elt\u00e9rnek egym\u00e1st\u00f3l. <strong>\u00f6sszess\u00e9g\u00e9ben a hat\u00e1sok jelentkez\u00e9s\u00e9vel n\u0151het a ter\u00fcletek gazdas\u00e1gi differenci\u00e1lts\u00e1ga, fokoz\u00f3dhatnak a t\u00e1rsadalmi k\u00fcl\u00f6nbs\u00e9gek \u00e9s ak\u00e1r \u00fajabb s\u00falyos t\u00e1rsadalmi egyenl\u0151tlens\u00e9gek is kialakulhatnak<\/strong>.<\/p>\n<h3 style='text-align: justify;'>K\u00f6vetkeztet\u00e9sek, szakpolitikai javaslatok<\/h3>\n<p style='text-align: justify;'><strong><em>1. k\u00f6vetkeztet\u00e9s: illeszked\u00e9s egy hosszabbt\u00e1v\u00fa nemzetstrat\u00e9giai tervhez<\/em><\/strong><\/p>\n<p style='text-align: justify;'>A fenntarthat\u00f3s\u00e1g fel\u00e9 val\u00f3 \u00e1tmenet egyik alapfelt\u00e9tele, hogy <strong>illeszkedjen egy (jelenleg nem l\u00e9tez\u0151) \u00e1tfog\u00f3, hosszabb t\u00e1v\u00fa gazdas\u00e1g- \u00e9s t\u00e1rsadalompolitikai tervhez<\/strong>, amely a t\u00e1rsadalom egy\u00e9b probl\u00e9m\u00e1ira is v\u00e1laszt keres, a k\u00f6rnyezetv\u00e9delemmel \u00e9s a fenntarthat\u00f3s\u00e1ggal kapcsolatos gondok mellett.<\/p>\n<p style='text-align: justify;'><strong><em>2. k\u00f6vetkeztet\u00e9s: a fenntarthat\u00f3s\u00e1g t\u00e1rsadalmi felt\u00e9telrendszere<\/em><\/strong><\/p>\n<p style='text-align: justify;'>A t\u00e1rsadalmi felt\u00e9telek egyik meghat\u00e1roz\u00f3 <strong>t\u00e9nyez\u0151je a t\u00e1rsadalom fenntarthat\u00f3s\u00e1g ir\u00e1nti ig\u00e9ny\u00e9nek felkelt\u00e9se<\/strong>. Ahogy a J\u00f6v\u0151keres\u0151 (NFFT, 2009) meg\u00e1llap\u00edtja: &bdquo;<em>am\u00edg nem l\u00e9p fel a fenntarthat\u00f3 t\u00e1rsadalom ig\u00e9nye, sem politikai akarat, sem korm\u00e1nyzati cselekv\u00e9s nincs a fenntarthat\u00f3s\u00e1ggal kapcsolatban<\/em>&rdquo;. Nem t\u00e9veszthetj\u00fck szem el\u0151l, hogy egy \u00e9letvitel\u00e9ben, \u00e9letm\u00f3d-v\u00e1laszt\u00e1si lehet\u0151s\u00e9geiben, tud\u00e1sban, anyagi helyzet\u00e9ben <strong>sz\u00e9tszakad\u00f3 t\u00e1rsadalomban nem lehet m\u00e9lyrehat\u00f3 v\u00e1ltoz\u00e1sokat elind\u00edtani. <\/strong>Nincsenek gyakorlati tapasztalatok a t\u00e1rsadalmi \u00e1talakul\u00e1si folyamat v\u00e9gigvitel\u00e9re, b\u00e1r l\u00e9teznek \u00edg\u00e9retes k\u00eds\u00e9rletek helyi, k\u00f6z\u00f6ss\u00e9gi szinteken. A fenntarthat\u00f3s\u00e1g ir\u00e1nti t\u00e1rsadalmi ig\u00e9nyb\u0151l &bdquo;sz\u00e1rba sz\u00f6kken\u0151&rdquo; t\u00e1rsadalmi \u00e1talakul\u00e1st k\u00f6zvetve seg\u00edtheti, hogy a fejlett t\u00e1rsadalmak (k\u00fcl\u00f6n\u00f6sen az er\u0151s\u00f6d\u0151 technol\u00f3giai f\u00fcgg\u00e9ssel jellemezhet\u0151 nagyv\u00e1rosokban) egyre \u00e9rz\u00e9kenyebbek, s\u00e9r\u00fcl\u00e9kenyebbek a k\u00f6rnyezeti hat\u00e1sokra (pl. \u00e9ghajlatv\u00e1ltoz\u00e1s) \u00e9s az er\u0151forr\u00e1sokt\u00f3l (pl. v\u00edz, \u00e9lelmiszer, energia) val\u00f3 f\u00fcgg\u00e9sre. E tapasztalatok &ndash; alkalmas szeml\u00e9letform\u00e1l\u00e1ssal &ndash; hozz\u00e1j\u00e1rulhatnak a t\u00e1rsadalmi paradigmav\u00e1lt\u00e1s elindul\u00e1s\u00e1hoz.<\/p>\n<p style='text-align: justify;'><strong>A <span style='text-decoration: underline;'>fenntarthat\u00f3s\u00e1g t\u00e1rsadalmi felt\u00e9tele<\/span> egy olyan harmonikus \u00e9rt\u00e9kk\u00f6vet\u0151 \u00e9s \u00e9rt\u00e9k\u0151rz\u0151 t\u00e1rsadalom kialakul\u00e1sa, melyben a boldogul\u00e1s alapja &ndash; az anyagi \u00e9rt\u00e9kek helyett &ndash; az eg\u00e9szs\u00e9g, a tud\u00e1s, az erk\u00f6lcs (mely t\u00f6bbek k\u00f6z\u00f6tt hiten, bizalmon \u00e9s tiszteleten alapul), valamint a csal\u00e1di, k\u00f6z\u00f6ss\u00e9gi \u00e9s a nemzeti \u00f6sszetartoz\u00e1s.<\/strong><\/p>\n<p style='text-align: justify;'><strong><em>3. k\u00f6vetkeztet\u00e9s: a fenntarthat\u00f3s\u00e1g gazdas\u00e1gi felt\u00e9telrendszere<\/em><\/strong><\/p>\n<p style='text-align: justify;'><strong>A fenntarthat\u00f3s\u00e1g fel\u00e9 val\u00f3 \u00e1tmenet alapvet\u0151 v\u00e1ltoz\u00e1sokat t\u00e9telez fel az \u00fczleti \u00e9letben, <\/strong>tov\u00e1bb\u00e1 a v\u00e1llalkoz\u00e1sok \u00e9s a gazdas\u00e1gpolitika \u00e9rt\u00e9krendj\u00e9ben. E v\u00e1ltoz\u00e1sok azon a megk\u00f6zel\u00edt\u00e9sen alapulnak, hogy a gazdas\u00e1g olyan eszk\u00f6z, amely a term\u00e9szeti javakat k\u00f6zvet\u00edti a t\u00e1rsadalom fel\u00e9. A megval\u00f3s\u00edt\u00e1s gazdas\u00e1gfiloz\u00f3fiai v\u00e1lt\u00e1st t\u00e9telez fel, t\u00f6bbek k\u00f6z\u00f6tt az al\u00e1bbi ter\u00fcleteken:<\/p>\n<ul style='text-align: justify;'>\n<li>tart\u00f3san \u00e9s jelent\u0151sen <strong>cs\u00f6kkennie kell a nemzetgazdas\u00e1g k\u00fcls\u0151 f\u00fcgg\u00e9s\u00e9nek<\/strong> (t\u0151ke, hitel, import term\u00e9kek \u00e9s energia stb.);<\/li>\n<li>a helyi saj\u00e1toss\u00e1gokat, term\u00e9szeti, t\u00e1rsadalmi, kultur\u00e1lis adotts\u00e1gokat jobban figyelembevev\u0151 <strong>soksz\u00edn\u0171, sok l\u00e1bon \u00e1ll\u00f3 lok\u00e1lis gazdas\u00e1gnak<\/strong> kell ki\u00e9p\u00fclnie;<\/li>\n<li><strong>er\u0151s\u00f6dnie kell a tulajdonosi felel\u0151ss\u00e9gnek<\/strong>, melynek els\u0151sorban a termel\u00e9s \u00e9s a term\u00e9k \u00e1ltal gyakorolt negat\u00edv t\u00e1rsadalmi \u00e9s k\u00f6rnyezeti hat\u00e1sok elker\u00fcl\u00e9s\u00e9ben kell megnyilv\u00e1nulnia;<\/li>\n<li>az \u00e1raknak a teljes internaliz\u00e1lt (\u00f6kol\u00f3giai, k\u00f6rnyezeti, t\u00e1rsadalmi) k\u00f6lts\u00e9geket kell t\u00fckr\u00f6znie.<\/li>\n<\/ul>\n<p style='text-align: justify;'><strong>A <span style='text-decoration: underline;'>fenntarthat\u00f3s\u00e1g gazdas\u00e1gi felt\u00e9tele<\/span> egy olyan \u00faj k\u00f6zmegegyez\u00e9s (T\u00e1rsadalmi Szerz\u0151d\u00e9s), melyben a gazdas\u00e1g \u00e9s a t\u00e1rsadalom szerepl\u0151i, valamint a k\u00f6zhatalom gyakorl\u00f3i elfogadj\u00e1k a term\u00e9kek \u00e9s szolg\u00e1ltat\u00e1sok &ndash; a term\u00e9szeti er\u0151forr\u00e1soknak a k\u00f6rnyezet eltart\u00f3k\u00e9pess\u00e9g\u00e9n \u00e9s az extern\u00e1li\u00e1k figyelembev\u00e9tel\u00e9n alapul\u00f3 &ndash; re\u00e1lis \u00e1raz\u00e1s\u00e1t, &bdquo;cser\u00e9be&rdquo; tart\u00f3s \u00e9s egyszer\u0171 szab\u00e1lyoz\u00f3k\u00f6rnyezetre, valamit b\u00fcrokr\u00e1cia- \u00e9s korrupci\u00f3 mentes hivatalokra sz\u00e1m\u00edthatnak.<\/strong><\/p>\n<p style='text-align: justify;'><strong><em>4. k\u00f6vetkeztet\u00e9s: a fenntarthat\u00f3s\u00e1g k\u00f6zhatalmi, politikai felt\u00e9telrendszere<\/em><\/strong><\/p>\n<p style='text-align: justify;'>A fenntarthat\u00f3s\u00e1g fel\u00e9 val\u00f3 \u00e1tmenet egyet\u00e9rt\u0151 politikai k\u00f6rnyezetet \u00e9s egyszer\u0171 szab\u00e1lyokkal m\u0171k\u00f6dtetett, szolg\u00e1ltat\u00f3 jelleg\u0171 k\u00f6zhatalmi strukt\u00far\u00e1t t\u00e9telez fel. A v\u00e9grehajt\u00e1shoz sz\u00fcks\u00e9ges f\u0151bb k\u00f6zhatalmi, k\u00f6zpolitikai szempontokat az al\u00e1bbiakban foglalhatjuk \u00f6ssze:<\/p>\n<ul style='text-align: justify;'>\n<li><strong>helyre kell \u00e1ll\u00edtani a politika tekint\u00e9ly\u00e9t<\/strong>, \u00e9rt\u00e9k-k\u00f6zvet\u00edt\u00e9s\u00e9t \u00e9s a politikus felel\u0151ss\u00e9g\u00e9t;<\/li>\n<li>a szab\u00e1lyoz\u00e1snak els\u0151sorban a kiv\u00e1lt\u00f3 okokra, a <strong>probl\u00e9m\u00e1k megel\u0151z\u00e9s\u00e9re<\/strong> kell ir\u00e1nyulnia;<\/li>\n<li><strong>kisz\u00e1m\u00edthat\u00f3, \u00e9rthet\u0151 \u00e9s v\u00e9grehajthat\u00f3 szab\u00e1lyoz\u00e1sra<\/strong> van sz\u00fcks\u00e9g, amelynek rendszer\u00e9ben a k\u00fcl\u00f6nb\u00f6z\u0151 elv\u00e1r\u00e1sok er\u0151s\u00edtik egym\u00e1st. A szab\u00e1lyoz\u00e1s pozit\u00edvan hasson a t\u00e1rsadalom \u00e9rt\u00e9keire, erk\u00f6lcs\u00e9re, szeml\u00e9let\u00e9re, viselked\u00e9s\u00e9re;<\/li>\n<li>\u00f6sszhangot kell teremteni az elk\u00fcl\u00f6n\u00fclt, k\u00fcl\u00f6nb\u00f6z\u0151 \u00e1gazati \u00e9rdekeket \u00e9s szakmai kult\u00far\u00e1kat k\u00e9pvisel\u0151 szakpolitik\u00e1k k\u00f6z\u00f6tt.<\/li>\n<li><strong>nagy \u00e1tbocs\u00e1t\u00f3 k\u00e9pess\u00e9g\u0171, tart\u00f3san m\u0171k\u00f6d\u0151k\u00e9pes, hiteles int\u00e9zm\u00e9nyeket \u00e9s finansz\u00edroz\u00e1si mechanizmusokat kell kialak\u00edtani<\/strong>. \u00e9vente t\u00f6bb sz\u00e1zezer egyedi projekt (pl. \u00e9p\u00fcletenergetika, kl\u00edmabar\u00e1t k\u00f6zleked\u00e9s, \u00f6koturizmus, biotermeszt\u00e9s, stb.) gener\u00e1l\u00e1s\u00e1ra, \u00e9rt\u00e9kel\u00e9s\u00e9re, finansz\u00edroz\u00e1s\u00e1ra, ellen\u0151rz\u00e9s\u00e9re alkalmas int\u00e9zm\u00e9nyrendszerre van sz\u00fcks\u00e9g.<\/li>\n<\/ul>\n<p style='text-align: justify;'><strong>A <span style='text-decoration: underline;'>fenntarthat\u00f3s\u00e1g egyik politikai (k\u00f6zhatalmi) felt\u00e9tele<\/span> a szil\u00e1rd politikai konszenzuson nyugv\u00f3 tart\u00f3s k\u00f6zbizalom. A politika feladata olyan&nbsp;&ndash;&nbsp;a szakigazgat\u00e1s &bdquo;nyelv\u00e9re leford\u00edthat\u00f3&rdquo;<\/strong> <strong>&nbsp;&ndash;&nbsp;normaalkot\u00f3 r\u00e9szletszab\u00e1lyoz\u00e1sokat kialak\u00edtani, amelyeket a v\u00e9grehajt\u00e1s ir\u00e1nti sz\u00e9lesk\u00f6r\u0171 elk\u00f6telezetts\u00e9g \u00f6vez. A <span style='text-decoration: underline;'>fenntarthat\u00f3s\u00e1g m\u00e1sik politikai felt\u00e9tele<\/span> a p\u00e9ldamutat\u00e1s, azaz a k\u00f6zhatalom gyakorl\u00f3inak hiteles, a k\u00f6zbizalmat \u00e9p\u00edt\u0151 int\u00e9zm\u00e9nyrendszert kell kialak\u00edtaniuk.<\/strong><\/p>","protected":false},"excerpt":{"rendered":"<p>Az Env-in-Cent Kft. munkat\u00e1rsai \u00e9s szak\u00e9rt\u0151i (Dr. P\u00e1lv\u00f6lgyi Tam\u00e1s, Dr. Csete M\u00e1ria; Harazin Piroska, Szendr\u0151 G\u00e1bor) a Nemzeti Fenntarthat\u00f3 Fejl\u0151d\u00e9s Tan\u00e1cs\u00e1nak felk\u00e9r\u00e9s\u00e9re tanulm\u00e1nyt k\u00e9sz\u00edtett a hazai term\u00e9szeti er\u0151forr\u00e1sok \u00e1llapot\u00e1r\u00f3l, illetve az azt befoly\u00e1sol\u00f3 hajt\u00f3er\u0151kr\u0151l.<\/p>","protected":false},"author":1,"featured_media":499,"comment_status":"closed","ping_status":"open","sticky":false,"template":"","format":"standard","meta":{"footnotes":""},"categories":[3],"tags":[],"class_list":["post-31","post","type-post","status-publish","format-standard","has-post-thumbnail","hentry","category-hirek"],"yoast_head":"<!-- This site is optimized with the Yoast SEO plugin v23.9 - https:\/\/yoast.com\/wordpress\/plugins\/seo\/ -->\n<title>A term\u00e9szeti er\u0151forr\u00e1sok fenntart\u00e1sa: a term\u00e9szeti er\u0151forr\u00e1sok \u00e1llapota a K\u00e1rp\u00e1t-medenc\u00e9ben, azok fenntarthat\u00f3 hasznos\u00edt\u00e1s\u00e1t befoly\u00e1sol\u00f3 hajt\u00f3er\u0151k felt\u00e1r\u00e1sa a Nemzeti Fenntarthat\u00f3 Fejl\u0151d\u00e9si Strat\u00e9gia megalapoz\u00e1s\u00e1hoz - Env-in-Cent<\/title>\n<meta name=\"robots\" content=\"noindex, follow, max-snippet:-1, max-image-preview:large, max-video-preview:-1\" \/>\n<meta property=\"og:locale\" content=\"en_GB\" \/>\n<meta property=\"og:type\" content=\"article\" \/>\n<meta property=\"og:title\" content=\"A term\u00e9szeti er\u0151forr\u00e1sok fenntart\u00e1sa: a term\u00e9szeti er\u0151forr\u00e1sok \u00e1llapota a K\u00e1rp\u00e1t-medenc\u00e9ben, azok fenntarthat\u00f3 hasznos\u00edt\u00e1s\u00e1t befoly\u00e1sol\u00f3 hajt\u00f3er\u0151k felt\u00e1r\u00e1sa a Nemzeti Fenntarthat\u00f3 Fejl\u0151d\u00e9si Strat\u00e9gia megalapoz\u00e1s\u00e1hoz - Env-in-Cent\" \/>\n<meta property=\"og:description\" content=\"Az Env-in-Cent Kft. munkat\u00e1rsai \u00e9s szak\u00e9rt\u0151i (Dr. P\u00e1lv\u00f6lgyi Tam\u00e1s, Dr. Csete M\u00e1ria; Harazin Piroska, Szendr\u0151 G\u00e1bor) a Nemzeti Fenntarthat\u00f3 Fejl\u0151d\u00e9s Tan\u00e1cs\u00e1nak felk\u00e9r\u00e9s\u00e9re tanulm\u00e1nyt k\u00e9sz\u00edtett a hazai term\u00e9szeti er\u0151forr\u00e1sok \u00e1llapot\u00e1r\u00f3l, illetve az azt befoly\u00e1sol\u00f3 hajt\u00f3er\u0151kr\u0151l.\" \/>\n<meta property=\"og:url\" content=\"https:\/\/env-in-cent.hu\/en\/2011\/04\/01\/a-termeszeti-eroforrasok-fenntartasa-a-termeszeti-eroforrasok-allapota-a-karpat-medenceben-azok-fenntarthato-hasznositasat-befolyasolo-hajtoerok-feltarasa-a-nemzeti-fenntarthato-fejlodesi-strategia\/\" \/>\n<meta property=\"og:site_name\" content=\"Env-in-Cent\" \/>\n<meta property=\"article:published_time\" content=\"2011-04-01T13:30:00+00:00\" \/>\n<meta property=\"article:modified_time\" content=\"2024-12-04T16:21:00+00:00\" \/>\n<meta property=\"og:image\" content=\"https:\/\/env-in-cent.hu\/wp-content\/uploads\/2013\/05\/hir1.jpg\" \/>\n\t<meta property=\"og:image:width\" content=\"127\" \/>\n\t<meta property=\"og:image:height\" content=\"84\" \/>\n\t<meta property=\"og:image:type\" content=\"image\/jpeg\" \/>\n<meta name=\"author\" content=\"wpadmin\" \/>\n<meta name=\"twitter:card\" content=\"summary_large_image\" \/>\n<meta name=\"twitter:label1\" content=\"Written by\" \/>\n\t<meta name=\"twitter:data1\" content=\"wpadmin\" \/>\n\t<meta name=\"twitter:label2\" content=\"Estimated reading time\" \/>\n\t<meta name=\"twitter:data2\" content=\"6 minutes\" \/>\n<script type=\"application\/ld+json\" class=\"yoast-schema-graph\">{\"@context\":\"https:\/\/schema.org\",\"@graph\":[{\"@type\":\"Article\",\"@id\":\"https:\/\/env-in-cent.hu\/2011\/04\/01\/a-termeszeti-eroforrasok-fenntartasa-a-termeszeti-eroforrasok-allapota-a-karpat-medenceben-azok-fenntarthato-hasznositasat-befolyasolo-hajtoerok-feltarasa-a-nemzeti-fenntarthato-fejlodesi-strategia\/#article\",\"isPartOf\":{\"@id\":\"https:\/\/env-in-cent.hu\/2011\/04\/01\/a-termeszeti-eroforrasok-fenntartasa-a-termeszeti-eroforrasok-allapota-a-karpat-medenceben-azok-fenntarthato-hasznositasat-befolyasolo-hajtoerok-feltarasa-a-nemzeti-fenntarthato-fejlodesi-strategia\/\"},\"author\":{\"name\":\"wpadmin\",\"@id\":\"https:\/\/env-in-cent.hu\/#\/schema\/person\/08a7dac74c2fe21558e1c2d5031c2286\"},\"headline\":\"A term\u00e9szeti er\u0151forr\u00e1sok fenntart\u00e1sa: a term\u00e9szeti er\u0151forr\u00e1sok \u00e1llapota a K\u00e1rp\u00e1t-medenc\u00e9ben, azok fenntarthat\u00f3 hasznos\u00edt\u00e1s\u00e1t befoly\u00e1sol\u00f3 hajt\u00f3er\u0151k felt\u00e1r\u00e1sa a Nemzeti Fenntarthat\u00f3 Fejl\u0151d\u00e9si Strat\u00e9gia megalapoz\u00e1s\u00e1hoz\",\"datePublished\":\"2011-04-01T13:30:00+00:00\",\"dateModified\":\"2024-12-04T16:21:00+00:00\",\"mainEntityOfPage\":{\"@id\":\"https:\/\/env-in-cent.hu\/2011\/04\/01\/a-termeszeti-eroforrasok-fenntartasa-a-termeszeti-eroforrasok-allapota-a-karpat-medenceben-azok-fenntarthato-hasznositasat-befolyasolo-hajtoerok-feltarasa-a-nemzeti-fenntarthato-fejlodesi-strategia\/\"},\"wordCount\":2072,\"publisher\":{\"@id\":\"https:\/\/env-in-cent.hu\/#organization\"},\"image\":{\"@id\":\"https:\/\/env-in-cent.hu\/2011\/04\/01\/a-termeszeti-eroforrasok-fenntartasa-a-termeszeti-eroforrasok-allapota-a-karpat-medenceben-azok-fenntarthato-hasznositasat-befolyasolo-hajtoerok-feltarasa-a-nemzeti-fenntarthato-fejlodesi-strategia\/#primaryimage\"},\"thumbnailUrl\":\"https:\/\/env-in-cent.hu\/wp-content\/uploads\/2013\/05\/hir1.jpg\",\"articleSection\":[\"H\u00edrek\"],\"inLanguage\":\"en-GB\"},{\"@type\":\"WebPage\",\"@id\":\"https:\/\/env-in-cent.hu\/2011\/04\/01\/a-termeszeti-eroforrasok-fenntartasa-a-termeszeti-eroforrasok-allapota-a-karpat-medenceben-azok-fenntarthato-hasznositasat-befolyasolo-hajtoerok-feltarasa-a-nemzeti-fenntarthato-fejlodesi-strategia\/\",\"url\":\"https:\/\/env-in-cent.hu\/2011\/04\/01\/a-termeszeti-eroforrasok-fenntartasa-a-termeszeti-eroforrasok-allapota-a-karpat-medenceben-azok-fenntarthato-hasznositasat-befolyasolo-hajtoerok-feltarasa-a-nemzeti-fenntarthato-fejlodesi-strategia\/\",\"name\":\"A term\u00e9szeti er\u0151forr\u00e1sok fenntart\u00e1sa: a term\u00e9szeti er\u0151forr\u00e1sok \u00e1llapota a K\u00e1rp\u00e1t-medenc\u00e9ben, azok fenntarthat\u00f3 hasznos\u00edt\u00e1s\u00e1t befoly\u00e1sol\u00f3 hajt\u00f3er\u0151k felt\u00e1r\u00e1sa a Nemzeti Fenntarthat\u00f3 Fejl\u0151d\u00e9si Strat\u00e9gia megalapoz\u00e1s\u00e1hoz - Env-in-Cent\",\"isPartOf\":{\"@id\":\"https:\/\/env-in-cent.hu\/#website\"},\"primaryImageOfPage\":{\"@id\":\"https:\/\/env-in-cent.hu\/2011\/04\/01\/a-termeszeti-eroforrasok-fenntartasa-a-termeszeti-eroforrasok-allapota-a-karpat-medenceben-azok-fenntarthato-hasznositasat-befolyasolo-hajtoerok-feltarasa-a-nemzeti-fenntarthato-fejlodesi-strategia\/#primaryimage\"},\"image\":{\"@id\":\"https:\/\/env-in-cent.hu\/2011\/04\/01\/a-termeszeti-eroforrasok-fenntartasa-a-termeszeti-eroforrasok-allapota-a-karpat-medenceben-azok-fenntarthato-hasznositasat-befolyasolo-hajtoerok-feltarasa-a-nemzeti-fenntarthato-fejlodesi-strategia\/#primaryimage\"},\"thumbnailUrl\":\"https:\/\/env-in-cent.hu\/wp-content\/uploads\/2013\/05\/hir1.jpg\",\"datePublished\":\"2011-04-01T13:30:00+00:00\",\"dateModified\":\"2024-12-04T16:21:00+00:00\",\"breadcrumb\":{\"@id\":\"https:\/\/env-in-cent.hu\/2011\/04\/01\/a-termeszeti-eroforrasok-fenntartasa-a-termeszeti-eroforrasok-allapota-a-karpat-medenceben-azok-fenntarthato-hasznositasat-befolyasolo-hajtoerok-feltarasa-a-nemzeti-fenntarthato-fejlodesi-strategia\/#breadcrumb\"},\"inLanguage\":\"en-GB\",\"potentialAction\":[{\"@type\":\"ReadAction\",\"target\":[\"https:\/\/env-in-cent.hu\/2011\/04\/01\/a-termeszeti-eroforrasok-fenntartasa-a-termeszeti-eroforrasok-allapota-a-karpat-medenceben-azok-fenntarthato-hasznositasat-befolyasolo-hajtoerok-feltarasa-a-nemzeti-fenntarthato-fejlodesi-strategia\/\"]}]},{\"@type\":\"ImageObject\",\"inLanguage\":\"en-GB\",\"@id\":\"https:\/\/env-in-cent.hu\/2011\/04\/01\/a-termeszeti-eroforrasok-fenntartasa-a-termeszeti-eroforrasok-allapota-a-karpat-medenceben-azok-fenntarthato-hasznositasat-befolyasolo-hajtoerok-feltarasa-a-nemzeti-fenntarthato-fejlodesi-strategia\/#primaryimage\",\"url\":\"https:\/\/env-in-cent.hu\/wp-content\/uploads\/2013\/05\/hir1.jpg\",\"contentUrl\":\"https:\/\/env-in-cent.hu\/wp-content\/uploads\/2013\/05\/hir1.jpg\",\"width\":127,\"height\":84},{\"@type\":\"BreadcrumbList\",\"@id\":\"https:\/\/env-in-cent.hu\/2011\/04\/01\/a-termeszeti-eroforrasok-fenntartasa-a-termeszeti-eroforrasok-allapota-a-karpat-medenceben-azok-fenntarthato-hasznositasat-befolyasolo-hajtoerok-feltarasa-a-nemzeti-fenntarthato-fejlodesi-strategia\/#breadcrumb\",\"itemListElement\":[{\"@type\":\"ListItem\",\"position\":1,\"name\":\"Kezd\u0151lap\",\"item\":\"https:\/\/env-in-cent.hu\/\"},{\"@type\":\"ListItem\",\"position\":2,\"name\":\"A term\u00e9szeti er\u0151forr\u00e1sok fenntart\u00e1sa: a term\u00e9szeti er\u0151forr\u00e1sok \u00e1llapota a K\u00e1rp\u00e1t-medenc\u00e9ben, azok fenntarthat\u00f3 hasznos\u00edt\u00e1s\u00e1t befoly\u00e1sol\u00f3 hajt\u00f3er\u0151k felt\u00e1r\u00e1sa a Nemzeti Fenntarthat\u00f3 Fejl\u0151d\u00e9si Strat\u00e9gia megalapoz\u00e1s\u00e1hoz\"}]},{\"@type\":\"WebSite\",\"@id\":\"https:\/\/env-in-cent.hu\/#website\",\"url\":\"https:\/\/env-in-cent.hu\/\",\"name\":\"Env-in-Cent\",\"description\":\"Env-in-Cent K\u00f6rnyezetv\u00e9delmi Tan\u00e1csad\u00f3 Iroda Kft.\",\"publisher\":{\"@id\":\"https:\/\/env-in-cent.hu\/#organization\"},\"potentialAction\":[{\"@type\":\"SearchAction\",\"target\":{\"@type\":\"EntryPoint\",\"urlTemplate\":\"https:\/\/env-in-cent.hu\/?s={search_term_string}\"},\"query-input\":{\"@type\":\"PropertyValueSpecification\",\"valueRequired\":true,\"valueName\":\"search_term_string\"}}],\"inLanguage\":\"en-GB\"},{\"@type\":\"Organization\",\"@id\":\"https:\/\/env-in-cent.hu\/#organization\",\"name\":\"Env-in-Cent\",\"url\":\"https:\/\/env-in-cent.hu\/\",\"logo\":{\"@type\":\"ImageObject\",\"inLanguage\":\"en-GB\",\"@id\":\"https:\/\/env-in-cent.hu\/#\/schema\/logo\/image\/\",\"url\":\"https:\/\/env-in-cent.hu\/wp-content\/uploads\/2024\/11\/logo.jpg\",\"contentUrl\":\"https:\/\/env-in-cent.hu\/wp-content\/uploads\/2024\/11\/logo.jpg\",\"width\":170,\"height\":62,\"caption\":\"Env-in-Cent\"},\"image\":{\"@id\":\"https:\/\/env-in-cent.hu\/#\/schema\/logo\/image\/\"}},{\"@type\":\"Person\",\"@id\":\"https:\/\/env-in-cent.hu\/#\/schema\/person\/08a7dac74c2fe21558e1c2d5031c2286\",\"name\":\"wpadmin\",\"image\":{\"@type\":\"ImageObject\",\"inLanguage\":\"en-GB\",\"@id\":\"https:\/\/env-in-cent.hu\/#\/schema\/person\/image\/\",\"url\":\"https:\/\/secure.gravatar.com\/avatar\/53a24cf06dbef3f89a60c98c61552040977719f05381b5a07034a7748ee6e029?s=96&d=mm&r=g\",\"contentUrl\":\"https:\/\/secure.gravatar.com\/avatar\/53a24cf06dbef3f89a60c98c61552040977719f05381b5a07034a7748ee6e029?s=96&d=mm&r=g\",\"caption\":\"wpadmin\"},\"sameAs\":[\"https:\/\/env-in-cent.hu\"],\"url\":\"https:\/\/env-in-cent.hu\/en\/author\/wpadmin\/\"}]}<\/script>\n<!-- \/ Yoast SEO plugin. -->","yoast_head_json":{"title":"A term\u00e9szeti er\u0151forr\u00e1sok fenntart\u00e1sa: a term\u00e9szeti er\u0151forr\u00e1sok \u00e1llapota a K\u00e1rp\u00e1t-medenc\u00e9ben, azok fenntarthat\u00f3 hasznos\u00edt\u00e1s\u00e1t befoly\u00e1sol\u00f3 hajt\u00f3er\u0151k felt\u00e1r\u00e1sa a Nemzeti Fenntarthat\u00f3 Fejl\u0151d\u00e9si Strat\u00e9gia megalapoz\u00e1s\u00e1hoz - Env-in-Cent","robots":{"index":"noindex","follow":"follow","max-snippet":"max-snippet:-1","max-image-preview":"max-image-preview:large","max-video-preview":"max-video-preview:-1"},"og_locale":"en_GB","og_type":"article","og_title":"A term\u00e9szeti er\u0151forr\u00e1sok fenntart\u00e1sa: a term\u00e9szeti er\u0151forr\u00e1sok \u00e1llapota a K\u00e1rp\u00e1t-medenc\u00e9ben, azok fenntarthat\u00f3 hasznos\u00edt\u00e1s\u00e1t befoly\u00e1sol\u00f3 hajt\u00f3er\u0151k felt\u00e1r\u00e1sa a Nemzeti Fenntarthat\u00f3 Fejl\u0151d\u00e9si Strat\u00e9gia megalapoz\u00e1s\u00e1hoz - Env-in-Cent","og_description":"Az Env-in-Cent Kft. munkat\u00e1rsai \u00e9s szak\u00e9rt\u0151i (Dr. P\u00e1lv\u00f6lgyi Tam\u00e1s, Dr. Csete M\u00e1ria; Harazin Piroska, Szendr\u0151 G\u00e1bor) a Nemzeti Fenntarthat\u00f3 Fejl\u0151d\u00e9s Tan\u00e1cs\u00e1nak felk\u00e9r\u00e9s\u00e9re tanulm\u00e1nyt k\u00e9sz\u00edtett a hazai term\u00e9szeti er\u0151forr\u00e1sok \u00e1llapot\u00e1r\u00f3l, illetve az azt befoly\u00e1sol\u00f3 hajt\u00f3er\u0151kr\u0151l.","og_url":"https:\/\/env-in-cent.hu\/en\/2011\/04\/01\/a-termeszeti-eroforrasok-fenntartasa-a-termeszeti-eroforrasok-allapota-a-karpat-medenceben-azok-fenntarthato-hasznositasat-befolyasolo-hajtoerok-feltarasa-a-nemzeti-fenntarthato-fejlodesi-strategia\/","og_site_name":"Env-in-Cent","article_published_time":"2011-04-01T13:30:00+00:00","article_modified_time":"2024-12-04T16:21:00+00:00","og_image":[{"width":127,"height":84,"url":"https:\/\/env-in-cent.hu\/wp-content\/uploads\/2013\/05\/hir1.jpg","type":"image\/jpeg"}],"author":"wpadmin","twitter_card":"summary_large_image","twitter_misc":{"Written by":"wpadmin","Estimated reading time":"6 minutes"},"schema":{"@context":"https:\/\/schema.org","@graph":[{"@type":"Article","@id":"https:\/\/env-in-cent.hu\/2011\/04\/01\/a-termeszeti-eroforrasok-fenntartasa-a-termeszeti-eroforrasok-allapota-a-karpat-medenceben-azok-fenntarthato-hasznositasat-befolyasolo-hajtoerok-feltarasa-a-nemzeti-fenntarthato-fejlodesi-strategia\/#article","isPartOf":{"@id":"https:\/\/env-in-cent.hu\/2011\/04\/01\/a-termeszeti-eroforrasok-fenntartasa-a-termeszeti-eroforrasok-allapota-a-karpat-medenceben-azok-fenntarthato-hasznositasat-befolyasolo-hajtoerok-feltarasa-a-nemzeti-fenntarthato-fejlodesi-strategia\/"},"author":{"name":"wpadmin","@id":"https:\/\/env-in-cent.hu\/#\/schema\/person\/08a7dac74c2fe21558e1c2d5031c2286"},"headline":"A term\u00e9szeti er\u0151forr\u00e1sok fenntart\u00e1sa: a term\u00e9szeti er\u0151forr\u00e1sok \u00e1llapota a K\u00e1rp\u00e1t-medenc\u00e9ben, azok fenntarthat\u00f3 hasznos\u00edt\u00e1s\u00e1t befoly\u00e1sol\u00f3 hajt\u00f3er\u0151k felt\u00e1r\u00e1sa a Nemzeti Fenntarthat\u00f3 Fejl\u0151d\u00e9si Strat\u00e9gia megalapoz\u00e1s\u00e1hoz","datePublished":"2011-04-01T13:30:00+00:00","dateModified":"2024-12-04T16:21:00+00:00","mainEntityOfPage":{"@id":"https:\/\/env-in-cent.hu\/2011\/04\/01\/a-termeszeti-eroforrasok-fenntartasa-a-termeszeti-eroforrasok-allapota-a-karpat-medenceben-azok-fenntarthato-hasznositasat-befolyasolo-hajtoerok-feltarasa-a-nemzeti-fenntarthato-fejlodesi-strategia\/"},"wordCount":2072,"publisher":{"@id":"https:\/\/env-in-cent.hu\/#organization"},"image":{"@id":"https:\/\/env-in-cent.hu\/2011\/04\/01\/a-termeszeti-eroforrasok-fenntartasa-a-termeszeti-eroforrasok-allapota-a-karpat-medenceben-azok-fenntarthato-hasznositasat-befolyasolo-hajtoerok-feltarasa-a-nemzeti-fenntarthato-fejlodesi-strategia\/#primaryimage"},"thumbnailUrl":"https:\/\/env-in-cent.hu\/wp-content\/uploads\/2013\/05\/hir1.jpg","articleSection":["H\u00edrek"],"inLanguage":"en-GB"},{"@type":"WebPage","@id":"https:\/\/env-in-cent.hu\/2011\/04\/01\/a-termeszeti-eroforrasok-fenntartasa-a-termeszeti-eroforrasok-allapota-a-karpat-medenceben-azok-fenntarthato-hasznositasat-befolyasolo-hajtoerok-feltarasa-a-nemzeti-fenntarthato-fejlodesi-strategia\/","url":"https:\/\/env-in-cent.hu\/2011\/04\/01\/a-termeszeti-eroforrasok-fenntartasa-a-termeszeti-eroforrasok-allapota-a-karpat-medenceben-azok-fenntarthato-hasznositasat-befolyasolo-hajtoerok-feltarasa-a-nemzeti-fenntarthato-fejlodesi-strategia\/","name":"A term\u00e9szeti er\u0151forr\u00e1sok fenntart\u00e1sa: a term\u00e9szeti er\u0151forr\u00e1sok \u00e1llapota a K\u00e1rp\u00e1t-medenc\u00e9ben, azok fenntarthat\u00f3 hasznos\u00edt\u00e1s\u00e1t befoly\u00e1sol\u00f3 hajt\u00f3er\u0151k felt\u00e1r\u00e1sa a Nemzeti Fenntarthat\u00f3 Fejl\u0151d\u00e9si Strat\u00e9gia megalapoz\u00e1s\u00e1hoz - Env-in-Cent","isPartOf":{"@id":"https:\/\/env-in-cent.hu\/#website"},"primaryImageOfPage":{"@id":"https:\/\/env-in-cent.hu\/2011\/04\/01\/a-termeszeti-eroforrasok-fenntartasa-a-termeszeti-eroforrasok-allapota-a-karpat-medenceben-azok-fenntarthato-hasznositasat-befolyasolo-hajtoerok-feltarasa-a-nemzeti-fenntarthato-fejlodesi-strategia\/#primaryimage"},"image":{"@id":"https:\/\/env-in-cent.hu\/2011\/04\/01\/a-termeszeti-eroforrasok-fenntartasa-a-termeszeti-eroforrasok-allapota-a-karpat-medenceben-azok-fenntarthato-hasznositasat-befolyasolo-hajtoerok-feltarasa-a-nemzeti-fenntarthato-fejlodesi-strategia\/#primaryimage"},"thumbnailUrl":"https:\/\/env-in-cent.hu\/wp-content\/uploads\/2013\/05\/hir1.jpg","datePublished":"2011-04-01T13:30:00+00:00","dateModified":"2024-12-04T16:21:00+00:00","breadcrumb":{"@id":"https:\/\/env-in-cent.hu\/2011\/04\/01\/a-termeszeti-eroforrasok-fenntartasa-a-termeszeti-eroforrasok-allapota-a-karpat-medenceben-azok-fenntarthato-hasznositasat-befolyasolo-hajtoerok-feltarasa-a-nemzeti-fenntarthato-fejlodesi-strategia\/#breadcrumb"},"inLanguage":"en-GB","potentialAction":[{"@type":"ReadAction","target":["https:\/\/env-in-cent.hu\/2011\/04\/01\/a-termeszeti-eroforrasok-fenntartasa-a-termeszeti-eroforrasok-allapota-a-karpat-medenceben-azok-fenntarthato-hasznositasat-befolyasolo-hajtoerok-feltarasa-a-nemzeti-fenntarthato-fejlodesi-strategia\/"]}]},{"@type":"ImageObject","inLanguage":"en-GB","@id":"https:\/\/env-in-cent.hu\/2011\/04\/01\/a-termeszeti-eroforrasok-fenntartasa-a-termeszeti-eroforrasok-allapota-a-karpat-medenceben-azok-fenntarthato-hasznositasat-befolyasolo-hajtoerok-feltarasa-a-nemzeti-fenntarthato-fejlodesi-strategia\/#primaryimage","url":"https:\/\/env-in-cent.hu\/wp-content\/uploads\/2013\/05\/hir1.jpg","contentUrl":"https:\/\/env-in-cent.hu\/wp-content\/uploads\/2013\/05\/hir1.jpg","width":127,"height":84},{"@type":"BreadcrumbList","@id":"https:\/\/env-in-cent.hu\/2011\/04\/01\/a-termeszeti-eroforrasok-fenntartasa-a-termeszeti-eroforrasok-allapota-a-karpat-medenceben-azok-fenntarthato-hasznositasat-befolyasolo-hajtoerok-feltarasa-a-nemzeti-fenntarthato-fejlodesi-strategia\/#breadcrumb","itemListElement":[{"@type":"ListItem","position":1,"name":"Kezd\u0151lap","item":"https:\/\/env-in-cent.hu\/"},{"@type":"ListItem","position":2,"name":"A term\u00e9szeti er\u0151forr\u00e1sok fenntart\u00e1sa: a term\u00e9szeti er\u0151forr\u00e1sok \u00e1llapota a K\u00e1rp\u00e1t-medenc\u00e9ben, azok fenntarthat\u00f3 hasznos\u00edt\u00e1s\u00e1t befoly\u00e1sol\u00f3 hajt\u00f3er\u0151k felt\u00e1r\u00e1sa a Nemzeti Fenntarthat\u00f3 Fejl\u0151d\u00e9si Strat\u00e9gia megalapoz\u00e1s\u00e1hoz"}]},{"@type":"WebSite","@id":"https:\/\/env-in-cent.hu\/#website","url":"https:\/\/env-in-cent.hu\/","name":"Env-in-Cent","description":"Env-in-Cent K\u00f6rnyezetv\u00e9delmi Tan\u00e1csad\u00f3 Iroda Kft.","publisher":{"@id":"https:\/\/env-in-cent.hu\/#organization"},"potentialAction":[{"@type":"SearchAction","target":{"@type":"EntryPoint","urlTemplate":"https:\/\/env-in-cent.hu\/?s={search_term_string}"},"query-input":{"@type":"PropertyValueSpecification","valueRequired":true,"valueName":"search_term_string"}}],"inLanguage":"en-GB"},{"@type":"Organization","@id":"https:\/\/env-in-cent.hu\/#organization","name":"Env-in-Cent","url":"https:\/\/env-in-cent.hu\/","logo":{"@type":"ImageObject","inLanguage":"en-GB","@id":"https:\/\/env-in-cent.hu\/#\/schema\/logo\/image\/","url":"https:\/\/env-in-cent.hu\/wp-content\/uploads\/2024\/11\/logo.jpg","contentUrl":"https:\/\/env-in-cent.hu\/wp-content\/uploads\/2024\/11\/logo.jpg","width":170,"height":62,"caption":"Env-in-Cent"},"image":{"@id":"https:\/\/env-in-cent.hu\/#\/schema\/logo\/image\/"}},{"@type":"Person","@id":"https:\/\/env-in-cent.hu\/#\/schema\/person\/08a7dac74c2fe21558e1c2d5031c2286","name":"wpadmin","image":{"@type":"ImageObject","inLanguage":"en-GB","@id":"https:\/\/env-in-cent.hu\/#\/schema\/person\/image\/","url":"https:\/\/secure.gravatar.com\/avatar\/53a24cf06dbef3f89a60c98c61552040977719f05381b5a07034a7748ee6e029?s=96&d=mm&r=g","contentUrl":"https:\/\/secure.gravatar.com\/avatar\/53a24cf06dbef3f89a60c98c61552040977719f05381b5a07034a7748ee6e029?s=96&d=mm&r=g","caption":"wpadmin"},"sameAs":["https:\/\/env-in-cent.hu"],"url":"https:\/\/env-in-cent.hu\/en\/author\/wpadmin\/"}]}},"_links":{"self":[{"href":"https:\/\/env-in-cent.hu\/en\/wp-json\/wp\/v2\/posts\/31","targetHints":{"allow":["GET"]}}],"collection":[{"href":"https:\/\/env-in-cent.hu\/en\/wp-json\/wp\/v2\/posts"}],"about":[{"href":"https:\/\/env-in-cent.hu\/en\/wp-json\/wp\/v2\/types\/post"}],"author":[{"embeddable":true,"href":"https:\/\/env-in-cent.hu\/en\/wp-json\/wp\/v2\/users\/1"}],"replies":[{"embeddable":true,"href":"https:\/\/env-in-cent.hu\/en\/wp-json\/wp\/v2\/comments?post=31"}],"version-history":[{"count":2,"href":"https:\/\/env-in-cent.hu\/en\/wp-json\/wp\/v2\/posts\/31\/revisions"}],"predecessor-version":[{"id":509,"href":"https:\/\/env-in-cent.hu\/en\/wp-json\/wp\/v2\/posts\/31\/revisions\/509"}],"wp:featuredmedia":[{"embeddable":true,"href":"https:\/\/env-in-cent.hu\/en\/wp-json\/wp\/v2\/media\/499"}],"wp:attachment":[{"href":"https:\/\/env-in-cent.hu\/en\/wp-json\/wp\/v2\/media?parent=31"}],"wp:term":[{"taxonomy":"category","embeddable":true,"href":"https:\/\/env-in-cent.hu\/en\/wp-json\/wp\/v2\/categories?post=31"},{"taxonomy":"post_tag","embeddable":true,"href":"https:\/\/env-in-cent.hu\/en\/wp-json\/wp\/v2\/tags?post=31"}],"curies":[{"name":"wp","href":"https:\/\/api.w.org\/{rel}","templated":true}]}}