{"id":29,"date":"2014-10-02T00:00:00","date_gmt":"2014-10-02T00:00:00","guid":{"rendered":"https:\/\/env-in-cent.hu\/?p=29"},"modified":"2024-12-04T15:33:00","modified_gmt":"2024-12-04T15:33:00","slug":"elkeszult-a-nees-skv-kornyezeti-ertekelese","status":"publish","type":"post","link":"https:\/\/env-in-cent.hu\/en\/2014\/10\/02\/elkeszult-a-nees-skv-kornyezeti-ertekelese\/","title":{"rendered":"Elk\u00e9sz\u00fclt a N\u00c9eS SKV K\u00f6rnyezeti \u00c9rt\u00e9kel\u00e9se"},"content":{"rendered":"<p style='margin-bottom: 0cm; text-align: justify;'><font size='2'>A N\u00e9eS a <\/font><font color='#4f81bd'><font size='2'><a href='http:\/\/2010-2014.kormany.hu\/download\/b\/87\/70000\/ESTRAT%20r%C3%B6vid%C3%ADtett%20magyar%20verzi%C3%B3.pdf'>Nemzeti Energiastrat\u00e9gi\u00e1ban<\/a>&nbsp;<\/font><\/font><font size='2'>megfogalmazottak el\u00e9r\u00e9se \u00e9rdek\u00e9ben r\u00f6gz\u00edti azokat a c\u00e9lokat \u00e9s f\u0151 ir\u00e1nyokat, amelyek a 2020-ig terjed\u0151 id\u0151szakban, kitekint\u00e9ssel 2030-ig a hazai<\/font><\/p>\n<p style='margin-bottom: 0cm; text-align: justify;' align='LEFT'><font size='2'>\u00e9p\u00fclet\u00e1llom\u00e1ny energiafelhaszn\u00e1l\u00e1s\u00e1nak jelent\u0151s m\u00e9rt\u00e9k\u0171 cs\u00f6kkent\u00e9s\u00e9t teszik lehet\u0151v\u00e9, megadva a k\u00e9s\u0151bbiekben kidolgozand\u00f3 \u00e9p\u00fcletenergetikai cselekv\u00e9si tervek, konkr\u00e9t programok, int\u00e9zked\u00e9sek elvi keret\u00e9t.<\/font><\/p>\n<p style='margin-bottom: 0cm; text-align: justify;'><font size='2'>Az SKV K\u00f6rnyezeti Jelent\u00e9s t\u00f6bbek k\u00f6z\u00f6tt vizsg\u00e1lja a N\u00e9eS m\u00e1s strat\u00e9giai dokumentumokkal val\u00f3 k\u00f6rnyezeti szempont\u00fa \u00f6sszhangj\u00e1t, \u00e9rt\u00e9keli a N\u00e9eS k\u00f6rnyezeti \u00e9s fenntarthat\u00f3s\u00e1gi teljes\u00edtm\u00e9ny\u00e9t, felt\u00e1rja a Strat\u00e9gia v\u00e9grehajt\u00e1sa sor\u00e1n val\u00f3sz\u00edn\u0171s\u00edthet\u0151 pozit\u00edv \u00e9s negat\u00edv k\u00f6rnyezeti hat\u00e1sokat. A kedvez\u0151tlen hat\u00e1sok megel\u0151z\u00e9se, m\u00e9rs\u00e9kl\u00e9se \u00e9rdek\u00e9ben \u00f6sszess\u00e9g\u00e9ben 34 javaslatot, aj\u00e1nl\u00e1st fogalmaz meg az SKV dokumentum.<\/font><\/p>\n<p style='margin-bottom: 0cm; text-align: justify;'><font size='2'><br \/><\/font><\/p>\n<p style='margin-bottom: 0cm; text-align: justify;'><font size='2'>A N\u00e9eS \u00e9s az arr\u00f3l k\u00e9sz\u00fclt SKV K\u00f6rnyezeti \u00e9rt\u00e9kel\u00e9s el\u00e9rhet\u0151 <\/font><a href='http:\/\/www.kormany.hu\/hu\/nemzeti-fejlesztesi-miniszterium\/fejlesztes-es-klimapolitikaert-valamint-kiemelt-kozszolgaltatasokert-felelos-allamtitkarsag\/hirek\/tarsadalmi-egyeztetesen-a-nemzeti-epuletenergetikai-strategia-tervezete-es-a-kapcsolodo-kornyezeti-vizsgalati-jelentes'><font color='#4f81bd'><font size='2'>itt<\/font><\/font><font size='2'>. <\/font><\/a><\/p>\n<p style='margin-bottom: 0cm;'>&nbsp;<\/p>\n<p style='margin-bottom: 0cm;'><font size='2'><br \/><\/font><\/p>","protected":false},"excerpt":{"rendered":"<p>Az Env-in-Cent Kft. elk\u00e9sz\u00edtette a Nemzeti \u00e9p\u00fcletenergetikai Strat\u00e9gia (N\u00e9eS) strat\u00e9giai k\u00f6rnyezeti vizsg\u00e1lat\u00e1nak K\u00f6rnyezeti Jelent\u00e9s\u00e9t.<\/p>","protected":false},"author":1,"featured_media":469,"comment_status":"closed","ping_status":"open","sticky":false,"template":"","format":"standard","meta":{"footnotes":""},"categories":[3],"tags":[],"class_list":["post-29","post","type-post","status-publish","format-standard","has-post-thumbnail","hentry","category-hirek"],"yoast_head":"<!-- This site is optimized with the Yoast SEO plugin v23.9 - https:\/\/yoast.com\/wordpress\/plugins\/seo\/ -->\n<title>Elk\u00e9sz\u00fclt a N\u00c9eS SKV K\u00f6rnyezeti \u00c9rt\u00e9kel\u00e9se - Env-in-Cent<\/title>\n<meta name=\"robots\" content=\"noindex, follow, max-snippet:-1, max-image-preview:large, max-video-preview:-1\" \/>\n<meta property=\"og:locale\" content=\"en_GB\" \/>\n<meta property=\"og:type\" content=\"article\" \/>\n<meta property=\"og:title\" content=\"Elk\u00e9sz\u00fclt a N\u00c9eS SKV K\u00f6rnyezeti \u00c9rt\u00e9kel\u00e9se - Env-in-Cent\" \/>\n<meta property=\"og:description\" content=\"Az Env-in-Cent Kft. elk\u00e9sz\u00edtette a Nemzeti \u00e9p\u00fcletenergetikai Strat\u00e9gia (N\u00e9eS) strat\u00e9giai k\u00f6rnyezeti vizsg\u00e1lat\u00e1nak K\u00f6rnyezeti Jelent\u00e9s\u00e9t.\" \/>\n<meta property=\"og:url\" content=\"https:\/\/env-in-cent.hu\/en\/2014\/10\/02\/elkeszult-a-nees-skv-kornyezeti-ertekelese\/\" \/>\n<meta property=\"og:site_name\" content=\"Env-in-Cent\" \/>\n<meta property=\"article:published_time\" content=\"2014-10-02T00:00:00+00:00\" \/>\n<meta property=\"article:modified_time\" content=\"2024-12-04T15:33:00+00:00\" \/>\n<meta property=\"og:image\" content=\"https:\/\/env-in-cent.hu\/wp-content\/uploads\/2014\/10\/kitekinto.jpg\" \/>\n\t<meta property=\"og:image:width\" content=\"126\" \/>\n\t<meta property=\"og:image:height\" content=\"110\" \/>\n\t<meta property=\"og:image:type\" content=\"image\/jpeg\" \/>\n<meta name=\"author\" content=\"wpadmin\" \/>\n<meta name=\"twitter:card\" content=\"summary_large_image\" \/>\n<meta name=\"twitter:label1\" content=\"Written by\" \/>\n\t<meta name=\"twitter:data1\" content=\"wpadmin\" \/>\n\t<meta name=\"twitter:label2\" content=\"Estimated reading time\" \/>\n\t<meta name=\"twitter:data2\" content=\"1 minute\" \/>\n<script type=\"application\/ld+json\" class=\"yoast-schema-graph\">{\"@context\":\"https:\/\/schema.org\",\"@graph\":[{\"@type\":\"Article\",\"@id\":\"https:\/\/env-in-cent.hu\/2014\/10\/02\/elkeszult-a-nees-skv-kornyezeti-ertekelese\/#article\",\"isPartOf\":{\"@id\":\"https:\/\/env-in-cent.hu\/2014\/10\/02\/elkeszult-a-nees-skv-kornyezeti-ertekelese\/\"},\"author\":{\"name\":\"wpadmin\",\"@id\":\"https:\/\/env-in-cent.hu\/#\/schema\/person\/08a7dac74c2fe21558e1c2d5031c2286\"},\"headline\":\"Elk\u00e9sz\u00fclt a N\u00c9eS SKV K\u00f6rnyezeti \u00c9rt\u00e9kel\u00e9se\",\"datePublished\":\"2014-10-02T00:00:00+00:00\",\"dateModified\":\"2024-12-04T15:33:00+00:00\",\"mainEntityOfPage\":{\"@id\":\"https:\/\/env-in-cent.hu\/2014\/10\/02\/elkeszult-a-nees-skv-kornyezeti-ertekelese\/\"},\"wordCount\":201,\"publisher\":{\"@id\":\"https:\/\/env-in-cent.hu\/#organization\"},\"image\":{\"@id\":\"https:\/\/env-in-cent.hu\/2014\/10\/02\/elkeszult-a-nees-skv-kornyezeti-ertekelese\/#primaryimage\"},\"thumbnailUrl\":\"https:\/\/env-in-cent.hu\/wp-content\/uploads\/2014\/10\/kitekinto.jpg\",\"articleSection\":[\"H\u00edrek\"],\"inLanguage\":\"en-GB\"},{\"@type\":\"WebPage\",\"@id\":\"https:\/\/env-in-cent.hu\/2014\/10\/02\/elkeszult-a-nees-skv-kornyezeti-ertekelese\/\",\"url\":\"https:\/\/env-in-cent.hu\/2014\/10\/02\/elkeszult-a-nees-skv-kornyezeti-ertekelese\/\",\"name\":\"Elk\u00e9sz\u00fclt a N\u00c9eS SKV K\u00f6rnyezeti \u00c9rt\u00e9kel\u00e9se - Env-in-Cent\",\"isPartOf\":{\"@id\":\"https:\/\/env-in-cent.hu\/#website\"},\"primaryImageOfPage\":{\"@id\":\"https:\/\/env-in-cent.hu\/2014\/10\/02\/elkeszult-a-nees-skv-kornyezeti-ertekelese\/#primaryimage\"},\"image\":{\"@id\":\"https:\/\/env-in-cent.hu\/2014\/10\/02\/elkeszult-a-nees-skv-kornyezeti-ertekelese\/#primaryimage\"},\"thumbnailUrl\":\"https:\/\/env-in-cent.hu\/wp-content\/uploads\/2014\/10\/kitekinto.jpg\",\"datePublished\":\"2014-10-02T00:00:00+00:00\",\"dateModified\":\"2024-12-04T15:33:00+00:00\",\"breadcrumb\":{\"@id\":\"https:\/\/env-in-cent.hu\/2014\/10\/02\/elkeszult-a-nees-skv-kornyezeti-ertekelese\/#breadcrumb\"},\"inLanguage\":\"en-GB\",\"potentialAction\":[{\"@type\":\"ReadAction\",\"target\":[\"https:\/\/env-in-cent.hu\/2014\/10\/02\/elkeszult-a-nees-skv-kornyezeti-ertekelese\/\"]}]},{\"@type\":\"ImageObject\",\"inLanguage\":\"en-GB\",\"@id\":\"https:\/\/env-in-cent.hu\/2014\/10\/02\/elkeszult-a-nees-skv-kornyezeti-ertekelese\/#primaryimage\",\"url\":\"https:\/\/env-in-cent.hu\/wp-content\/uploads\/2014\/10\/kitekinto.jpg\",\"contentUrl\":\"https:\/\/env-in-cent.hu\/wp-content\/uploads\/2014\/10\/kitekinto.jpg\",\"width\":126,\"height\":110},{\"@type\":\"BreadcrumbList\",\"@id\":\"https:\/\/env-in-cent.hu\/2014\/10\/02\/elkeszult-a-nees-skv-kornyezeti-ertekelese\/#breadcrumb\",\"itemListElement\":[{\"@type\":\"ListItem\",\"position\":1,\"name\":\"Kezd\u0151lap\",\"item\":\"https:\/\/env-in-cent.hu\/\"},{\"@type\":\"ListItem\",\"position\":2,\"name\":\"Elk\u00e9sz\u00fclt a N\u00c9eS SKV K\u00f6rnyezeti \u00c9rt\u00e9kel\u00e9se\"}]},{\"@type\":\"WebSite\",\"@id\":\"https:\/\/env-in-cent.hu\/#website\",\"url\":\"https:\/\/env-in-cent.hu\/\",\"name\":\"Env-in-Cent\",\"description\":\"Env-in-Cent K\u00f6rnyezetv\u00e9delmi Tan\u00e1csad\u00f3 Iroda Kft.\",\"publisher\":{\"@id\":\"https:\/\/env-in-cent.hu\/#organization\"},\"potentialAction\":[{\"@type\":\"SearchAction\",\"target\":{\"@type\":\"EntryPoint\",\"urlTemplate\":\"https:\/\/env-in-cent.hu\/?s={search_term_string}\"},\"query-input\":{\"@type\":\"PropertyValueSpecification\",\"valueRequired\":true,\"valueName\":\"search_term_string\"}}],\"inLanguage\":\"en-GB\"},{\"@type\":\"Organization\",\"@id\":\"https:\/\/env-in-cent.hu\/#organization\",\"name\":\"Env-in-Cent\",\"url\":\"https:\/\/env-in-cent.hu\/\",\"logo\":{\"@type\":\"ImageObject\",\"inLanguage\":\"en-GB\",\"@id\":\"https:\/\/env-in-cent.hu\/#\/schema\/logo\/image\/\",\"url\":\"https:\/\/env-in-cent.hu\/wp-content\/uploads\/2024\/11\/logo.jpg\",\"contentUrl\":\"https:\/\/env-in-cent.hu\/wp-content\/uploads\/2024\/11\/logo.jpg\",\"width\":170,\"height\":62,\"caption\":\"Env-in-Cent\"},\"image\":{\"@id\":\"https:\/\/env-in-cent.hu\/#\/schema\/logo\/image\/\"}},{\"@type\":\"Person\",\"@id\":\"https:\/\/env-in-cent.hu\/#\/schema\/person\/08a7dac74c2fe21558e1c2d5031c2286\",\"name\":\"wpadmin\",\"image\":{\"@type\":\"ImageObject\",\"inLanguage\":\"en-GB\",\"@id\":\"https:\/\/env-in-cent.hu\/#\/schema\/person\/image\/\",\"url\":\"https:\/\/secure.gravatar.com\/avatar\/53a24cf06dbef3f89a60c98c61552040977719f05381b5a07034a7748ee6e029?s=96&d=mm&r=g\",\"contentUrl\":\"https:\/\/secure.gravatar.com\/avatar\/53a24cf06dbef3f89a60c98c61552040977719f05381b5a07034a7748ee6e029?s=96&d=mm&r=g\",\"caption\":\"wpadmin\"},\"sameAs\":[\"https:\/\/env-in-cent.hu\"],\"url\":\"https:\/\/env-in-cent.hu\/en\/author\/wpadmin\/\"}]}<\/script>\n<!-- \/ Yoast SEO plugin. -->","yoast_head_json":{"title":"Elk\u00e9sz\u00fclt a N\u00c9eS SKV K\u00f6rnyezeti \u00c9rt\u00e9kel\u00e9se - Env-in-Cent","robots":{"index":"noindex","follow":"follow","max-snippet":"max-snippet:-1","max-image-preview":"max-image-preview:large","max-video-preview":"max-video-preview:-1"},"og_locale":"en_GB","og_type":"article","og_title":"Elk\u00e9sz\u00fclt a N\u00c9eS SKV K\u00f6rnyezeti \u00c9rt\u00e9kel\u00e9se - Env-in-Cent","og_description":"Az Env-in-Cent Kft. elk\u00e9sz\u00edtette a Nemzeti \u00e9p\u00fcletenergetikai Strat\u00e9gia (N\u00e9eS) strat\u00e9giai k\u00f6rnyezeti vizsg\u00e1lat\u00e1nak K\u00f6rnyezeti Jelent\u00e9s\u00e9t.","og_url":"https:\/\/env-in-cent.hu\/en\/2014\/10\/02\/elkeszult-a-nees-skv-kornyezeti-ertekelese\/","og_site_name":"Env-in-Cent","article_published_time":"2014-10-02T00:00:00+00:00","article_modified_time":"2024-12-04T15:33:00+00:00","og_image":[{"width":126,"height":110,"url":"https:\/\/env-in-cent.hu\/wp-content\/uploads\/2014\/10\/kitekinto.jpg","type":"image\/jpeg"}],"author":"wpadmin","twitter_card":"summary_large_image","twitter_misc":{"Written by":"wpadmin","Estimated reading time":"1 minute"},"schema":{"@context":"https:\/\/schema.org","@graph":[{"@type":"Article","@id":"https:\/\/env-in-cent.hu\/2014\/10\/02\/elkeszult-a-nees-skv-kornyezeti-ertekelese\/#article","isPartOf":{"@id":"https:\/\/env-in-cent.hu\/2014\/10\/02\/elkeszult-a-nees-skv-kornyezeti-ertekelese\/"},"author":{"name":"wpadmin","@id":"https:\/\/env-in-cent.hu\/#\/schema\/person\/08a7dac74c2fe21558e1c2d5031c2286"},"headline":"Elk\u00e9sz\u00fclt a N\u00c9eS SKV K\u00f6rnyezeti \u00c9rt\u00e9kel\u00e9se","datePublished":"2014-10-02T00:00:00+00:00","dateModified":"2024-12-04T15:33:00+00:00","mainEntityOfPage":{"@id":"https:\/\/env-in-cent.hu\/2014\/10\/02\/elkeszult-a-nees-skv-kornyezeti-ertekelese\/"},"wordCount":201,"publisher":{"@id":"https:\/\/env-in-cent.hu\/#organization"},"image":{"@id":"https:\/\/env-in-cent.hu\/2014\/10\/02\/elkeszult-a-nees-skv-kornyezeti-ertekelese\/#primaryimage"},"thumbnailUrl":"https:\/\/env-in-cent.hu\/wp-content\/uploads\/2014\/10\/kitekinto.jpg","articleSection":["H\u00edrek"],"inLanguage":"en-GB"},{"@type":"WebPage","@id":"https:\/\/env-in-cent.hu\/2014\/10\/02\/elkeszult-a-nees-skv-kornyezeti-ertekelese\/","url":"https:\/\/env-in-cent.hu\/2014\/10\/02\/elkeszult-a-nees-skv-kornyezeti-ertekelese\/","name":"Elk\u00e9sz\u00fclt a N\u00c9eS SKV K\u00f6rnyezeti \u00c9rt\u00e9kel\u00e9se - Env-in-Cent","isPartOf":{"@id":"https:\/\/env-in-cent.hu\/#website"},"primaryImageOfPage":{"@id":"https:\/\/env-in-cent.hu\/2014\/10\/02\/elkeszult-a-nees-skv-kornyezeti-ertekelese\/#primaryimage"},"image":{"@id":"https:\/\/env-in-cent.hu\/2014\/10\/02\/elkeszult-a-nees-skv-kornyezeti-ertekelese\/#primaryimage"},"thumbnailUrl":"https:\/\/env-in-cent.hu\/wp-content\/uploads\/2014\/10\/kitekinto.jpg","datePublished":"2014-10-02T00:00:00+00:00","dateModified":"2024-12-04T15:33:00+00:00","breadcrumb":{"@id":"https:\/\/env-in-cent.hu\/2014\/10\/02\/elkeszult-a-nees-skv-kornyezeti-ertekelese\/#breadcrumb"},"inLanguage":"en-GB","potentialAction":[{"@type":"ReadAction","target":["https:\/\/env-in-cent.hu\/2014\/10\/02\/elkeszult-a-nees-skv-kornyezeti-ertekelese\/"]}]},{"@type":"ImageObject","inLanguage":"en-GB","@id":"https:\/\/env-in-cent.hu\/2014\/10\/02\/elkeszult-a-nees-skv-kornyezeti-ertekelese\/#primaryimage","url":"https:\/\/env-in-cent.hu\/wp-content\/uploads\/2014\/10\/kitekinto.jpg","contentUrl":"https:\/\/env-in-cent.hu\/wp-content\/uploads\/2014\/10\/kitekinto.jpg","width":126,"height":110},{"@type":"BreadcrumbList","@id":"https:\/\/env-in-cent.hu\/2014\/10\/02\/elkeszult-a-nees-skv-kornyezeti-ertekelese\/#breadcrumb","itemListElement":[{"@type":"ListItem","position":1,"name":"Kezd\u0151lap","item":"https:\/\/env-in-cent.hu\/"},{"@type":"ListItem","position":2,"name":"Elk\u00e9sz\u00fclt a N\u00c9eS SKV K\u00f6rnyezeti \u00c9rt\u00e9kel\u00e9se"}]},{"@type":"WebSite","@id":"https:\/\/env-in-cent.hu\/#website","url":"https:\/\/env-in-cent.hu\/","name":"Env-in-Cent","description":"Env-in-Cent K\u00f6rnyezetv\u00e9delmi Tan\u00e1csad\u00f3 Iroda Kft.","publisher":{"@id":"https:\/\/env-in-cent.hu\/#organization"},"potentialAction":[{"@type":"SearchAction","target":{"@type":"EntryPoint","urlTemplate":"https:\/\/env-in-cent.hu\/?s={search_term_string}"},"query-input":{"@type":"PropertyValueSpecification","valueRequired":true,"valueName":"search_term_string"}}],"inLanguage":"en-GB"},{"@type":"Organization","@id":"https:\/\/env-in-cent.hu\/#organization","name":"Env-in-Cent","url":"https:\/\/env-in-cent.hu\/","logo":{"@type":"ImageObject","inLanguage":"en-GB","@id":"https:\/\/env-in-cent.hu\/#\/schema\/logo\/image\/","url":"https:\/\/env-in-cent.hu\/wp-content\/uploads\/2024\/11\/logo.jpg","contentUrl":"https:\/\/env-in-cent.hu\/wp-content\/uploads\/2024\/11\/logo.jpg","width":170,"height":62,"caption":"Env-in-Cent"},"image":{"@id":"https:\/\/env-in-cent.hu\/#\/schema\/logo\/image\/"}},{"@type":"Person","@id":"https:\/\/env-in-cent.hu\/#\/schema\/person\/08a7dac74c2fe21558e1c2d5031c2286","name":"wpadmin","image":{"@type":"ImageObject","inLanguage":"en-GB","@id":"https:\/\/env-in-cent.hu\/#\/schema\/person\/image\/","url":"https:\/\/secure.gravatar.com\/avatar\/53a24cf06dbef3f89a60c98c61552040977719f05381b5a07034a7748ee6e029?s=96&d=mm&r=g","contentUrl":"https:\/\/secure.gravatar.com\/avatar\/53a24cf06dbef3f89a60c98c61552040977719f05381b5a07034a7748ee6e029?s=96&d=mm&r=g","caption":"wpadmin"},"sameAs":["https:\/\/env-in-cent.hu"],"url":"https:\/\/env-in-cent.hu\/en\/author\/wpadmin\/"}]}},"_links":{"self":[{"href":"https:\/\/env-in-cent.hu\/en\/wp-json\/wp\/v2\/posts\/29","targetHints":{"allow":["GET"]}}],"collection":[{"href":"https:\/\/env-in-cent.hu\/en\/wp-json\/wp\/v2\/posts"}],"about":[{"href":"https:\/\/env-in-cent.hu\/en\/wp-json\/wp\/v2\/types\/post"}],"author":[{"embeddable":true,"href":"https:\/\/env-in-cent.hu\/en\/wp-json\/wp\/v2\/users\/1"}],"replies":[{"embeddable":true,"href":"https:\/\/env-in-cent.hu\/en\/wp-json\/wp\/v2\/comments?post=29"}],"version-history":[{"count":2,"href":"https:\/\/env-in-cent.hu\/en\/wp-json\/wp\/v2\/posts\/29\/revisions"}],"predecessor-version":[{"id":470,"href":"https:\/\/env-in-cent.hu\/en\/wp-json\/wp\/v2\/posts\/29\/revisions\/470"}],"wp:featuredmedia":[{"embeddable":true,"href":"https:\/\/env-in-cent.hu\/en\/wp-json\/wp\/v2\/media\/469"}],"wp:attachment":[{"href":"https:\/\/env-in-cent.hu\/en\/wp-json\/wp\/v2\/media?parent=29"}],"wp:term":[{"taxonomy":"category","embeddable":true,"href":"https:\/\/env-in-cent.hu\/en\/wp-json\/wp\/v2\/categories?post=29"},{"taxonomy":"post_tag","embeddable":true,"href":"https:\/\/env-in-cent.hu\/en\/wp-json\/wp\/v2\/tags?post=29"}],"curies":[{"name":"wp","href":"https:\/\/api.w.org\/{rel}","templated":true}]}}