{"id":24,"date":"2015-11-06T12:42:00","date_gmt":"2015-11-06T12:42:00","guid":{"rendered":"https:\/\/env-in-cent.hu\/?p=24"},"modified":"2024-12-07T15:36:51","modified_gmt":"2024-12-07T15:36:51","slug":"elkeszult-az-nffs-vegrehajtasanak-elorehaladasarol-szolo-tanulmany","status":"publish","type":"post","link":"https:\/\/env-in-cent.hu\/en\/2015\/11\/06\/elkeszult-az-nffs-vegrehajtasanak-elorehaladasarol-szolo-tanulmany\/","title":{"rendered":"Elk\u00e9sz\u00fclt az NFFS v\u00e9grehajt\u00e1s\u00e1nak el\u0151rehalad\u00e1s\u00e1r\u00f3l sz\u00f3l\u00f3 tanulm\u00e1ny-"},"content":{"rendered":"<p style=\"text-align: justify;\">Az Orsz\u00e1ggy\u0171l\u00e9s Hivatala megb\u00edz\u00e1s\u00e1b\u00f3l az Env-in-Cent Kft. elk\u00e9sz\u00edtette a Nemzeti Fenntarthat\u00f3s\u00e1gi Keretstrat\u00e9gia (NFFS) v\u00e9grehajt\u00e1s\u00e1nak \u00e1ll\u00e1sa a term\u00e9szeti er\u0151forr\u00e1sok ter\u00e9n tanulm\u00e1nyt. A term\u00e9szeti er\u0151forr\u00e1sok mennyis\u00e9gi \u00e9s min\u0151s\u00e9gi \u00e1llapot\u00e1nak ismerete \u2013 a Nemzeti Fenntarthat\u00f3 Fejl\u0151d\u00e9si Strat\u00e9gia (NFFS) el\u0151rehalad\u00e1s\u00e1nak \u00e9rt\u00e9kel\u00e9se keret\u00e9ben \u2013 k\u00f6zvetve hozz\u00e1j\u00e1rulhat a term\u00e9szeti er\u0151forr\u00e1sok meg\u0151rz\u00e9s\u00e9hez, az ehhez sz\u00fcks\u00e9ges t\u00e1rsadalmi szeml\u00e9let \u00e9s int\u00e9zm\u00e9nyrendszer kialakul\u00e1s\u00e1hoz. A tanulm\u00e1ny \u00e1tfog\u00f3 k\u00e9pet ad a term\u00e9szeti er\u0151forr\u00e1sok \u00e1llapot\u00e1r\u00f3l, k\u00e9szleteir\u0151l, min\u0151s\u00e9g\u00e9r\u0151l, tov\u00e1bb\u00e1 inform\u00e1ci\u00f3kkal szolg\u00e1l az NFFS v\u00e9grehajt\u00e1s\u00e1nak \u00e1ll\u00e1s\u00e1r\u00f3l a term\u00e9szeti er\u0151forr\u00e1sok ter\u00fclet\u00e9n. A tanulm\u00e1nyban a fenntarthat\u00f3s\u00e1g fel\u00e9 val\u00f3 \u00e1tmenet h\u00e9t kulcster\u00fclet\u00e9n v\u00e9gezt\u00fck el az el\u0151rehalad\u00e1s \u00e9rt\u00e9kel\u00e9s\u00e9t. H\u00e9t kulcster\u00fcleten vizsg\u00e1ltuk az NFFS-hez \u00e9s m\u00e1s \u00e1gazati strat\u00e9giai dokumentumokhoz val\u00f3 kapcsol\u00f3d\u00e1st. A kulcster\u00fcleteken indik\u00e1torokkal mutattuk be a term\u00e9szeti er\u0151forr\u00e1sok \u00e1llapot\u00e1ban tapasztalhat\u00f3 tendenci\u00e1kat, tov\u00e1bb\u00e1 a fenntarthat\u00f3s\u00e1g fel\u00e9 val\u00f3 \u00e1tmenetet befoly\u00e1sol\u00f3 hajt\u00f3er\u0151ket. \u00e9rt\u00e9kelt\u00fck a kulcster\u00fclet helyzet\u00e9t a fenntarthat\u00f3s\u00e1g fel\u00e9 val\u00f3 \u00e1tmenet szempontj\u00e1b\u00f3l, majd javaslatokat tett\u00fcnk a term\u00e9szeti er\u0151forr\u00e1s monitoringra, az int\u00e9zked\u00e9sek nyomonk\u00f6vet\u00e9s\u00e9re \u00e9s a szervez\u00e9si\/int\u00e9zm\u00e9nyfejleszt\u00e9si l\u00e9p\u00e9sekre. V\u00e9g\u00fcl aj\u00e1nl\u00e1sokat tett\u00fcnk az NFFS esetleges sz\u00f6vegszer\u0171 m\u00f3dos\u00edt\u00e1s\u00e1ra.<\/p>\n<p style=\"text-align: justify;\">B\u0151vebben <a href=\"\/wp-content\/uploads\/2024\/12\/NFFS-INDIKATOROK_honlapra_osszefogl_final.pdf\">itt<\/a> olvashat r\u00f3la.<\/p>","protected":false},"excerpt":{"rendered":"<p class='Default' style='text-align: justify;'>Az Env-in-Cent Kft. befejezte a term\u00e9szeti er\u0151forr\u00e1sok mennyis\u00e9gi \u00e9s min\u0151s\u00e9gi \u00e1llapot\u00e1nak alakul\u00e1s\u00e1r\u00f3l sz\u00f3l\u00f3 elemz\u0151-\u00e9rt\u00e9kel\u0151 tanulm\u00e1ny\u00e1t. A tanulm\u00e1ny a Nemzeti Fenntarthat\u00f3s\u00e1gi Keretstrat\u00e9gia (NFFS) v\u00e9grehajt\u00e1si monitoring jelent\u00e9s\u00e9nek megalapoz\u00e1s\u00e1t szolg\u00e1lja.<\/p>","protected":false},"author":1,"featured_media":0,"comment_status":"closed","ping_status":"open","sticky":false,"template":"","format":"standard","meta":{"footnotes":""},"categories":[3],"tags":[],"class_list":["post-24","post","type-post","status-publish","format-standard","hentry","category-hirek"],"yoast_head":"<!-- This site is optimized with the Yoast SEO plugin v23.9 - https:\/\/yoast.com\/wordpress\/plugins\/seo\/ -->\n<title>Elk\u00e9sz\u00fclt az NFFS v\u00e9grehajt\u00e1s\u00e1nak el\u0151rehalad\u00e1s\u00e1r\u00f3l sz\u00f3l\u00f3 tanulm\u00e1ny- Env-in-Cent<\/title>\n<meta name=\"robots\" content=\"noindex, follow, max-snippet:-1, max-image-preview:large, max-video-preview:-1\" \/>\n<meta property=\"og:locale\" content=\"en_GB\" \/>\n<meta property=\"og:type\" content=\"article\" \/>\n<meta property=\"og:title\" content=\"Elk\u00e9sz\u00fclt az NFFS v\u00e9grehajt\u00e1s\u00e1nak el\u0151rehalad\u00e1s\u00e1r\u00f3l sz\u00f3l\u00f3 tanulm\u00e1ny- Env-in-Cent\" \/>\n<meta property=\"og:description\" content=\"Az Env-in-Cent Kft. befejezte a term\u00e9szeti er\u0151forr\u00e1sok mennyis\u00e9gi \u00e9s min\u0151s\u00e9gi \u00e1llapot\u00e1nak alakul\u00e1s\u00e1r\u00f3l sz\u00f3l\u00f3 elemz\u0151-\u00e9rt\u00e9kel\u0151 tanulm\u00e1ny\u00e1t. A tanulm\u00e1ny a Nemzeti Fenntarthat\u00f3s\u00e1gi Keretstrat\u00e9gia (NFFS) v\u00e9grehajt\u00e1si monitoring jelent\u00e9s\u00e9nek megalapoz\u00e1s\u00e1t szolg\u00e1lja.\" \/>\n<meta property=\"og:url\" content=\"https:\/\/env-in-cent.hu\/en\/2015\/11\/06\/elkeszult-az-nffs-vegrehajtasanak-elorehaladasarol-szolo-tanulmany\/\" \/>\n<meta property=\"og:site_name\" content=\"Env-in-Cent\" \/>\n<meta property=\"article:published_time\" content=\"2015-11-06T12:42:00+00:00\" \/>\n<meta property=\"article:modified_time\" content=\"2024-12-07T15:36:51+00:00\" \/>\n<meta name=\"author\" content=\"wpadmin\" \/>\n<meta name=\"twitter:card\" content=\"summary_large_image\" \/>\n<meta name=\"twitter:label1\" content=\"Written by\" \/>\n\t<meta name=\"twitter:data1\" content=\"wpadmin\" \/>\n\t<meta name=\"twitter:label2\" content=\"Estimated reading time\" \/>\n\t<meta name=\"twitter:data2\" content=\"1 minute\" \/>\n<script type=\"application\/ld+json\" class=\"yoast-schema-graph\">{\"@context\":\"https:\/\/schema.org\",\"@graph\":[{\"@type\":\"Article\",\"@id\":\"https:\/\/env-in-cent.hu\/2015\/11\/06\/elkeszult-az-nffs-vegrehajtasanak-elorehaladasarol-szolo-tanulmany\/#article\",\"isPartOf\":{\"@id\":\"https:\/\/env-in-cent.hu\/2015\/11\/06\/elkeszult-az-nffs-vegrehajtasanak-elorehaladasarol-szolo-tanulmany\/\"},\"author\":{\"name\":\"wpadmin\",\"@id\":\"https:\/\/env-in-cent.hu\/#\/schema\/person\/08a7dac74c2fe21558e1c2d5031c2286\"},\"headline\":\"Elk\u00e9sz\u00fclt az NFFS v\u00e9grehajt\u00e1s\u00e1nak el\u0151rehalad\u00e1s\u00e1r\u00f3l sz\u00f3l\u00f3 tanulm\u00e1ny-\",\"datePublished\":\"2015-11-06T12:42:00+00:00\",\"dateModified\":\"2024-12-07T15:36:51+00:00\",\"mainEntityOfPage\":{\"@id\":\"https:\/\/env-in-cent.hu\/2015\/11\/06\/elkeszult-az-nffs-vegrehajtasanak-elorehaladasarol-szolo-tanulmany\/\"},\"wordCount\":323,\"publisher\":{\"@id\":\"https:\/\/env-in-cent.hu\/#organization\"},\"articleSection\":[\"H\u00edrek\"],\"inLanguage\":\"en-GB\"},{\"@type\":\"WebPage\",\"@id\":\"https:\/\/env-in-cent.hu\/2015\/11\/06\/elkeszult-az-nffs-vegrehajtasanak-elorehaladasarol-szolo-tanulmany\/\",\"url\":\"https:\/\/env-in-cent.hu\/2015\/11\/06\/elkeszult-az-nffs-vegrehajtasanak-elorehaladasarol-szolo-tanulmany\/\",\"name\":\"Elk\u00e9sz\u00fclt az NFFS v\u00e9grehajt\u00e1s\u00e1nak el\u0151rehalad\u00e1s\u00e1r\u00f3l sz\u00f3l\u00f3 tanulm\u00e1ny- Env-in-Cent\",\"isPartOf\":{\"@id\":\"https:\/\/env-in-cent.hu\/#website\"},\"datePublished\":\"2015-11-06T12:42:00+00:00\",\"dateModified\":\"2024-12-07T15:36:51+00:00\",\"breadcrumb\":{\"@id\":\"https:\/\/env-in-cent.hu\/2015\/11\/06\/elkeszult-az-nffs-vegrehajtasanak-elorehaladasarol-szolo-tanulmany\/#breadcrumb\"},\"inLanguage\":\"en-GB\",\"potentialAction\":[{\"@type\":\"ReadAction\",\"target\":[\"https:\/\/env-in-cent.hu\/2015\/11\/06\/elkeszult-az-nffs-vegrehajtasanak-elorehaladasarol-szolo-tanulmany\/\"]}]},{\"@type\":\"BreadcrumbList\",\"@id\":\"https:\/\/env-in-cent.hu\/2015\/11\/06\/elkeszult-az-nffs-vegrehajtasanak-elorehaladasarol-szolo-tanulmany\/#breadcrumb\",\"itemListElement\":[{\"@type\":\"ListItem\",\"position\":1,\"name\":\"Kezd\u0151lap\",\"item\":\"https:\/\/env-in-cent.hu\/\"},{\"@type\":\"ListItem\",\"position\":2,\"name\":\"Elk\u00e9sz\u00fclt az NFFS v\u00e9grehajt\u00e1s\u00e1nak el\u0151rehalad\u00e1s\u00e1r\u00f3l sz\u00f3l\u00f3 tanulm\u00e1ny-\"}]},{\"@type\":\"WebSite\",\"@id\":\"https:\/\/env-in-cent.hu\/#website\",\"url\":\"https:\/\/env-in-cent.hu\/\",\"name\":\"Env-in-Cent\",\"description\":\"Env-in-Cent K\u00f6rnyezetv\u00e9delmi Tan\u00e1csad\u00f3 Iroda Kft.\",\"publisher\":{\"@id\":\"https:\/\/env-in-cent.hu\/#organization\"},\"potentialAction\":[{\"@type\":\"SearchAction\",\"target\":{\"@type\":\"EntryPoint\",\"urlTemplate\":\"https:\/\/env-in-cent.hu\/?s={search_term_string}\"},\"query-input\":{\"@type\":\"PropertyValueSpecification\",\"valueRequired\":true,\"valueName\":\"search_term_string\"}}],\"inLanguage\":\"en-GB\"},{\"@type\":\"Organization\",\"@id\":\"https:\/\/env-in-cent.hu\/#organization\",\"name\":\"Env-in-Cent\",\"url\":\"https:\/\/env-in-cent.hu\/\",\"logo\":{\"@type\":\"ImageObject\",\"inLanguage\":\"en-GB\",\"@id\":\"https:\/\/env-in-cent.hu\/#\/schema\/logo\/image\/\",\"url\":\"https:\/\/env-in-cent.hu\/wp-content\/uploads\/2024\/11\/logo.jpg\",\"contentUrl\":\"https:\/\/env-in-cent.hu\/wp-content\/uploads\/2024\/11\/logo.jpg\",\"width\":170,\"height\":62,\"caption\":\"Env-in-Cent\"},\"image\":{\"@id\":\"https:\/\/env-in-cent.hu\/#\/schema\/logo\/image\/\"}},{\"@type\":\"Person\",\"@id\":\"https:\/\/env-in-cent.hu\/#\/schema\/person\/08a7dac74c2fe21558e1c2d5031c2286\",\"name\":\"wpadmin\",\"image\":{\"@type\":\"ImageObject\",\"inLanguage\":\"en-GB\",\"@id\":\"https:\/\/env-in-cent.hu\/#\/schema\/person\/image\/\",\"url\":\"https:\/\/secure.gravatar.com\/avatar\/53a24cf06dbef3f89a60c98c61552040977719f05381b5a07034a7748ee6e029?s=96&d=mm&r=g\",\"contentUrl\":\"https:\/\/secure.gravatar.com\/avatar\/53a24cf06dbef3f89a60c98c61552040977719f05381b5a07034a7748ee6e029?s=96&d=mm&r=g\",\"caption\":\"wpadmin\"},\"sameAs\":[\"https:\/\/env-in-cent.hu\"],\"url\":\"https:\/\/env-in-cent.hu\/en\/author\/wpadmin\/\"}]}<\/script>\n<!-- \/ Yoast SEO plugin. -->","yoast_head_json":{"title":"Elk\u00e9sz\u00fclt az NFFS v\u00e9grehajt\u00e1s\u00e1nak el\u0151rehalad\u00e1s\u00e1r\u00f3l sz\u00f3l\u00f3 tanulm\u00e1ny- Env-in-Cent","robots":{"index":"noindex","follow":"follow","max-snippet":"max-snippet:-1","max-image-preview":"max-image-preview:large","max-video-preview":"max-video-preview:-1"},"og_locale":"en_GB","og_type":"article","og_title":"Elk\u00e9sz\u00fclt az NFFS v\u00e9grehajt\u00e1s\u00e1nak el\u0151rehalad\u00e1s\u00e1r\u00f3l sz\u00f3l\u00f3 tanulm\u00e1ny- Env-in-Cent","og_description":"Az Env-in-Cent Kft. befejezte a term\u00e9szeti er\u0151forr\u00e1sok mennyis\u00e9gi \u00e9s min\u0151s\u00e9gi \u00e1llapot\u00e1nak alakul\u00e1s\u00e1r\u00f3l sz\u00f3l\u00f3 elemz\u0151-\u00e9rt\u00e9kel\u0151 tanulm\u00e1ny\u00e1t. A tanulm\u00e1ny a Nemzeti Fenntarthat\u00f3s\u00e1gi Keretstrat\u00e9gia (NFFS) v\u00e9grehajt\u00e1si monitoring jelent\u00e9s\u00e9nek megalapoz\u00e1s\u00e1t szolg\u00e1lja.","og_url":"https:\/\/env-in-cent.hu\/en\/2015\/11\/06\/elkeszult-az-nffs-vegrehajtasanak-elorehaladasarol-szolo-tanulmany\/","og_site_name":"Env-in-Cent","article_published_time":"2015-11-06T12:42:00+00:00","article_modified_time":"2024-12-07T15:36:51+00:00","author":"wpadmin","twitter_card":"summary_large_image","twitter_misc":{"Written by":"wpadmin","Estimated reading time":"1 minute"},"schema":{"@context":"https:\/\/schema.org","@graph":[{"@type":"Article","@id":"https:\/\/env-in-cent.hu\/2015\/11\/06\/elkeszult-az-nffs-vegrehajtasanak-elorehaladasarol-szolo-tanulmany\/#article","isPartOf":{"@id":"https:\/\/env-in-cent.hu\/2015\/11\/06\/elkeszult-az-nffs-vegrehajtasanak-elorehaladasarol-szolo-tanulmany\/"},"author":{"name":"wpadmin","@id":"https:\/\/env-in-cent.hu\/#\/schema\/person\/08a7dac74c2fe21558e1c2d5031c2286"},"headline":"Elk\u00e9sz\u00fclt az NFFS v\u00e9grehajt\u00e1s\u00e1nak el\u0151rehalad\u00e1s\u00e1r\u00f3l sz\u00f3l\u00f3 tanulm\u00e1ny-","datePublished":"2015-11-06T12:42:00+00:00","dateModified":"2024-12-07T15:36:51+00:00","mainEntityOfPage":{"@id":"https:\/\/env-in-cent.hu\/2015\/11\/06\/elkeszult-az-nffs-vegrehajtasanak-elorehaladasarol-szolo-tanulmany\/"},"wordCount":323,"publisher":{"@id":"https:\/\/env-in-cent.hu\/#organization"},"articleSection":["H\u00edrek"],"inLanguage":"en-GB"},{"@type":"WebPage","@id":"https:\/\/env-in-cent.hu\/2015\/11\/06\/elkeszult-az-nffs-vegrehajtasanak-elorehaladasarol-szolo-tanulmany\/","url":"https:\/\/env-in-cent.hu\/2015\/11\/06\/elkeszult-az-nffs-vegrehajtasanak-elorehaladasarol-szolo-tanulmany\/","name":"Elk\u00e9sz\u00fclt az NFFS v\u00e9grehajt\u00e1s\u00e1nak el\u0151rehalad\u00e1s\u00e1r\u00f3l sz\u00f3l\u00f3 tanulm\u00e1ny- Env-in-Cent","isPartOf":{"@id":"https:\/\/env-in-cent.hu\/#website"},"datePublished":"2015-11-06T12:42:00+00:00","dateModified":"2024-12-07T15:36:51+00:00","breadcrumb":{"@id":"https:\/\/env-in-cent.hu\/2015\/11\/06\/elkeszult-az-nffs-vegrehajtasanak-elorehaladasarol-szolo-tanulmany\/#breadcrumb"},"inLanguage":"en-GB","potentialAction":[{"@type":"ReadAction","target":["https:\/\/env-in-cent.hu\/2015\/11\/06\/elkeszult-az-nffs-vegrehajtasanak-elorehaladasarol-szolo-tanulmany\/"]}]},{"@type":"BreadcrumbList","@id":"https:\/\/env-in-cent.hu\/2015\/11\/06\/elkeszult-az-nffs-vegrehajtasanak-elorehaladasarol-szolo-tanulmany\/#breadcrumb","itemListElement":[{"@type":"ListItem","position":1,"name":"Kezd\u0151lap","item":"https:\/\/env-in-cent.hu\/"},{"@type":"ListItem","position":2,"name":"Elk\u00e9sz\u00fclt az NFFS v\u00e9grehajt\u00e1s\u00e1nak el\u0151rehalad\u00e1s\u00e1r\u00f3l sz\u00f3l\u00f3 tanulm\u00e1ny-"}]},{"@type":"WebSite","@id":"https:\/\/env-in-cent.hu\/#website","url":"https:\/\/env-in-cent.hu\/","name":"Env-in-Cent","description":"Env-in-Cent K\u00f6rnyezetv\u00e9delmi Tan\u00e1csad\u00f3 Iroda Kft.","publisher":{"@id":"https:\/\/env-in-cent.hu\/#organization"},"potentialAction":[{"@type":"SearchAction","target":{"@type":"EntryPoint","urlTemplate":"https:\/\/env-in-cent.hu\/?s={search_term_string}"},"query-input":{"@type":"PropertyValueSpecification","valueRequired":true,"valueName":"search_term_string"}}],"inLanguage":"en-GB"},{"@type":"Organization","@id":"https:\/\/env-in-cent.hu\/#organization","name":"Env-in-Cent","url":"https:\/\/env-in-cent.hu\/","logo":{"@type":"ImageObject","inLanguage":"en-GB","@id":"https:\/\/env-in-cent.hu\/#\/schema\/logo\/image\/","url":"https:\/\/env-in-cent.hu\/wp-content\/uploads\/2024\/11\/logo.jpg","contentUrl":"https:\/\/env-in-cent.hu\/wp-content\/uploads\/2024\/11\/logo.jpg","width":170,"height":62,"caption":"Env-in-Cent"},"image":{"@id":"https:\/\/env-in-cent.hu\/#\/schema\/logo\/image\/"}},{"@type":"Person","@id":"https:\/\/env-in-cent.hu\/#\/schema\/person\/08a7dac74c2fe21558e1c2d5031c2286","name":"wpadmin","image":{"@type":"ImageObject","inLanguage":"en-GB","@id":"https:\/\/env-in-cent.hu\/#\/schema\/person\/image\/","url":"https:\/\/secure.gravatar.com\/avatar\/53a24cf06dbef3f89a60c98c61552040977719f05381b5a07034a7748ee6e029?s=96&d=mm&r=g","contentUrl":"https:\/\/secure.gravatar.com\/avatar\/53a24cf06dbef3f89a60c98c61552040977719f05381b5a07034a7748ee6e029?s=96&d=mm&r=g","caption":"wpadmin"},"sameAs":["https:\/\/env-in-cent.hu"],"url":"https:\/\/env-in-cent.hu\/en\/author\/wpadmin\/"}]}},"_links":{"self":[{"href":"https:\/\/env-in-cent.hu\/en\/wp-json\/wp\/v2\/posts\/24","targetHints":{"allow":["GET"]}}],"collection":[{"href":"https:\/\/env-in-cent.hu\/en\/wp-json\/wp\/v2\/posts"}],"about":[{"href":"https:\/\/env-in-cent.hu\/en\/wp-json\/wp\/v2\/types\/post"}],"author":[{"embeddable":true,"href":"https:\/\/env-in-cent.hu\/en\/wp-json\/wp\/v2\/users\/1"}],"replies":[{"embeddable":true,"href":"https:\/\/env-in-cent.hu\/en\/wp-json\/wp\/v2\/comments?post=24"}],"version-history":[{"count":3,"href":"https:\/\/env-in-cent.hu\/en\/wp-json\/wp\/v2\/posts\/24\/revisions"}],"predecessor-version":[{"id":559,"href":"https:\/\/env-in-cent.hu\/en\/wp-json\/wp\/v2\/posts\/24\/revisions\/559"}],"wp:attachment":[{"href":"https:\/\/env-in-cent.hu\/en\/wp-json\/wp\/v2\/media?parent=24"}],"wp:term":[{"taxonomy":"category","embeddable":true,"href":"https:\/\/env-in-cent.hu\/en\/wp-json\/wp\/v2\/categories?post=24"},{"taxonomy":"post_tag","embeddable":true,"href":"https:\/\/env-in-cent.hu\/en\/wp-json\/wp\/v2\/tags?post=24"}],"curies":[{"name":"wp","href":"https:\/\/api.w.org\/{rel}","templated":true}]}}