{"id":22,"date":"2015-01-12T00:00:00","date_gmt":"2015-01-12T00:00:00","guid":{"rendered":"https:\/\/env-in-cent.hu\/?p=22"},"modified":"2024-12-07T15:39:43","modified_gmt":"2024-12-07T15:39:43","slug":"15-eves-az-env-in-cent-kft","status":"publish","type":"post","link":"https:\/\/env-in-cent.hu\/en\/2015\/01\/12\/15-eves-az-env-in-cent-kft\/","title":{"rendered":"15 \u00e9ves az Env-in-Cent Kft-!"},"content":{"rendered":"<p style=\"text-align: justify;\">A hazai z\u00f6ldgazdas\u00e1g-fejleszt\u00e9s r\u00e9sz\u00e9r\u0151l l\u00e9nyeges t\u00f6rekv\u00e9s (\u00e9s egyben br\u00fcsszeli elv\u00e1r\u00e1s is), hogy az EU forr\u00e1sokb\u00f3l megval\u00f3sul\u00f3 fejleszt\u00e9sek seg\u00edts\u00e9k el\u0151 a fenntarthat\u00f3s\u00e1g fel\u00e9 t\u00f6rt\u00e9n\u0151 \u00e1tmenetet. M\u00e1s sz\u00f3val, a konkr\u00e9t projekteknek &#8211; a fejleszt\u00e9si c\u00e9lkit\u0171z\u00e9sek teljes\u00edt\u00e9se mellett \u2013 k\u00f6rnyezetv\u00e9delmi, \u00e9ghajlatv\u00e9delmi eredm\u00e9nyt, hozad\u00e9kot is fel kell(ene) mutatniuk. E k\u00edv\u00e1nalom szorosan kapcsol\u00f3dik a projekt monitoring feladatokhoz: biztos\u00edtani kell, hogy a fejleszt\u00e9sek z\u00f6ld\u00edt\u00e9si hat\u00e1sai nyomon k\u00f6vethet\u0151k legyenek, s\u0151t, amennyire lehets\u00e9ges, a projektek z\u00f6dgazdas\u00e1g-fejleszt\u00e9si p\u00e1ly\u00e1ra \u00e1ll\u00edt\u00e1s\u00e1t is seg\u00edtse a projekt monitoring. F\u0151 c\u00e9lkit\u0171z\u00e9s\u00fcnk egy olyan becsl\u00e9si m\u00f3dszer kidolgoz\u00e1sa volt, amely t\u00e1mpontot adhat a k\u00fcl\u00f6nb\u00f6z\u0151 c\u00e9l\u00fa beavatkoz\u00e1sok (fejleszt\u00e9sek, projektek) k\u00f6rnyezeti, z\u00f6ldgazdas\u00e1g-fejleszt\u00e9si \u201dj\u00f3s\u00e1g\u00e1nak\u201d objekt\u00edv meg\u00edt\u00e9l\u00e9s\u00e9re. A munka sor\u00e1n egy olyan m\u00f3dszertant dolgoztunk ki, amely tervez\u0151i seg\u00e9dletk\u00e9nt alkalmazhat\u00f3 a k\u00fcl\u00f6nf\u00e9le \u00e1gazati vagy region\u00e1lis int\u00e9zked\u00e9sek \u201ez\u00f6ld\u201d teljes\u00edtm\u00e9ny\u00e9nek el\u0151zetes vizsg\u00e1lat\u00e1ra. A m\u00f3dszertan egyfajta \u201egyorsteszt\u201d: alkalmas nagy t\u00f6meg\u0171 int\u00e9zked\u00e9shalmaz (pl. alternat\u00edv\u00e1k) viszonylag r\u00f6vid id\u0151 alatt kivitelezhet\u0151, egyszer\u0171, \u00e9s sz\u00e1mszer\u0171s\u00edthet\u0151 k\u00f6rnyezeti szempont\u00fa vizsg\u00e1lat\u00e1ra. A m\u00f3dszertan indik\u00e1torok alkalmaz\u00e1sa n\u00e9lk\u00fcl \u201dm\u0171k\u00f6dik\u201d az indik\u00e1torokat feleletv\u00e1laszt\u00e1sos szak\u00e9rt\u0151i \u00e9rt\u00e9kel\u00e9ssel helyettes\u00edti. Szint\u00e9n l\u00e9nyeges eleme az \u00e1ltalunk kidogozott \u201ehozz\u00e1adott \u00e9rt\u00e9k\u201d m\u00f3dszertannak, hogy lehet\u0151v\u00e9 teszi az int\u00e9zked\u00e9sek k\u00f6rnyezeti teljes\u00edtm\u00e9ny\u00e9nek jav\u00edt\u00e1s\u00e1t is.<\/p>\n<p style=\"text-align: justify;\">B\u0151vebben <a href=\"\/wp-content\/uploads\/2024\/12\/EiC_15eves_HOZZAADOTT_ERTEK_honlapra_osszefogl_final_150112.pdf\" data-wplink-edit=\"true\">itt<\/a> olvashat err\u0151l.<\/p>\n\n\n<p><\/p>","protected":false},"excerpt":{"rendered":"<p>T\u00e1rsas\u00e1gunk jogel\u0151dje, az Env-in-Cent K\u00f6zkereseti T\u00e1rsas\u00e1g, az ezredfordul\u00f3 \u00e9v\u00e9ben, janu\u00e1r els\u0151 napjaiban kezdte meg m\u0171k\u00f6d\u00e9s\u00e9t. Az elm\u00falt m\u00e1sf\u00e9l \u00e9vtizedben 127 megb\u00edz\u00e1snak tett\u00fcnk eleget, k\u00f6zel 100 szak\u00e9rt\u0151vel dolgoztunk, tanulm\u00e1nyaink, elemz\u00e9seink \u00f6sszes oldalsz\u00e1ma megk\u00f6zel\u00edti a h\u00faszezer oldalt. A 15. sz\u00fclet\u00e9snapunkat egy 2003. \u00e9vben k\u00e9sz\u00fclt &#8211; a fejleszt\u00e9spolitikai beavatkoz\u00e1sok k\u00f6rnyezeti teljes\u00edtm\u00e9ny\u00e9nek \u00e9rt\u00e9kel\u00e9s\u00e9r\u0151l sz\u00f3l\u00f3, \u00e1m ma is aktu\u00e1lis \u2013 tanulm\u00e1nyunk friss\u00edt\u00e9s\u00e9vel, aktualiz\u00e1l\u00e1s\u00e1val \u00fcnnepelj\u00fck.<\/p>","protected":false},"author":1,"featured_media":466,"comment_status":"closed","ping_status":"open","sticky":false,"template":"","format":"standard","meta":{"footnotes":""},"categories":[3],"tags":[],"class_list":["post-22","post","type-post","status-publish","format-standard","has-post-thumbnail","hentry","category-hirek"],"yoast_head":"<!-- This site is optimized with the Yoast SEO plugin v23.9 - https:\/\/yoast.com\/wordpress\/plugins\/seo\/ -->\n<title>15 \u00e9ves az Env-in-Cent Kft-! - Env-in-Cent<\/title>\n<meta name=\"robots\" content=\"noindex, follow, max-snippet:-1, max-image-preview:large, max-video-preview:-1\" \/>\n<meta property=\"og:locale\" content=\"en_GB\" \/>\n<meta property=\"og:type\" content=\"article\" \/>\n<meta property=\"og:title\" content=\"15 \u00e9ves az Env-in-Cent Kft-! - Env-in-Cent\" \/>\n<meta property=\"og:description\" content=\"T\u00e1rsas\u00e1gunk jogel\u0151dje, az Env-in-Cent K\u00f6zkereseti T\u00e1rsas\u00e1g, az ezredfordul\u00f3 \u00e9v\u00e9ben, janu\u00e1r els\u0151 napjaiban kezdte meg m\u0171k\u00f6d\u00e9s\u00e9t. Az elm\u00falt m\u00e1sf\u00e9l \u00e9vtizedben 127 megb\u00edz\u00e1snak tett\u00fcnk eleget, k\u00f6zel 100 szak\u00e9rt\u0151vel dolgoztunk, tanulm\u00e1nyaink, elemz\u00e9seink \u00f6sszes oldalsz\u00e1ma megk\u00f6zel\u00edti a h\u00faszezer oldalt. A 15. sz\u00fclet\u00e9snapunkat egy 2003. \u00e9vben k\u00e9sz\u00fclt - a fejleszt\u00e9spolitikai beavatkoz\u00e1sok k\u00f6rnyezeti teljes\u00edtm\u00e9ny\u00e9nek \u00e9rt\u00e9kel\u00e9s\u00e9r\u0151l sz\u00f3l\u00f3, \u00e1m ma is aktu\u00e1lis \u2013 tanulm\u00e1nyunk friss\u00edt\u00e9s\u00e9vel, aktualiz\u00e1l\u00e1s\u00e1val \u00fcnnepelj\u00fck.\" \/>\n<meta property=\"og:url\" content=\"https:\/\/env-in-cent.hu\/en\/2015\/01\/12\/15-eves-az-env-in-cent-kft\/\" \/>\n<meta property=\"og:site_name\" content=\"Env-in-Cent\" \/>\n<meta property=\"article:published_time\" content=\"2015-01-12T00:00:00+00:00\" \/>\n<meta property=\"article:modified_time\" content=\"2024-12-07T15:39:43+00:00\" \/>\n<meta name=\"author\" content=\"wpadmin\" \/>\n<meta name=\"twitter:card\" content=\"summary_large_image\" \/>\n<meta name=\"twitter:label1\" content=\"Written by\" \/>\n\t<meta name=\"twitter:data1\" content=\"wpadmin\" \/>\n\t<meta name=\"twitter:label2\" content=\"Estimated reading time\" \/>\n\t<meta name=\"twitter:data2\" content=\"2 minutes\" \/>\n<script type=\"application\/ld+json\" class=\"yoast-schema-graph\">{\"@context\":\"https:\/\/schema.org\",\"@graph\":[{\"@type\":\"Article\",\"@id\":\"https:\/\/env-in-cent.hu\/2015\/01\/12\/15-eves-az-env-in-cent-kft\/#article\",\"isPartOf\":{\"@id\":\"https:\/\/env-in-cent.hu\/2015\/01\/12\/15-eves-az-env-in-cent-kft\/\"},\"author\":{\"name\":\"wpadmin\",\"@id\":\"https:\/\/env-in-cent.hu\/#\/schema\/person\/08a7dac74c2fe21558e1c2d5031c2286\"},\"headline\":\"15 \u00e9ves az Env-in-Cent Kft-!\",\"datePublished\":\"2015-01-12T00:00:00+00:00\",\"dateModified\":\"2024-12-07T15:39:43+00:00\",\"mainEntityOfPage\":{\"@id\":\"https:\/\/env-in-cent.hu\/2015\/01\/12\/15-eves-az-env-in-cent-kft\/\"},\"wordCount\":325,\"publisher\":{\"@id\":\"https:\/\/env-in-cent.hu\/#organization\"},\"image\":{\"@id\":\"https:\/\/env-in-cent.hu\/2015\/01\/12\/15-eves-az-env-in-cent-kft\/#primaryimage\"},\"thumbnailUrl\":\"https:\/\/env-in-cent.hu\/wp-content\/uploads\/2015\/01\/EiC_15evesvegso1.bmp\",\"articleSection\":[\"H\u00edrek\"],\"inLanguage\":\"en-GB\"},{\"@type\":\"WebPage\",\"@id\":\"https:\/\/env-in-cent.hu\/2015\/01\/12\/15-eves-az-env-in-cent-kft\/\",\"url\":\"https:\/\/env-in-cent.hu\/2015\/01\/12\/15-eves-az-env-in-cent-kft\/\",\"name\":\"15 \u00e9ves az Env-in-Cent Kft-! - Env-in-Cent\",\"isPartOf\":{\"@id\":\"https:\/\/env-in-cent.hu\/#website\"},\"primaryImageOfPage\":{\"@id\":\"https:\/\/env-in-cent.hu\/2015\/01\/12\/15-eves-az-env-in-cent-kft\/#primaryimage\"},\"image\":{\"@id\":\"https:\/\/env-in-cent.hu\/2015\/01\/12\/15-eves-az-env-in-cent-kft\/#primaryimage\"},\"thumbnailUrl\":\"https:\/\/env-in-cent.hu\/wp-content\/uploads\/2015\/01\/EiC_15evesvegso1.bmp\",\"datePublished\":\"2015-01-12T00:00:00+00:00\",\"dateModified\":\"2024-12-07T15:39:43+00:00\",\"breadcrumb\":{\"@id\":\"https:\/\/env-in-cent.hu\/2015\/01\/12\/15-eves-az-env-in-cent-kft\/#breadcrumb\"},\"inLanguage\":\"en-GB\",\"potentialAction\":[{\"@type\":\"ReadAction\",\"target\":[\"https:\/\/env-in-cent.hu\/2015\/01\/12\/15-eves-az-env-in-cent-kft\/\"]}]},{\"@type\":\"ImageObject\",\"inLanguage\":\"en-GB\",\"@id\":\"https:\/\/env-in-cent.hu\/2015\/01\/12\/15-eves-az-env-in-cent-kft\/#primaryimage\",\"url\":\"https:\/\/env-in-cent.hu\/wp-content\/uploads\/2015\/01\/EiC_15evesvegso1.bmp\",\"contentUrl\":\"https:\/\/env-in-cent.hu\/wp-content\/uploads\/2015\/01\/EiC_15evesvegso1.bmp\",\"width\":126,\"height\":110},{\"@type\":\"BreadcrumbList\",\"@id\":\"https:\/\/env-in-cent.hu\/2015\/01\/12\/15-eves-az-env-in-cent-kft\/#breadcrumb\",\"itemListElement\":[{\"@type\":\"ListItem\",\"position\":1,\"name\":\"Kezd\u0151lap\",\"item\":\"https:\/\/env-in-cent.hu\/\"},{\"@type\":\"ListItem\",\"position\":2,\"name\":\"15 \u00e9ves az Env-in-Cent Kft-!\"}]},{\"@type\":\"WebSite\",\"@id\":\"https:\/\/env-in-cent.hu\/#website\",\"url\":\"https:\/\/env-in-cent.hu\/\",\"name\":\"Env-in-Cent\",\"description\":\"Env-in-Cent K\u00f6rnyezetv\u00e9delmi Tan\u00e1csad\u00f3 Iroda Kft.\",\"publisher\":{\"@id\":\"https:\/\/env-in-cent.hu\/#organization\"},\"potentialAction\":[{\"@type\":\"SearchAction\",\"target\":{\"@type\":\"EntryPoint\",\"urlTemplate\":\"https:\/\/env-in-cent.hu\/?s={search_term_string}\"},\"query-input\":{\"@type\":\"PropertyValueSpecification\",\"valueRequired\":true,\"valueName\":\"search_term_string\"}}],\"inLanguage\":\"en-GB\"},{\"@type\":\"Organization\",\"@id\":\"https:\/\/env-in-cent.hu\/#organization\",\"name\":\"Env-in-Cent\",\"url\":\"https:\/\/env-in-cent.hu\/\",\"logo\":{\"@type\":\"ImageObject\",\"inLanguage\":\"en-GB\",\"@id\":\"https:\/\/env-in-cent.hu\/#\/schema\/logo\/image\/\",\"url\":\"https:\/\/env-in-cent.hu\/wp-content\/uploads\/2024\/11\/logo.jpg\",\"contentUrl\":\"https:\/\/env-in-cent.hu\/wp-content\/uploads\/2024\/11\/logo.jpg\",\"width\":170,\"height\":62,\"caption\":\"Env-in-Cent\"},\"image\":{\"@id\":\"https:\/\/env-in-cent.hu\/#\/schema\/logo\/image\/\"}},{\"@type\":\"Person\",\"@id\":\"https:\/\/env-in-cent.hu\/#\/schema\/person\/08a7dac74c2fe21558e1c2d5031c2286\",\"name\":\"wpadmin\",\"image\":{\"@type\":\"ImageObject\",\"inLanguage\":\"en-GB\",\"@id\":\"https:\/\/env-in-cent.hu\/#\/schema\/person\/image\/\",\"url\":\"https:\/\/secure.gravatar.com\/avatar\/53a24cf06dbef3f89a60c98c61552040977719f05381b5a07034a7748ee6e029?s=96&d=mm&r=g\",\"contentUrl\":\"https:\/\/secure.gravatar.com\/avatar\/53a24cf06dbef3f89a60c98c61552040977719f05381b5a07034a7748ee6e029?s=96&d=mm&r=g\",\"caption\":\"wpadmin\"},\"sameAs\":[\"https:\/\/env-in-cent.hu\"],\"url\":\"https:\/\/env-in-cent.hu\/en\/author\/wpadmin\/\"}]}<\/script>\n<!-- \/ Yoast SEO plugin. -->","yoast_head_json":{"title":"15 \u00e9ves az Env-in-Cent Kft-! - Env-in-Cent","robots":{"index":"noindex","follow":"follow","max-snippet":"max-snippet:-1","max-image-preview":"max-image-preview:large","max-video-preview":"max-video-preview:-1"},"og_locale":"en_GB","og_type":"article","og_title":"15 \u00e9ves az Env-in-Cent Kft-! - Env-in-Cent","og_description":"T\u00e1rsas\u00e1gunk jogel\u0151dje, az Env-in-Cent K\u00f6zkereseti T\u00e1rsas\u00e1g, az ezredfordul\u00f3 \u00e9v\u00e9ben, janu\u00e1r els\u0151 napjaiban kezdte meg m\u0171k\u00f6d\u00e9s\u00e9t. Az elm\u00falt m\u00e1sf\u00e9l \u00e9vtizedben 127 megb\u00edz\u00e1snak tett\u00fcnk eleget, k\u00f6zel 100 szak\u00e9rt\u0151vel dolgoztunk, tanulm\u00e1nyaink, elemz\u00e9seink \u00f6sszes oldalsz\u00e1ma megk\u00f6zel\u00edti a h\u00faszezer oldalt. A 15. sz\u00fclet\u00e9snapunkat egy 2003. \u00e9vben k\u00e9sz\u00fclt - a fejleszt\u00e9spolitikai beavatkoz\u00e1sok k\u00f6rnyezeti teljes\u00edtm\u00e9ny\u00e9nek \u00e9rt\u00e9kel\u00e9s\u00e9r\u0151l sz\u00f3l\u00f3, \u00e1m ma is aktu\u00e1lis \u2013 tanulm\u00e1nyunk friss\u00edt\u00e9s\u00e9vel, aktualiz\u00e1l\u00e1s\u00e1val \u00fcnnepelj\u00fck.","og_url":"https:\/\/env-in-cent.hu\/en\/2015\/01\/12\/15-eves-az-env-in-cent-kft\/","og_site_name":"Env-in-Cent","article_published_time":"2015-01-12T00:00:00+00:00","article_modified_time":"2024-12-07T15:39:43+00:00","author":"wpadmin","twitter_card":"summary_large_image","twitter_misc":{"Written by":"wpadmin","Estimated reading time":"2 minutes"},"schema":{"@context":"https:\/\/schema.org","@graph":[{"@type":"Article","@id":"https:\/\/env-in-cent.hu\/2015\/01\/12\/15-eves-az-env-in-cent-kft\/#article","isPartOf":{"@id":"https:\/\/env-in-cent.hu\/2015\/01\/12\/15-eves-az-env-in-cent-kft\/"},"author":{"name":"wpadmin","@id":"https:\/\/env-in-cent.hu\/#\/schema\/person\/08a7dac74c2fe21558e1c2d5031c2286"},"headline":"15 \u00e9ves az Env-in-Cent Kft-!","datePublished":"2015-01-12T00:00:00+00:00","dateModified":"2024-12-07T15:39:43+00:00","mainEntityOfPage":{"@id":"https:\/\/env-in-cent.hu\/2015\/01\/12\/15-eves-az-env-in-cent-kft\/"},"wordCount":325,"publisher":{"@id":"https:\/\/env-in-cent.hu\/#organization"},"image":{"@id":"https:\/\/env-in-cent.hu\/2015\/01\/12\/15-eves-az-env-in-cent-kft\/#primaryimage"},"thumbnailUrl":"https:\/\/env-in-cent.hu\/wp-content\/uploads\/2015\/01\/EiC_15evesvegso1.bmp","articleSection":["H\u00edrek"],"inLanguage":"en-GB"},{"@type":"WebPage","@id":"https:\/\/env-in-cent.hu\/2015\/01\/12\/15-eves-az-env-in-cent-kft\/","url":"https:\/\/env-in-cent.hu\/2015\/01\/12\/15-eves-az-env-in-cent-kft\/","name":"15 \u00e9ves az Env-in-Cent Kft-! - Env-in-Cent","isPartOf":{"@id":"https:\/\/env-in-cent.hu\/#website"},"primaryImageOfPage":{"@id":"https:\/\/env-in-cent.hu\/2015\/01\/12\/15-eves-az-env-in-cent-kft\/#primaryimage"},"image":{"@id":"https:\/\/env-in-cent.hu\/2015\/01\/12\/15-eves-az-env-in-cent-kft\/#primaryimage"},"thumbnailUrl":"https:\/\/env-in-cent.hu\/wp-content\/uploads\/2015\/01\/EiC_15evesvegso1.bmp","datePublished":"2015-01-12T00:00:00+00:00","dateModified":"2024-12-07T15:39:43+00:00","breadcrumb":{"@id":"https:\/\/env-in-cent.hu\/2015\/01\/12\/15-eves-az-env-in-cent-kft\/#breadcrumb"},"inLanguage":"en-GB","potentialAction":[{"@type":"ReadAction","target":["https:\/\/env-in-cent.hu\/2015\/01\/12\/15-eves-az-env-in-cent-kft\/"]}]},{"@type":"ImageObject","inLanguage":"en-GB","@id":"https:\/\/env-in-cent.hu\/2015\/01\/12\/15-eves-az-env-in-cent-kft\/#primaryimage","url":"https:\/\/env-in-cent.hu\/wp-content\/uploads\/2015\/01\/EiC_15evesvegso1.bmp","contentUrl":"https:\/\/env-in-cent.hu\/wp-content\/uploads\/2015\/01\/EiC_15evesvegso1.bmp","width":126,"height":110},{"@type":"BreadcrumbList","@id":"https:\/\/env-in-cent.hu\/2015\/01\/12\/15-eves-az-env-in-cent-kft\/#breadcrumb","itemListElement":[{"@type":"ListItem","position":1,"name":"Kezd\u0151lap","item":"https:\/\/env-in-cent.hu\/"},{"@type":"ListItem","position":2,"name":"15 \u00e9ves az Env-in-Cent Kft-!"}]},{"@type":"WebSite","@id":"https:\/\/env-in-cent.hu\/#website","url":"https:\/\/env-in-cent.hu\/","name":"Env-in-Cent","description":"Env-in-Cent K\u00f6rnyezetv\u00e9delmi Tan\u00e1csad\u00f3 Iroda Kft.","publisher":{"@id":"https:\/\/env-in-cent.hu\/#organization"},"potentialAction":[{"@type":"SearchAction","target":{"@type":"EntryPoint","urlTemplate":"https:\/\/env-in-cent.hu\/?s={search_term_string}"},"query-input":{"@type":"PropertyValueSpecification","valueRequired":true,"valueName":"search_term_string"}}],"inLanguage":"en-GB"},{"@type":"Organization","@id":"https:\/\/env-in-cent.hu\/#organization","name":"Env-in-Cent","url":"https:\/\/env-in-cent.hu\/","logo":{"@type":"ImageObject","inLanguage":"en-GB","@id":"https:\/\/env-in-cent.hu\/#\/schema\/logo\/image\/","url":"https:\/\/env-in-cent.hu\/wp-content\/uploads\/2024\/11\/logo.jpg","contentUrl":"https:\/\/env-in-cent.hu\/wp-content\/uploads\/2024\/11\/logo.jpg","width":170,"height":62,"caption":"Env-in-Cent"},"image":{"@id":"https:\/\/env-in-cent.hu\/#\/schema\/logo\/image\/"}},{"@type":"Person","@id":"https:\/\/env-in-cent.hu\/#\/schema\/person\/08a7dac74c2fe21558e1c2d5031c2286","name":"wpadmin","image":{"@type":"ImageObject","inLanguage":"en-GB","@id":"https:\/\/env-in-cent.hu\/#\/schema\/person\/image\/","url":"https:\/\/secure.gravatar.com\/avatar\/53a24cf06dbef3f89a60c98c61552040977719f05381b5a07034a7748ee6e029?s=96&d=mm&r=g","contentUrl":"https:\/\/secure.gravatar.com\/avatar\/53a24cf06dbef3f89a60c98c61552040977719f05381b5a07034a7748ee6e029?s=96&d=mm&r=g","caption":"wpadmin"},"sameAs":["https:\/\/env-in-cent.hu"],"url":"https:\/\/env-in-cent.hu\/en\/author\/wpadmin\/"}]}},"_links":{"self":[{"href":"https:\/\/env-in-cent.hu\/en\/wp-json\/wp\/v2\/posts\/22","targetHints":{"allow":["GET"]}}],"collection":[{"href":"https:\/\/env-in-cent.hu\/en\/wp-json\/wp\/v2\/posts"}],"about":[{"href":"https:\/\/env-in-cent.hu\/en\/wp-json\/wp\/v2\/types\/post"}],"author":[{"embeddable":true,"href":"https:\/\/env-in-cent.hu\/en\/wp-json\/wp\/v2\/users\/1"}],"replies":[{"embeddable":true,"href":"https:\/\/env-in-cent.hu\/en\/wp-json\/wp\/v2\/comments?post=22"}],"version-history":[{"count":3,"href":"https:\/\/env-in-cent.hu\/en\/wp-json\/wp\/v2\/posts\/22\/revisions"}],"predecessor-version":[{"id":563,"href":"https:\/\/env-in-cent.hu\/en\/wp-json\/wp\/v2\/posts\/22\/revisions\/563"}],"wp:featuredmedia":[{"embeddable":true,"href":"https:\/\/env-in-cent.hu\/en\/wp-json\/wp\/v2\/media\/466"}],"wp:attachment":[{"href":"https:\/\/env-in-cent.hu\/en\/wp-json\/wp\/v2\/media?parent=22"}],"wp:term":[{"taxonomy":"category","embeddable":true,"href":"https:\/\/env-in-cent.hu\/en\/wp-json\/wp\/v2\/categories?post=22"},{"taxonomy":"post_tag","embeddable":true,"href":"https:\/\/env-in-cent.hu\/en\/wp-json\/wp\/v2\/tags?post=22"}],"curies":[{"name":"wp","href":"https:\/\/api.w.org\/{rel}","templated":true}]}}