{"id":19,"date":"2016-02-15T00:00:00","date_gmt":"2016-02-15T00:00:00","guid":{"rendered":"https:\/\/env-in-cent.hu\/?p=19"},"modified":"2024-12-07T15:33:26","modified_gmt":"2024-12-07T15:33:26","slug":"elkeszult-a-villamosenergia-termelesi-celu-megujulo-energiahordozok-fenntarthatosagi-ertekelese-c-tanulmany","status":"publish","type":"post","link":"https:\/\/env-in-cent.hu\/en\/2016\/02\/15\/elkeszult-a-villamosenergia-termelesi-celu-megujulo-energiahordozok-fenntarthatosagi-ertekelese-c-tanulmany\/","title":{"rendered":"Elk\u00e9sz\u00fclt a Villamosenergia termel\u00e9si c\u00e9l\u00fa meg\u00fajul\u00f3 energiahordoz\u00f3k fenntarthat\u00f3s\u00e1gi \u00e9rt\u00e9kel\u00e9se c- tanulm\u00e1ny"},"content":{"rendered":"<p style=\"text-align: justify;\">2015. j\u00fanius 5-\u00e9n, a k\u00f6rnyezetv\u00e9delem vil\u00e1gnapj\u00e1n, az Eur\u00f3pai Fenntarthat\u00f3s\u00e1gi H\u00e9t r\u00e9szek\u00e9nt a Budapesti M\u0171szaki \u00e9s Gazdas\u00e1gtudom\u00e1nyi Egyetem K\u00f6rnyezetgazdas\u00e1gtan Tansz\u00e9ke \u00e1ltal megrendez\u00e9sre ker\u00fclt a \u201e<em>Fenntarthat\u00f3s\u00e1g &#8211; ut\u00f3pia vagy realit\u00e1s<\/em>?\u201d c. konferencia, ahol bemutat\u00e1sra ker\u00fclt az Env-in-Cent Kft. koordin\u00e1l\u00e1s\u00e1val k\u00e9sz\u00edtett \u201e<em>Egyes villamosenergia termel\u00e9si c\u00e9l\u00fa meg\u00fajul\u00f3 energiahordoz\u00f3k fenntarthat\u00f3s\u00e1gi \u00e9rt\u00e9kel\u00e9se<\/em>\u201d c. tudom\u00e1nyos munka. A 2016. \u00e9v febru\u00e1rj\u00e1ban a Konferenciak\u00f6tetben megjelent kutat\u00e1sunk keret\u00e9ben megvizsg\u00e1ltuk, hogy a villamosenergiatermel\u00e9si c\u00e9l\u00fa meg\u00fajul\u00f3 energiaforr\u00e1sok hazai alkalmaz\u00e1sa milyen m\u00e9rt\u00e9kben j\u00e1rul hozz\u00e1 a fenntarthat\u00f3s\u00e1g fel\u00e9 val\u00f3 \u00e1tmenethez. Felt\u00e1rtuk, hogy az egyes technol\u00f3giai alkalmaz\u00e1sok vonatkoz\u00e1s\u00e1ban milyen fenntarthat\u00f3s\u00e1gi korl\u00e1tok, krit\u00e9riumok azonos\u00edthat\u00f3k. A m\u00f3dszertan a Nemzeti Fenntarthat\u00f3 Fejl\u0151d\u00e9si Keretstrat\u00e9gia c\u00e9lrendszer\u00e9vel \u00f6sszhangban ker\u00fclt kidolgoz\u00e1sra, a kidolgozott 6 fenntarthat\u00f3s\u00e1gi teljes\u00edtm\u00e9ny index meghat\u00e1roz\u00e1s\u00e1val lehet\u0151s\u00e9g ny\u00edlik az el\u0151ny\u00f6k \u00e9s h\u00e1tr\u00e1nyok indik\u00e1torcsoportonk\u00e9nti \u00f6sszehasonl\u00edt\u00f3 m\u00e9rlegel\u00e9s\u00e9re, amely r\u00e9v\u00e9n megtal\u00e1lhat\u00f3k a vizsg\u00e1lt energiatermel\u0151 folyamatok fenntarthat\u00f3s\u00e1g\u00e1nak jav\u00edt\u00e1si lehet\u0151s\u00e9gei is. \u00e9rt\u00e9kel\u00e9s\u00fcnk nem k\u00edv\u00e1n \u00edt\u00e9letet alkotni arra vonatkoz\u00f3an, hogy az adott energiaforr\u00e1s fenntarthat\u00f3-e vagy sem, hanem egy olyan eszk\u00f6z kifejleszt\u00e9s\u00e9vel t\u00e1mogatja a meg\u00fajul\u00f3 er\u0151forr\u00e1sokhoz kapcsol\u00f3d\u00f3 tervez\u00e9st, amely az er\u0151forr\u00e1sok k\u00f6rnyezeti hat\u00e1sainak \u00f6sszehasonl\u00edt\u00e1s\u00e1ra alkalmas.<\/p>\n<p style=\"text-align: justify;\">A kutat\u00e1s \u00f6sszefoglal\u00f3ja <a href=\"\/wp-content\/uploads\/2024\/12\/Megujulok-ff-ertekelese_honlapra_final_160404_1.pdf\"><u>i<\/u><u>t<\/u><u>t<\/u><\/a> \u00e9rhet\u0151 el.<\/p>","protected":false},"excerpt":{"rendered":"<p>A Budapesti M\u0171szaki \u00e9s Gazdas\u00e1gtudom\u00e1nyi Egyetem K\u00f6rnyezetgazdas\u00e1gtan Tansz\u00e9ke \u00e1ltal megrendezett \u201e<em>Fenntarthat\u00f3s\u00e1g &#8211; ut\u00f3pia vagy realit\u00e1s?\u201d<\/em> elnevez\u00e9s\u0171 konferencia Konferenciak\u00f6tet\u00e9ben megjelent az \u201e<em>Egyes villamosenergia termel\u00e9si c\u00e9l\u00fa meg\u00fajul\u00f3 energiahordoz\u00f3k fenntarthat\u00f3s\u00e1gi \u00e9rt\u00e9kel\u00e9se<\/em>\u201d c. tudom\u00e1nyos munk\u00e1nk.<\/p>","protected":false},"author":1,"featured_media":454,"comment_status":"closed","ping_status":"open","sticky":false,"template":"","format":"standard","meta":{"footnotes":""},"categories":[3],"tags":[],"class_list":["post-19","post","type-post","status-publish","format-standard","has-post-thumbnail","hentry","category-hirek"],"yoast_head":"<!-- This site is optimized with the Yoast SEO plugin v23.9 - https:\/\/yoast.com\/wordpress\/plugins\/seo\/ -->\n<title>Elk\u00e9sz\u00fclt a Villamosenergia termel\u00e9si c\u00e9l\u00fa meg\u00fajul\u00f3 energiahordoz\u00f3k fenntarthat\u00f3s\u00e1gi \u00e9rt\u00e9kel\u00e9se c- tanulm\u00e1ny - Env-in-Cent<\/title>\n<meta name=\"robots\" content=\"noindex, follow, max-snippet:-1, max-image-preview:large, max-video-preview:-1\" \/>\n<meta property=\"og:locale\" content=\"en_GB\" \/>\n<meta property=\"og:type\" content=\"article\" \/>\n<meta property=\"og:title\" content=\"Elk\u00e9sz\u00fclt a Villamosenergia termel\u00e9si c\u00e9l\u00fa meg\u00fajul\u00f3 energiahordoz\u00f3k fenntarthat\u00f3s\u00e1gi \u00e9rt\u00e9kel\u00e9se c- tanulm\u00e1ny - Env-in-Cent\" \/>\n<meta property=\"og:description\" content=\"A Budapesti M\u0171szaki \u00e9s Gazdas\u00e1gtudom\u00e1nyi Egyetem K\u00f6rnyezetgazdas\u00e1gtan Tansz\u00e9ke \u00e1ltal megrendezett \u201eFenntarthat\u00f3s\u00e1g - ut\u00f3pia vagy realit\u00e1s?\u201d elnevez\u00e9s\u0171 konferencia Konferenciak\u00f6tet\u00e9ben megjelent az \u201eEgyes villamosenergia termel\u00e9si c\u00e9l\u00fa meg\u00fajul\u00f3 energiahordoz\u00f3k fenntarthat\u00f3s\u00e1gi \u00e9rt\u00e9kel\u00e9se\u201d c. tudom\u00e1nyos munk\u00e1nk.\" \/>\n<meta property=\"og:url\" content=\"https:\/\/env-in-cent.hu\/en\/2016\/02\/15\/elkeszult-a-villamosenergia-termelesi-celu-megujulo-energiahordozok-fenntarthatosagi-ertekelese-c-tanulmany\/\" \/>\n<meta property=\"og:site_name\" content=\"Env-in-Cent\" \/>\n<meta property=\"article:published_time\" content=\"2016-02-15T00:00:00+00:00\" \/>\n<meta property=\"article:modified_time\" content=\"2024-12-07T15:33:26+00:00\" \/>\n<meta property=\"og:image\" content=\"https:\/\/env-in-cent.hu\/wp-content\/uploads\/2016\/02\/ff_honlapra_1604041.jpg\" \/>\n\t<meta property=\"og:image:width\" content=\"126\" \/>\n\t<meta property=\"og:image:height\" content=\"110\" \/>\n\t<meta property=\"og:image:type\" content=\"image\/jpeg\" \/>\n<meta name=\"author\" content=\"wpadmin\" \/>\n<meta name=\"twitter:card\" content=\"summary_large_image\" \/>\n<meta name=\"twitter:label1\" content=\"Written by\" \/>\n\t<meta name=\"twitter:data1\" content=\"wpadmin\" \/>\n\t<meta name=\"twitter:label2\" content=\"Estimated reading time\" \/>\n\t<meta name=\"twitter:data2\" content=\"2 minutes\" \/>\n<script type=\"application\/ld+json\" class=\"yoast-schema-graph\">{\"@context\":\"https:\/\/schema.org\",\"@graph\":[{\"@type\":\"Article\",\"@id\":\"https:\/\/env-in-cent.hu\/2016\/02\/15\/elkeszult-a-villamosenergia-termelesi-celu-megujulo-energiahordozok-fenntarthatosagi-ertekelese-c-tanulmany\/#article\",\"isPartOf\":{\"@id\":\"https:\/\/env-in-cent.hu\/2016\/02\/15\/elkeszult-a-villamosenergia-termelesi-celu-megujulo-energiahordozok-fenntarthatosagi-ertekelese-c-tanulmany\/\"},\"author\":{\"name\":\"wpadmin\",\"@id\":\"https:\/\/env-in-cent.hu\/#\/schema\/person\/08a7dac74c2fe21558e1c2d5031c2286\"},\"headline\":\"Elk\u00e9sz\u00fclt a Villamosenergia termel\u00e9si c\u00e9l\u00fa meg\u00fajul\u00f3 energiahordoz\u00f3k fenntarthat\u00f3s\u00e1gi \u00e9rt\u00e9kel\u00e9se c- tanulm\u00e1ny\",\"datePublished\":\"2016-02-15T00:00:00+00:00\",\"dateModified\":\"2024-12-07T15:33:26+00:00\",\"mainEntityOfPage\":{\"@id\":\"https:\/\/env-in-cent.hu\/2016\/02\/15\/elkeszult-a-villamosenergia-termelesi-celu-megujulo-energiahordozok-fenntarthatosagi-ertekelese-c-tanulmany\/\"},\"wordCount\":319,\"publisher\":{\"@id\":\"https:\/\/env-in-cent.hu\/#organization\"},\"image\":{\"@id\":\"https:\/\/env-in-cent.hu\/2016\/02\/15\/elkeszult-a-villamosenergia-termelesi-celu-megujulo-energiahordozok-fenntarthatosagi-ertekelese-c-tanulmany\/#primaryimage\"},\"thumbnailUrl\":\"https:\/\/env-in-cent.hu\/wp-content\/uploads\/2016\/02\/ff_honlapra_1604041.jpg\",\"articleSection\":[\"H\u00edrek\"],\"inLanguage\":\"en-GB\"},{\"@type\":\"WebPage\",\"@id\":\"https:\/\/env-in-cent.hu\/2016\/02\/15\/elkeszult-a-villamosenergia-termelesi-celu-megujulo-energiahordozok-fenntarthatosagi-ertekelese-c-tanulmany\/\",\"url\":\"https:\/\/env-in-cent.hu\/2016\/02\/15\/elkeszult-a-villamosenergia-termelesi-celu-megujulo-energiahordozok-fenntarthatosagi-ertekelese-c-tanulmany\/\",\"name\":\"Elk\u00e9sz\u00fclt a Villamosenergia termel\u00e9si c\u00e9l\u00fa meg\u00fajul\u00f3 energiahordoz\u00f3k fenntarthat\u00f3s\u00e1gi \u00e9rt\u00e9kel\u00e9se c- tanulm\u00e1ny - Env-in-Cent\",\"isPartOf\":{\"@id\":\"https:\/\/env-in-cent.hu\/#website\"},\"primaryImageOfPage\":{\"@id\":\"https:\/\/env-in-cent.hu\/2016\/02\/15\/elkeszult-a-villamosenergia-termelesi-celu-megujulo-energiahordozok-fenntarthatosagi-ertekelese-c-tanulmany\/#primaryimage\"},\"image\":{\"@id\":\"https:\/\/env-in-cent.hu\/2016\/02\/15\/elkeszult-a-villamosenergia-termelesi-celu-megujulo-energiahordozok-fenntarthatosagi-ertekelese-c-tanulmany\/#primaryimage\"},\"thumbnailUrl\":\"https:\/\/env-in-cent.hu\/wp-content\/uploads\/2016\/02\/ff_honlapra_1604041.jpg\",\"datePublished\":\"2016-02-15T00:00:00+00:00\",\"dateModified\":\"2024-12-07T15:33:26+00:00\",\"breadcrumb\":{\"@id\":\"https:\/\/env-in-cent.hu\/2016\/02\/15\/elkeszult-a-villamosenergia-termelesi-celu-megujulo-energiahordozok-fenntarthatosagi-ertekelese-c-tanulmany\/#breadcrumb\"},\"inLanguage\":\"en-GB\",\"potentialAction\":[{\"@type\":\"ReadAction\",\"target\":[\"https:\/\/env-in-cent.hu\/2016\/02\/15\/elkeszult-a-villamosenergia-termelesi-celu-megujulo-energiahordozok-fenntarthatosagi-ertekelese-c-tanulmany\/\"]}]},{\"@type\":\"ImageObject\",\"inLanguage\":\"en-GB\",\"@id\":\"https:\/\/env-in-cent.hu\/2016\/02\/15\/elkeszult-a-villamosenergia-termelesi-celu-megujulo-energiahordozok-fenntarthatosagi-ertekelese-c-tanulmany\/#primaryimage\",\"url\":\"https:\/\/env-in-cent.hu\/wp-content\/uploads\/2016\/02\/ff_honlapra_1604041.jpg\",\"contentUrl\":\"https:\/\/env-in-cent.hu\/wp-content\/uploads\/2016\/02\/ff_honlapra_1604041.jpg\",\"width\":126,\"height\":110},{\"@type\":\"BreadcrumbList\",\"@id\":\"https:\/\/env-in-cent.hu\/2016\/02\/15\/elkeszult-a-villamosenergia-termelesi-celu-megujulo-energiahordozok-fenntarthatosagi-ertekelese-c-tanulmany\/#breadcrumb\",\"itemListElement\":[{\"@type\":\"ListItem\",\"position\":1,\"name\":\"Kezd\u0151lap\",\"item\":\"https:\/\/env-in-cent.hu\/\"},{\"@type\":\"ListItem\",\"position\":2,\"name\":\"Elk\u00e9sz\u00fclt a Villamosenergia termel\u00e9si c\u00e9l\u00fa meg\u00fajul\u00f3 energiahordoz\u00f3k fenntarthat\u00f3s\u00e1gi \u00e9rt\u00e9kel\u00e9se c- tanulm\u00e1ny\"}]},{\"@type\":\"WebSite\",\"@id\":\"https:\/\/env-in-cent.hu\/#website\",\"url\":\"https:\/\/env-in-cent.hu\/\",\"name\":\"Env-in-Cent\",\"description\":\"Env-in-Cent K\u00f6rnyezetv\u00e9delmi Tan\u00e1csad\u00f3 Iroda Kft.\",\"publisher\":{\"@id\":\"https:\/\/env-in-cent.hu\/#organization\"},\"potentialAction\":[{\"@type\":\"SearchAction\",\"target\":{\"@type\":\"EntryPoint\",\"urlTemplate\":\"https:\/\/env-in-cent.hu\/?s={search_term_string}\"},\"query-input\":{\"@type\":\"PropertyValueSpecification\",\"valueRequired\":true,\"valueName\":\"search_term_string\"}}],\"inLanguage\":\"en-GB\"},{\"@type\":\"Organization\",\"@id\":\"https:\/\/env-in-cent.hu\/#organization\",\"name\":\"Env-in-Cent\",\"url\":\"https:\/\/env-in-cent.hu\/\",\"logo\":{\"@type\":\"ImageObject\",\"inLanguage\":\"en-GB\",\"@id\":\"https:\/\/env-in-cent.hu\/#\/schema\/logo\/image\/\",\"url\":\"https:\/\/env-in-cent.hu\/wp-content\/uploads\/2024\/11\/logo.jpg\",\"contentUrl\":\"https:\/\/env-in-cent.hu\/wp-content\/uploads\/2024\/11\/logo.jpg\",\"width\":170,\"height\":62,\"caption\":\"Env-in-Cent\"},\"image\":{\"@id\":\"https:\/\/env-in-cent.hu\/#\/schema\/logo\/image\/\"}},{\"@type\":\"Person\",\"@id\":\"https:\/\/env-in-cent.hu\/#\/schema\/person\/08a7dac74c2fe21558e1c2d5031c2286\",\"name\":\"wpadmin\",\"image\":{\"@type\":\"ImageObject\",\"inLanguage\":\"en-GB\",\"@id\":\"https:\/\/env-in-cent.hu\/#\/schema\/person\/image\/\",\"url\":\"https:\/\/secure.gravatar.com\/avatar\/53a24cf06dbef3f89a60c98c61552040977719f05381b5a07034a7748ee6e029?s=96&d=mm&r=g\",\"contentUrl\":\"https:\/\/secure.gravatar.com\/avatar\/53a24cf06dbef3f89a60c98c61552040977719f05381b5a07034a7748ee6e029?s=96&d=mm&r=g\",\"caption\":\"wpadmin\"},\"sameAs\":[\"https:\/\/env-in-cent.hu\"],\"url\":\"https:\/\/env-in-cent.hu\/en\/author\/wpadmin\/\"}]}<\/script>\n<!-- \/ Yoast SEO plugin. -->","yoast_head_json":{"title":"Elk\u00e9sz\u00fclt a Villamosenergia termel\u00e9si c\u00e9l\u00fa meg\u00fajul\u00f3 energiahordoz\u00f3k fenntarthat\u00f3s\u00e1gi \u00e9rt\u00e9kel\u00e9se c- tanulm\u00e1ny - Env-in-Cent","robots":{"index":"noindex","follow":"follow","max-snippet":"max-snippet:-1","max-image-preview":"max-image-preview:large","max-video-preview":"max-video-preview:-1"},"og_locale":"en_GB","og_type":"article","og_title":"Elk\u00e9sz\u00fclt a Villamosenergia termel\u00e9si c\u00e9l\u00fa meg\u00fajul\u00f3 energiahordoz\u00f3k fenntarthat\u00f3s\u00e1gi \u00e9rt\u00e9kel\u00e9se c- tanulm\u00e1ny - Env-in-Cent","og_description":"A Budapesti M\u0171szaki \u00e9s Gazdas\u00e1gtudom\u00e1nyi Egyetem K\u00f6rnyezetgazdas\u00e1gtan Tansz\u00e9ke \u00e1ltal megrendezett \u201eFenntarthat\u00f3s\u00e1g - ut\u00f3pia vagy realit\u00e1s?\u201d elnevez\u00e9s\u0171 konferencia Konferenciak\u00f6tet\u00e9ben megjelent az \u201eEgyes villamosenergia termel\u00e9si c\u00e9l\u00fa meg\u00fajul\u00f3 energiahordoz\u00f3k fenntarthat\u00f3s\u00e1gi \u00e9rt\u00e9kel\u00e9se\u201d c. tudom\u00e1nyos munk\u00e1nk.","og_url":"https:\/\/env-in-cent.hu\/en\/2016\/02\/15\/elkeszult-a-villamosenergia-termelesi-celu-megujulo-energiahordozok-fenntarthatosagi-ertekelese-c-tanulmany\/","og_site_name":"Env-in-Cent","article_published_time":"2016-02-15T00:00:00+00:00","article_modified_time":"2024-12-07T15:33:26+00:00","og_image":[{"width":126,"height":110,"url":"https:\/\/env-in-cent.hu\/wp-content\/uploads\/2016\/02\/ff_honlapra_1604041.jpg","type":"image\/jpeg"}],"author":"wpadmin","twitter_card":"summary_large_image","twitter_misc":{"Written by":"wpadmin","Estimated reading time":"2 minutes"},"schema":{"@context":"https:\/\/schema.org","@graph":[{"@type":"Article","@id":"https:\/\/env-in-cent.hu\/2016\/02\/15\/elkeszult-a-villamosenergia-termelesi-celu-megujulo-energiahordozok-fenntarthatosagi-ertekelese-c-tanulmany\/#article","isPartOf":{"@id":"https:\/\/env-in-cent.hu\/2016\/02\/15\/elkeszult-a-villamosenergia-termelesi-celu-megujulo-energiahordozok-fenntarthatosagi-ertekelese-c-tanulmany\/"},"author":{"name":"wpadmin","@id":"https:\/\/env-in-cent.hu\/#\/schema\/person\/08a7dac74c2fe21558e1c2d5031c2286"},"headline":"Elk\u00e9sz\u00fclt a Villamosenergia termel\u00e9si c\u00e9l\u00fa meg\u00fajul\u00f3 energiahordoz\u00f3k fenntarthat\u00f3s\u00e1gi \u00e9rt\u00e9kel\u00e9se c- tanulm\u00e1ny","datePublished":"2016-02-15T00:00:00+00:00","dateModified":"2024-12-07T15:33:26+00:00","mainEntityOfPage":{"@id":"https:\/\/env-in-cent.hu\/2016\/02\/15\/elkeszult-a-villamosenergia-termelesi-celu-megujulo-energiahordozok-fenntarthatosagi-ertekelese-c-tanulmany\/"},"wordCount":319,"publisher":{"@id":"https:\/\/env-in-cent.hu\/#organization"},"image":{"@id":"https:\/\/env-in-cent.hu\/2016\/02\/15\/elkeszult-a-villamosenergia-termelesi-celu-megujulo-energiahordozok-fenntarthatosagi-ertekelese-c-tanulmany\/#primaryimage"},"thumbnailUrl":"https:\/\/env-in-cent.hu\/wp-content\/uploads\/2016\/02\/ff_honlapra_1604041.jpg","articleSection":["H\u00edrek"],"inLanguage":"en-GB"},{"@type":"WebPage","@id":"https:\/\/env-in-cent.hu\/2016\/02\/15\/elkeszult-a-villamosenergia-termelesi-celu-megujulo-energiahordozok-fenntarthatosagi-ertekelese-c-tanulmany\/","url":"https:\/\/env-in-cent.hu\/2016\/02\/15\/elkeszult-a-villamosenergia-termelesi-celu-megujulo-energiahordozok-fenntarthatosagi-ertekelese-c-tanulmany\/","name":"Elk\u00e9sz\u00fclt a Villamosenergia termel\u00e9si c\u00e9l\u00fa meg\u00fajul\u00f3 energiahordoz\u00f3k fenntarthat\u00f3s\u00e1gi \u00e9rt\u00e9kel\u00e9se c- tanulm\u00e1ny - Env-in-Cent","isPartOf":{"@id":"https:\/\/env-in-cent.hu\/#website"},"primaryImageOfPage":{"@id":"https:\/\/env-in-cent.hu\/2016\/02\/15\/elkeszult-a-villamosenergia-termelesi-celu-megujulo-energiahordozok-fenntarthatosagi-ertekelese-c-tanulmany\/#primaryimage"},"image":{"@id":"https:\/\/env-in-cent.hu\/2016\/02\/15\/elkeszult-a-villamosenergia-termelesi-celu-megujulo-energiahordozok-fenntarthatosagi-ertekelese-c-tanulmany\/#primaryimage"},"thumbnailUrl":"https:\/\/env-in-cent.hu\/wp-content\/uploads\/2016\/02\/ff_honlapra_1604041.jpg","datePublished":"2016-02-15T00:00:00+00:00","dateModified":"2024-12-07T15:33:26+00:00","breadcrumb":{"@id":"https:\/\/env-in-cent.hu\/2016\/02\/15\/elkeszult-a-villamosenergia-termelesi-celu-megujulo-energiahordozok-fenntarthatosagi-ertekelese-c-tanulmany\/#breadcrumb"},"inLanguage":"en-GB","potentialAction":[{"@type":"ReadAction","target":["https:\/\/env-in-cent.hu\/2016\/02\/15\/elkeszult-a-villamosenergia-termelesi-celu-megujulo-energiahordozok-fenntarthatosagi-ertekelese-c-tanulmany\/"]}]},{"@type":"ImageObject","inLanguage":"en-GB","@id":"https:\/\/env-in-cent.hu\/2016\/02\/15\/elkeszult-a-villamosenergia-termelesi-celu-megujulo-energiahordozok-fenntarthatosagi-ertekelese-c-tanulmany\/#primaryimage","url":"https:\/\/env-in-cent.hu\/wp-content\/uploads\/2016\/02\/ff_honlapra_1604041.jpg","contentUrl":"https:\/\/env-in-cent.hu\/wp-content\/uploads\/2016\/02\/ff_honlapra_1604041.jpg","width":126,"height":110},{"@type":"BreadcrumbList","@id":"https:\/\/env-in-cent.hu\/2016\/02\/15\/elkeszult-a-villamosenergia-termelesi-celu-megujulo-energiahordozok-fenntarthatosagi-ertekelese-c-tanulmany\/#breadcrumb","itemListElement":[{"@type":"ListItem","position":1,"name":"Kezd\u0151lap","item":"https:\/\/env-in-cent.hu\/"},{"@type":"ListItem","position":2,"name":"Elk\u00e9sz\u00fclt a Villamosenergia termel\u00e9si c\u00e9l\u00fa meg\u00fajul\u00f3 energiahordoz\u00f3k fenntarthat\u00f3s\u00e1gi \u00e9rt\u00e9kel\u00e9se c- tanulm\u00e1ny"}]},{"@type":"WebSite","@id":"https:\/\/env-in-cent.hu\/#website","url":"https:\/\/env-in-cent.hu\/","name":"Env-in-Cent","description":"Env-in-Cent K\u00f6rnyezetv\u00e9delmi Tan\u00e1csad\u00f3 Iroda Kft.","publisher":{"@id":"https:\/\/env-in-cent.hu\/#organization"},"potentialAction":[{"@type":"SearchAction","target":{"@type":"EntryPoint","urlTemplate":"https:\/\/env-in-cent.hu\/?s={search_term_string}"},"query-input":{"@type":"PropertyValueSpecification","valueRequired":true,"valueName":"search_term_string"}}],"inLanguage":"en-GB"},{"@type":"Organization","@id":"https:\/\/env-in-cent.hu\/#organization","name":"Env-in-Cent","url":"https:\/\/env-in-cent.hu\/","logo":{"@type":"ImageObject","inLanguage":"en-GB","@id":"https:\/\/env-in-cent.hu\/#\/schema\/logo\/image\/","url":"https:\/\/env-in-cent.hu\/wp-content\/uploads\/2024\/11\/logo.jpg","contentUrl":"https:\/\/env-in-cent.hu\/wp-content\/uploads\/2024\/11\/logo.jpg","width":170,"height":62,"caption":"Env-in-Cent"},"image":{"@id":"https:\/\/env-in-cent.hu\/#\/schema\/logo\/image\/"}},{"@type":"Person","@id":"https:\/\/env-in-cent.hu\/#\/schema\/person\/08a7dac74c2fe21558e1c2d5031c2286","name":"wpadmin","image":{"@type":"ImageObject","inLanguage":"en-GB","@id":"https:\/\/env-in-cent.hu\/#\/schema\/person\/image\/","url":"https:\/\/secure.gravatar.com\/avatar\/53a24cf06dbef3f89a60c98c61552040977719f05381b5a07034a7748ee6e029?s=96&d=mm&r=g","contentUrl":"https:\/\/secure.gravatar.com\/avatar\/53a24cf06dbef3f89a60c98c61552040977719f05381b5a07034a7748ee6e029?s=96&d=mm&r=g","caption":"wpadmin"},"sameAs":["https:\/\/env-in-cent.hu"],"url":"https:\/\/env-in-cent.hu\/en\/author\/wpadmin\/"}]}},"_links":{"self":[{"href":"https:\/\/env-in-cent.hu\/en\/wp-json\/wp\/v2\/posts\/19","targetHints":{"allow":["GET"]}}],"collection":[{"href":"https:\/\/env-in-cent.hu\/en\/wp-json\/wp\/v2\/posts"}],"about":[{"href":"https:\/\/env-in-cent.hu\/en\/wp-json\/wp\/v2\/types\/post"}],"author":[{"embeddable":true,"href":"https:\/\/env-in-cent.hu\/en\/wp-json\/wp\/v2\/users\/1"}],"replies":[{"embeddable":true,"href":"https:\/\/env-in-cent.hu\/en\/wp-json\/wp\/v2\/comments?post=19"}],"version-history":[{"count":3,"href":"https:\/\/env-in-cent.hu\/en\/wp-json\/wp\/v2\/posts\/19\/revisions"}],"predecessor-version":[{"id":554,"href":"https:\/\/env-in-cent.hu\/en\/wp-json\/wp\/v2\/posts\/19\/revisions\/554"}],"wp:featuredmedia":[{"embeddable":true,"href":"https:\/\/env-in-cent.hu\/en\/wp-json\/wp\/v2\/media\/454"}],"wp:attachment":[{"href":"https:\/\/env-in-cent.hu\/en\/wp-json\/wp\/v2\/media?parent=19"}],"wp:term":[{"taxonomy":"category","embeddable":true,"href":"https:\/\/env-in-cent.hu\/en\/wp-json\/wp\/v2\/categories?post=19"},{"taxonomy":"post_tag","embeddable":true,"href":"https:\/\/env-in-cent.hu\/en\/wp-json\/wp\/v2\/tags?post=19"}],"curies":[{"name":"wp","href":"https:\/\/api.w.org\/{rel}","templated":true}]}}