{"id":15,"date":"2014-01-04T00:00:00","date_gmt":"2014-01-04T00:00:00","guid":{"rendered":"https:\/\/env-in-cent.hu\/?p=15"},"modified":"2024-12-04T15:45:59","modified_gmt":"2024-12-04T15:45:59","slug":"elfogadta-az-orszaggyules-a-nemzeti-fejlesztes-2030-orszagos-fejlesztesi-es-teruletfejlesztesi-koncepciot-oftk","status":"publish","type":"post","link":"https:\/\/env-in-cent.hu\/en\/2014\/01\/04\/elfogadta-az-orszaggyules-a-nemzeti-fejlesztes-2030-orszagos-fejlesztesi-es-teruletfejlesztesi-koncepciot-oftk\/","title":{"rendered":"Elfogadta az Orsz\u00e1ggy\u0171l\u00e9s a Nemzeti Fejleszt\u00e9s 2030 \u2013 Orsz\u00e1gos Fejleszt\u00e9si \u00e9s Ter\u00fcletfejleszt\u00e9si Koncepci\u00f3t (OFTK)"},"content":{"rendered":"<p class='4tablbels' style='text-align: justify;'>Az OFTK c\u00e9ljait tekintve a gazdas\u00e1gi v\u00e1ls\u00e1g ut\u00e1ni vil\u00e1g kih\u00edv\u00e1saihoz igazod\u00f3 \u00faj fejleszt\u00e9spolitikai ir\u00e1nyokat \u00e9s elveket fogalmaz meg, mik\u00f6zben meger\u0151s\u00edti \u00e9s \u00f6sszek\u00f6ti vel\u00fck a tov\u00e1bbra is k\u00f6vetend\u0151 fejleszt\u00e9si ir\u00e1nyokat. Kiemelt figyelmet kap Magyarorsz\u00e1g nemzetk\u00f6zi kapcsolatrendszere \u00e9s szerepe is. A dokumentum fontos r\u00e9sze a telep\u00fcl\u00e9sh\u00e1l\u00f3zat eg\u00e9sz\u00e9t integr\u00e1l\u00f3 ter\u00fcleti c\u00e9lok megfogalmaz\u00e1sa, ami a telep\u00fcl\u00e9si \u00f6nkorm\u00e1nyzatok sz\u00e1m\u00e1ra jelent fontos ir\u00e1nymutat\u00e1st saj\u00e1t fejleszt\u00e9seikben. \u00faj fejleszt\u00e9spolitikai szerepl\u0151k\u00e9nt a megy\u00e9k fejleszt\u00e9si c\u00e9ljait is integr\u00e1lja a koncepci\u00f3.<\/p>\n<p class='4tablbels' style='text-align: justify;'>Az Env-in-Cent Kft. vezette az OFTK strat\u00e9giai k\u00f6rnyezeti vizsg\u00e1lat\u00e1t lebonyol\u00edt\u00f3 munkacsoportot. A k\u00f6rnyezeti \u00e9rt\u00e9kel\u00e9s sor\u00e1n meg\u00e1llap\u00edtottuk, hogy az OFTK &ndash; int\u00e9zked\u00e9sei r\u00e9v\u00e9n &ndash; t\u00f6bb ter\u00fcleten is kedvez\u0151 hat\u00e1ssal lesz a k\u00f6rnyezetre \u00e9s ezek k\u00f6z\u00fcl &ndash; optim\u00e1lis esetben &ndash; lesznek egym\u00e1s hat\u00e1s\u00e1t er\u0151s\u00edt\u0151, pozit\u00edv szinergikus hat\u00e1sok, ugyanakkor el\u0151revet\u00edthet\u0151k negat\u00edvak is. A Koncepci\u00f3 jelenlegi form\u00e1j\u00e1ban a leveg\u0151 min\u0151s\u00e9g\u00e9re \u00e9s az \u00fcvegh\u00e1zhat\u00e1s\u00fa g\u00e1zok kibocs\u00e1t\u00e1s\u00e1nak volumen\u00e9re \u00f6sszess\u00e9g\u00e9ben kism\u00e9rt\u00e9k\u0171 pozit\u00edv hat\u00e1st gyakorol, k\u00fcl\u00f6n\u00f6sen az energiatakar\u00e9koss\u00e1ggal, a meg\u00fajul\u00f3 energiahordoz\u00f3k haszn\u00e1lat\u00e1val \u00f6sszef\u00fcgg\u00e9sben, ugyanakkor negat\u00edv hat\u00e1sok is azonos\u00edthat\u00f3k, pl. a j\u00e1rm\u0171gy\u00e1rt\u00e1ssal \u00e9s a k\u00f6z\u00fati k\u00f6zleked\u00e9ssel \u00f6sszef\u00fcgg\u00e9sben.<\/p>\n<p class='1txtbody' style='text-align: justify;'>A felsz\u00edni \u00e9s felsz\u00edn alatti vizekre, valamint a talajok, a term\u0151f\u00f6ld \u00e9s a f\u00f6ldtani k\u00f6zeg \u00e1llapot\u00e1ra \u00f6sszess\u00e9g\u00e9ben bizonytalan hat\u00e1s\u00fa (pozit\u00edv \u00e9s negat\u00edv hat\u00e1sokkal egyar\u00e1nt j\u00e1r\u00f3) az OFTK. K\u00f6zvetett pozit\u00edv hat\u00e1sokkal sz\u00e1molhatunk a term\u0151helyi adotts\u00e1gokra \u00e9p\u00edt\u0151 f\u00f6ldhaszn\u00e1lat, \u00f6kogazd\u00e1lkod\u00e1s, katasztr\u00f3fav\u00e9delem ter\u00fcletein, ugyanakkor az intenz\u00edv mez\u0151gazdas\u00e1gi tev\u00e9kenys\u00e9gek, a term\u00e1lvizek visszasajtol\u00e1s n\u00e9lk\u00fcli hasznos\u00edt\u00e1sa, a turizmus \u00e9s a k\u00f6z\u00fati k\u00f6zleked\u00e9s fejleszt\u00e9se potenci\u00e1lis kock\u00e1zatokat jelenthet.<\/p>\n<p class='1txtbody' style='text-align: justify;'>Az \u00e9l\u0151vil\u00e1gra (ezen bel\u00fcl kiemelten az erd\u0151kre) \u00e9s t\u00e1ji \u00e9rt\u00e9kek meg\u00f3v\u00e1s\u00e1ra az Koncepci\u00f3 \u00f6sszess\u00e9g\u00e9ben enyh\u00e9n pozit\u00edv hat\u00e1st gyakorol, k\u00fcl\u00f6n\u00f6sen az erd\u0151k eg\u00e9szs\u00e9gi \u00e1llapot\u00e1nak meg\u0151rz\u00e9se, a kl\u00edmav\u00e1ltoz\u00e1shoz alkalmazkod\u00f3 fajta\u00e1llom\u00e1ny alkalmaz\u00e1sa ter\u00e9n. Ugyanakkor a fizikai t\u00e9rben megval\u00f3sul\u00f3 beruh\u00e1z\u00e1sok (\u00e9p\u00edt\u00e9sek, b\u00e1ny\u00e1szat) jelent\u0151s ter\u00fcletig\u00e9nnyel, t\u00e1ji er\u0151forr\u00e1sok ig\u00e9nybev\u00e9tel\u00e9vel j\u00e1rnak, melyek az SKV javaslatok figyelembev\u00e9tel\u00e9vel hat\u00e1sosan ellens\u00falyozhat\u00f3k.<\/p>\n<p class='1txtbody' style='text-align: justify;'>A Koncepci\u00f3 egy\u00e9rtelm\u0171en pozit\u00edv hat\u00e1s\u00fa az emberi eg\u00e9szs\u00e9gre \u00e9s a k\u00f6rnyezetbiztons\u00e1gra. A katasztr\u00f3fav\u00e9delem eszk\u00f6z\u00e1llom\u00e1ny\u00e1nak \u00e9s beavatkoz\u00f3 k\u00e9pess\u00e9g\u00e9nek jav\u00edt\u00e1sa m\u00e9rs\u00e9kli a k\u00f6rnyezeti kock\u00e1zatokat, az eg\u00e9szs\u00e9gipar fejleszt\u00e9se a k\u00f6rnyezetk\u00edm\u00e9l\u0151 mez\u0151gazdas\u00e1g, az eg\u00e9szs\u00e9ges \u00e9lelmiszerek \u00e9s iv\u00f3v\u00edz el\u0151\u00e1ll\u00edt\u00e1s\u00e1val \u00e9s fogyaszt\u00e1s\u00e1val kapcsolatos beavatkoz\u00e1sok hozz\u00e1j\u00e1rulnak az emberi eg\u00e9szs\u00e9g v\u00e9delm\u00e9hez, a: toxikus anyagok kibocs\u00e1t\u00e1s\u00e1nak megel\u0151z\u00e9s\u00e9hez \u00e9s az \u00e9lelmiszer-biztons\u00e1g n\u00f6vel\u00e9s\u00e9hez.<\/p>\n<p class='1txtbody' style='text-align: justify;'>A Koncepci\u00f3 &bdquo;felt\u00e9telesen&rdquo; pozit\u00edv hat\u00e1s gyakorol a k\u00f6rnyezettudatoss\u00e1gra. A helyi gazdas\u00e1g er\u0151s\u00edt\u00e9se, az anyag-&nbsp; \u00e9s energiatakar\u00e9kos technol\u00f3gi\u00e1k elterjeszt\u00e9se kedvez\u0151 hat\u00e1st gyakorol a k\u00f6rnyezettudatoss\u00e1gra, hasonl\u00f3an a meg\u00fajul\u00f3 energiahordoz\u00f3k elterjeszt\u00e9se is el\u0151seg\u00edti a k\u00f6rnyezet- \u00e9s energiatudatos szeml\u00e9let kialakul\u00e1s\u00e1t. E kedvez\u0151 hat\u00e1sok azonban csak akkor jelentkeznek, ha \u00e1tfog\u00f3, t\u00f6bb \u00e1gazatra kiterjed\u0151 &bdquo;\u00f6sszkorm\u00e1nyzati&rdquo; kamp\u00e1ny indul a takar\u00e9kos, \u00e9rt\u00e9kv\u00e9d\u0151, pazarl\u00e1st &bdquo;elit\u00e9l\u0151&rdquo; \u00e9rt\u00e9krend \u00e9s \u00e9letvitel n\u00e9pszer\u0171s\u00edt\u00e9s\u00e9re. Az SKV K\u00f6rnyezeti \u00e9rt\u00e9kel\u00e9sben 83 javaslatot tett\u00fcnk az OFTK fenntarthat\u00f3s\u00e1gi \u00e9s k\u00f6rnyezeti teljes\u00edtm\u00e9ny\u00e9nek jav\u00edt\u00e1s\u00e1ra, ezek k\u00f6z\u00fcl sz\u00e1mos javaslat be\u00e9p\u00fclt a Koncepci\u00f3 v\u00e9gs\u0151 v\u00e1ltozat\u00e1ba. Az OFTK \u00e9s az arr\u00f3l k\u00e9sz\u00fclt SKV K\u00f6rnyezeti \u00e9rt\u00e9kel\u00e9s el\u00e9rhet\u0151&nbsp;<a href='https:\/\/www.nth.gov.hu\/hu\/hirek_esemenyek\/indul-az-orszgos-fejlesztsi-s-terletfejlesztsi-koncepcirl-kszlt-vizsglati-jelents-trsadalmi-egyeztetse' target='_blank'>itt<\/a>.<\/p>\n<p class='1txtbody' style='text-align: justify;'>&nbsp;<\/p>","protected":false},"excerpt":{"rendered":"<p><span>Az Orsz\u00e1ggy\u0171l\u00e9s az 1\/2014. (I. 3.) OGY hat\u00e1rozattal fogadta el az OFTK-t.<\/span><\/p>","protected":false},"author":1,"featured_media":489,"comment_status":"closed","ping_status":"open","sticky":false,"template":"","format":"standard","meta":{"footnotes":""},"categories":[3],"tags":[],"class_list":["post-15","post","type-post","status-publish","format-standard","has-post-thumbnail","hentry","category-hirek"],"yoast_head":"<!-- This site is optimized with the Yoast SEO plugin v23.9 - https:\/\/yoast.com\/wordpress\/plugins\/seo\/ -->\n<title>Elfogadta az Orsz\u00e1ggy\u0171l\u00e9s a Nemzeti Fejleszt\u00e9s 2030 \u2013 Orsz\u00e1gos Fejleszt\u00e9si \u00e9s Ter\u00fcletfejleszt\u00e9si Koncepci\u00f3t (OFTK) - Env-in-Cent<\/title>\n<meta name=\"robots\" content=\"noindex, follow, max-snippet:-1, max-image-preview:large, max-video-preview:-1\" \/>\n<meta property=\"og:locale\" content=\"en_GB\" \/>\n<meta property=\"og:type\" content=\"article\" \/>\n<meta property=\"og:title\" content=\"Elfogadta az Orsz\u00e1ggy\u0171l\u00e9s a Nemzeti Fejleszt\u00e9s 2030 \u2013 Orsz\u00e1gos Fejleszt\u00e9si \u00e9s Ter\u00fcletfejleszt\u00e9si Koncepci\u00f3t (OFTK) - Env-in-Cent\" \/>\n<meta property=\"og:description\" content=\"Az Orsz\u00e1ggy\u0171l\u00e9s az 1\/2014. (I. 3.) OGY hat\u00e1rozattal fogadta el az OFTK-t.\" \/>\n<meta property=\"og:url\" content=\"https:\/\/env-in-cent.hu\/en\/2014\/01\/04\/elfogadta-az-orszaggyules-a-nemzeti-fejlesztes-2030-orszagos-fejlesztesi-es-teruletfejlesztesi-koncepciot-oftk\/\" \/>\n<meta property=\"og:site_name\" content=\"Env-in-Cent\" \/>\n<meta property=\"article:published_time\" content=\"2014-01-04T00:00:00+00:00\" \/>\n<meta property=\"article:modified_time\" content=\"2024-12-04T15:45:59+00:00\" \/>\n<meta name=\"author\" content=\"wpadmin\" \/>\n<meta name=\"twitter:card\" content=\"summary_large_image\" \/>\n<meta name=\"twitter:label1\" content=\"Written by\" \/>\n\t<meta name=\"twitter:data1\" content=\"wpadmin\" \/>\n\t<meta name=\"twitter:label2\" content=\"Estimated reading time\" \/>\n\t<meta name=\"twitter:data2\" content=\"3 minutes\" \/>\n<script type=\"application\/ld+json\" class=\"yoast-schema-graph\">{\"@context\":\"https:\/\/schema.org\",\"@graph\":[{\"@type\":\"Article\",\"@id\":\"https:\/\/env-in-cent.hu\/2014\/01\/04\/elfogadta-az-orszaggyules-a-nemzeti-fejlesztes-2030-orszagos-fejlesztesi-es-teruletfejlesztesi-koncepciot-oftk\/#article\",\"isPartOf\":{\"@id\":\"https:\/\/env-in-cent.hu\/2014\/01\/04\/elfogadta-az-orszaggyules-a-nemzeti-fejlesztes-2030-orszagos-fejlesztesi-es-teruletfejlesztesi-koncepciot-oftk\/\"},\"author\":{\"name\":\"wpadmin\",\"@id\":\"https:\/\/env-in-cent.hu\/#\/schema\/person\/08a7dac74c2fe21558e1c2d5031c2286\"},\"headline\":\"Elfogadta az Orsz\u00e1ggy\u0171l\u00e9s a Nemzeti Fejleszt\u00e9s 2030 \u2013 Orsz\u00e1gos Fejleszt\u00e9si \u00e9s Ter\u00fcletfejleszt\u00e9si Koncepci\u00f3t (OFTK)\",\"datePublished\":\"2014-01-04T00:00:00+00:00\",\"dateModified\":\"2024-12-04T15:45:59+00:00\",\"mainEntityOfPage\":{\"@id\":\"https:\/\/env-in-cent.hu\/2014\/01\/04\/elfogadta-az-orszaggyules-a-nemzeti-fejlesztes-2030-orszagos-fejlesztesi-es-teruletfejlesztesi-koncepciot-oftk\/\"},\"wordCount\":794,\"publisher\":{\"@id\":\"https:\/\/env-in-cent.hu\/#organization\"},\"image\":{\"@id\":\"https:\/\/env-in-cent.hu\/2014\/01\/04\/elfogadta-az-orszaggyules-a-nemzeti-fejlesztes-2030-orszagos-fejlesztesi-es-teruletfejlesztesi-koncepciot-oftk\/#primaryimage\"},\"thumbnailUrl\":\"https:\/\/env-in-cent.hu\/wp-content\/uploads\/2014\/01\/szelkerek.bmp\",\"articleSection\":[\"H\u00edrek\"],\"inLanguage\":\"en-GB\"},{\"@type\":\"WebPage\",\"@id\":\"https:\/\/env-in-cent.hu\/2014\/01\/04\/elfogadta-az-orszaggyules-a-nemzeti-fejlesztes-2030-orszagos-fejlesztesi-es-teruletfejlesztesi-koncepciot-oftk\/\",\"url\":\"https:\/\/env-in-cent.hu\/2014\/01\/04\/elfogadta-az-orszaggyules-a-nemzeti-fejlesztes-2030-orszagos-fejlesztesi-es-teruletfejlesztesi-koncepciot-oftk\/\",\"name\":\"Elfogadta az Orsz\u00e1ggy\u0171l\u00e9s a Nemzeti Fejleszt\u00e9s 2030 \u2013 Orsz\u00e1gos Fejleszt\u00e9si \u00e9s Ter\u00fcletfejleszt\u00e9si Koncepci\u00f3t (OFTK) - Env-in-Cent\",\"isPartOf\":{\"@id\":\"https:\/\/env-in-cent.hu\/#website\"},\"primaryImageOfPage\":{\"@id\":\"https:\/\/env-in-cent.hu\/2014\/01\/04\/elfogadta-az-orszaggyules-a-nemzeti-fejlesztes-2030-orszagos-fejlesztesi-es-teruletfejlesztesi-koncepciot-oftk\/#primaryimage\"},\"image\":{\"@id\":\"https:\/\/env-in-cent.hu\/2014\/01\/04\/elfogadta-az-orszaggyules-a-nemzeti-fejlesztes-2030-orszagos-fejlesztesi-es-teruletfejlesztesi-koncepciot-oftk\/#primaryimage\"},\"thumbnailUrl\":\"https:\/\/env-in-cent.hu\/wp-content\/uploads\/2014\/01\/szelkerek.bmp\",\"datePublished\":\"2014-01-04T00:00:00+00:00\",\"dateModified\":\"2024-12-04T15:45:59+00:00\",\"breadcrumb\":{\"@id\":\"https:\/\/env-in-cent.hu\/2014\/01\/04\/elfogadta-az-orszaggyules-a-nemzeti-fejlesztes-2030-orszagos-fejlesztesi-es-teruletfejlesztesi-koncepciot-oftk\/#breadcrumb\"},\"inLanguage\":\"en-GB\",\"potentialAction\":[{\"@type\":\"ReadAction\",\"target\":[\"https:\/\/env-in-cent.hu\/2014\/01\/04\/elfogadta-az-orszaggyules-a-nemzeti-fejlesztes-2030-orszagos-fejlesztesi-es-teruletfejlesztesi-koncepciot-oftk\/\"]}]},{\"@type\":\"ImageObject\",\"inLanguage\":\"en-GB\",\"@id\":\"https:\/\/env-in-cent.hu\/2014\/01\/04\/elfogadta-az-orszaggyules-a-nemzeti-fejlesztes-2030-orszagos-fejlesztesi-es-teruletfejlesztesi-koncepciot-oftk\/#primaryimage\",\"url\":\"https:\/\/env-in-cent.hu\/wp-content\/uploads\/2014\/01\/szelkerek.bmp\",\"contentUrl\":\"https:\/\/env-in-cent.hu\/wp-content\/uploads\/2014\/01\/szelkerek.bmp\",\"width\":191,\"height\":128},{\"@type\":\"BreadcrumbList\",\"@id\":\"https:\/\/env-in-cent.hu\/2014\/01\/04\/elfogadta-az-orszaggyules-a-nemzeti-fejlesztes-2030-orszagos-fejlesztesi-es-teruletfejlesztesi-koncepciot-oftk\/#breadcrumb\",\"itemListElement\":[{\"@type\":\"ListItem\",\"position\":1,\"name\":\"Kezd\u0151lap\",\"item\":\"https:\/\/env-in-cent.hu\/\"},{\"@type\":\"ListItem\",\"position\":2,\"name\":\"Elfogadta az Orsz\u00e1ggy\u0171l\u00e9s a Nemzeti Fejleszt\u00e9s 2030 \u2013 Orsz\u00e1gos Fejleszt\u00e9si \u00e9s Ter\u00fcletfejleszt\u00e9si Koncepci\u00f3t (OFTK)\"}]},{\"@type\":\"WebSite\",\"@id\":\"https:\/\/env-in-cent.hu\/#website\",\"url\":\"https:\/\/env-in-cent.hu\/\",\"name\":\"Env-in-Cent\",\"description\":\"Env-in-Cent K\u00f6rnyezetv\u00e9delmi Tan\u00e1csad\u00f3 Iroda Kft.\",\"publisher\":{\"@id\":\"https:\/\/env-in-cent.hu\/#organization\"},\"potentialAction\":[{\"@type\":\"SearchAction\",\"target\":{\"@type\":\"EntryPoint\",\"urlTemplate\":\"https:\/\/env-in-cent.hu\/?s={search_term_string}\"},\"query-input\":{\"@type\":\"PropertyValueSpecification\",\"valueRequired\":true,\"valueName\":\"search_term_string\"}}],\"inLanguage\":\"en-GB\"},{\"@type\":\"Organization\",\"@id\":\"https:\/\/env-in-cent.hu\/#organization\",\"name\":\"Env-in-Cent\",\"url\":\"https:\/\/env-in-cent.hu\/\",\"logo\":{\"@type\":\"ImageObject\",\"inLanguage\":\"en-GB\",\"@id\":\"https:\/\/env-in-cent.hu\/#\/schema\/logo\/image\/\",\"url\":\"https:\/\/env-in-cent.hu\/wp-content\/uploads\/2024\/11\/logo.jpg\",\"contentUrl\":\"https:\/\/env-in-cent.hu\/wp-content\/uploads\/2024\/11\/logo.jpg\",\"width\":170,\"height\":62,\"caption\":\"Env-in-Cent\"},\"image\":{\"@id\":\"https:\/\/env-in-cent.hu\/#\/schema\/logo\/image\/\"}},{\"@type\":\"Person\",\"@id\":\"https:\/\/env-in-cent.hu\/#\/schema\/person\/08a7dac74c2fe21558e1c2d5031c2286\",\"name\":\"wpadmin\",\"image\":{\"@type\":\"ImageObject\",\"inLanguage\":\"en-GB\",\"@id\":\"https:\/\/env-in-cent.hu\/#\/schema\/person\/image\/\",\"url\":\"https:\/\/secure.gravatar.com\/avatar\/53a24cf06dbef3f89a60c98c61552040977719f05381b5a07034a7748ee6e029?s=96&d=mm&r=g\",\"contentUrl\":\"https:\/\/secure.gravatar.com\/avatar\/53a24cf06dbef3f89a60c98c61552040977719f05381b5a07034a7748ee6e029?s=96&d=mm&r=g\",\"caption\":\"wpadmin\"},\"sameAs\":[\"https:\/\/env-in-cent.hu\"],\"url\":\"https:\/\/env-in-cent.hu\/en\/author\/wpadmin\/\"}]}<\/script>\n<!-- \/ Yoast SEO plugin. -->","yoast_head_json":{"title":"Elfogadta az Orsz\u00e1ggy\u0171l\u00e9s a Nemzeti Fejleszt\u00e9s 2030 \u2013 Orsz\u00e1gos Fejleszt\u00e9si \u00e9s Ter\u00fcletfejleszt\u00e9si Koncepci\u00f3t (OFTK) - Env-in-Cent","robots":{"index":"noindex","follow":"follow","max-snippet":"max-snippet:-1","max-image-preview":"max-image-preview:large","max-video-preview":"max-video-preview:-1"},"og_locale":"en_GB","og_type":"article","og_title":"Elfogadta az Orsz\u00e1ggy\u0171l\u00e9s a Nemzeti Fejleszt\u00e9s 2030 \u2013 Orsz\u00e1gos Fejleszt\u00e9si \u00e9s Ter\u00fcletfejleszt\u00e9si Koncepci\u00f3t (OFTK) - Env-in-Cent","og_description":"Az Orsz\u00e1ggy\u0171l\u00e9s az 1\/2014. (I. 3.) OGY hat\u00e1rozattal fogadta el az OFTK-t.","og_url":"https:\/\/env-in-cent.hu\/en\/2014\/01\/04\/elfogadta-az-orszaggyules-a-nemzeti-fejlesztes-2030-orszagos-fejlesztesi-es-teruletfejlesztesi-koncepciot-oftk\/","og_site_name":"Env-in-Cent","article_published_time":"2014-01-04T00:00:00+00:00","article_modified_time":"2024-12-04T15:45:59+00:00","author":"wpadmin","twitter_card":"summary_large_image","twitter_misc":{"Written by":"wpadmin","Estimated reading time":"3 minutes"},"schema":{"@context":"https:\/\/schema.org","@graph":[{"@type":"Article","@id":"https:\/\/env-in-cent.hu\/2014\/01\/04\/elfogadta-az-orszaggyules-a-nemzeti-fejlesztes-2030-orszagos-fejlesztesi-es-teruletfejlesztesi-koncepciot-oftk\/#article","isPartOf":{"@id":"https:\/\/env-in-cent.hu\/2014\/01\/04\/elfogadta-az-orszaggyules-a-nemzeti-fejlesztes-2030-orszagos-fejlesztesi-es-teruletfejlesztesi-koncepciot-oftk\/"},"author":{"name":"wpadmin","@id":"https:\/\/env-in-cent.hu\/#\/schema\/person\/08a7dac74c2fe21558e1c2d5031c2286"},"headline":"Elfogadta az Orsz\u00e1ggy\u0171l\u00e9s a Nemzeti Fejleszt\u00e9s 2030 \u2013 Orsz\u00e1gos Fejleszt\u00e9si \u00e9s Ter\u00fcletfejleszt\u00e9si Koncepci\u00f3t (OFTK)","datePublished":"2014-01-04T00:00:00+00:00","dateModified":"2024-12-04T15:45:59+00:00","mainEntityOfPage":{"@id":"https:\/\/env-in-cent.hu\/2014\/01\/04\/elfogadta-az-orszaggyules-a-nemzeti-fejlesztes-2030-orszagos-fejlesztesi-es-teruletfejlesztesi-koncepciot-oftk\/"},"wordCount":794,"publisher":{"@id":"https:\/\/env-in-cent.hu\/#organization"},"image":{"@id":"https:\/\/env-in-cent.hu\/2014\/01\/04\/elfogadta-az-orszaggyules-a-nemzeti-fejlesztes-2030-orszagos-fejlesztesi-es-teruletfejlesztesi-koncepciot-oftk\/#primaryimage"},"thumbnailUrl":"https:\/\/env-in-cent.hu\/wp-content\/uploads\/2014\/01\/szelkerek.bmp","articleSection":["H\u00edrek"],"inLanguage":"en-GB"},{"@type":"WebPage","@id":"https:\/\/env-in-cent.hu\/2014\/01\/04\/elfogadta-az-orszaggyules-a-nemzeti-fejlesztes-2030-orszagos-fejlesztesi-es-teruletfejlesztesi-koncepciot-oftk\/","url":"https:\/\/env-in-cent.hu\/2014\/01\/04\/elfogadta-az-orszaggyules-a-nemzeti-fejlesztes-2030-orszagos-fejlesztesi-es-teruletfejlesztesi-koncepciot-oftk\/","name":"Elfogadta az Orsz\u00e1ggy\u0171l\u00e9s a Nemzeti Fejleszt\u00e9s 2030 \u2013 Orsz\u00e1gos Fejleszt\u00e9si \u00e9s Ter\u00fcletfejleszt\u00e9si Koncepci\u00f3t (OFTK) - Env-in-Cent","isPartOf":{"@id":"https:\/\/env-in-cent.hu\/#website"},"primaryImageOfPage":{"@id":"https:\/\/env-in-cent.hu\/2014\/01\/04\/elfogadta-az-orszaggyules-a-nemzeti-fejlesztes-2030-orszagos-fejlesztesi-es-teruletfejlesztesi-koncepciot-oftk\/#primaryimage"},"image":{"@id":"https:\/\/env-in-cent.hu\/2014\/01\/04\/elfogadta-az-orszaggyules-a-nemzeti-fejlesztes-2030-orszagos-fejlesztesi-es-teruletfejlesztesi-koncepciot-oftk\/#primaryimage"},"thumbnailUrl":"https:\/\/env-in-cent.hu\/wp-content\/uploads\/2014\/01\/szelkerek.bmp","datePublished":"2014-01-04T00:00:00+00:00","dateModified":"2024-12-04T15:45:59+00:00","breadcrumb":{"@id":"https:\/\/env-in-cent.hu\/2014\/01\/04\/elfogadta-az-orszaggyules-a-nemzeti-fejlesztes-2030-orszagos-fejlesztesi-es-teruletfejlesztesi-koncepciot-oftk\/#breadcrumb"},"inLanguage":"en-GB","potentialAction":[{"@type":"ReadAction","target":["https:\/\/env-in-cent.hu\/2014\/01\/04\/elfogadta-az-orszaggyules-a-nemzeti-fejlesztes-2030-orszagos-fejlesztesi-es-teruletfejlesztesi-koncepciot-oftk\/"]}]},{"@type":"ImageObject","inLanguage":"en-GB","@id":"https:\/\/env-in-cent.hu\/2014\/01\/04\/elfogadta-az-orszaggyules-a-nemzeti-fejlesztes-2030-orszagos-fejlesztesi-es-teruletfejlesztesi-koncepciot-oftk\/#primaryimage","url":"https:\/\/env-in-cent.hu\/wp-content\/uploads\/2014\/01\/szelkerek.bmp","contentUrl":"https:\/\/env-in-cent.hu\/wp-content\/uploads\/2014\/01\/szelkerek.bmp","width":191,"height":128},{"@type":"BreadcrumbList","@id":"https:\/\/env-in-cent.hu\/2014\/01\/04\/elfogadta-az-orszaggyules-a-nemzeti-fejlesztes-2030-orszagos-fejlesztesi-es-teruletfejlesztesi-koncepciot-oftk\/#breadcrumb","itemListElement":[{"@type":"ListItem","position":1,"name":"Kezd\u0151lap","item":"https:\/\/env-in-cent.hu\/"},{"@type":"ListItem","position":2,"name":"Elfogadta az Orsz\u00e1ggy\u0171l\u00e9s a Nemzeti Fejleszt\u00e9s 2030 \u2013 Orsz\u00e1gos Fejleszt\u00e9si \u00e9s Ter\u00fcletfejleszt\u00e9si Koncepci\u00f3t (OFTK)"}]},{"@type":"WebSite","@id":"https:\/\/env-in-cent.hu\/#website","url":"https:\/\/env-in-cent.hu\/","name":"Env-in-Cent","description":"Env-in-Cent K\u00f6rnyezetv\u00e9delmi Tan\u00e1csad\u00f3 Iroda Kft.","publisher":{"@id":"https:\/\/env-in-cent.hu\/#organization"},"potentialAction":[{"@type":"SearchAction","target":{"@type":"EntryPoint","urlTemplate":"https:\/\/env-in-cent.hu\/?s={search_term_string}"},"query-input":{"@type":"PropertyValueSpecification","valueRequired":true,"valueName":"search_term_string"}}],"inLanguage":"en-GB"},{"@type":"Organization","@id":"https:\/\/env-in-cent.hu\/#organization","name":"Env-in-Cent","url":"https:\/\/env-in-cent.hu\/","logo":{"@type":"ImageObject","inLanguage":"en-GB","@id":"https:\/\/env-in-cent.hu\/#\/schema\/logo\/image\/","url":"https:\/\/env-in-cent.hu\/wp-content\/uploads\/2024\/11\/logo.jpg","contentUrl":"https:\/\/env-in-cent.hu\/wp-content\/uploads\/2024\/11\/logo.jpg","width":170,"height":62,"caption":"Env-in-Cent"},"image":{"@id":"https:\/\/env-in-cent.hu\/#\/schema\/logo\/image\/"}},{"@type":"Person","@id":"https:\/\/env-in-cent.hu\/#\/schema\/person\/08a7dac74c2fe21558e1c2d5031c2286","name":"wpadmin","image":{"@type":"ImageObject","inLanguage":"en-GB","@id":"https:\/\/env-in-cent.hu\/#\/schema\/person\/image\/","url":"https:\/\/secure.gravatar.com\/avatar\/53a24cf06dbef3f89a60c98c61552040977719f05381b5a07034a7748ee6e029?s=96&d=mm&r=g","contentUrl":"https:\/\/secure.gravatar.com\/avatar\/53a24cf06dbef3f89a60c98c61552040977719f05381b5a07034a7748ee6e029?s=96&d=mm&r=g","caption":"wpadmin"},"sameAs":["https:\/\/env-in-cent.hu"],"url":"https:\/\/env-in-cent.hu\/en\/author\/wpadmin\/"}]}},"_links":{"self":[{"href":"https:\/\/env-in-cent.hu\/en\/wp-json\/wp\/v2\/posts\/15","targetHints":{"allow":["GET"]}}],"collection":[{"href":"https:\/\/env-in-cent.hu\/en\/wp-json\/wp\/v2\/posts"}],"about":[{"href":"https:\/\/env-in-cent.hu\/en\/wp-json\/wp\/v2\/types\/post"}],"author":[{"embeddable":true,"href":"https:\/\/env-in-cent.hu\/en\/wp-json\/wp\/v2\/users\/1"}],"replies":[{"embeddable":true,"href":"https:\/\/env-in-cent.hu\/en\/wp-json\/wp\/v2\/comments?post=15"}],"version-history":[{"count":3,"href":"https:\/\/env-in-cent.hu\/en\/wp-json\/wp\/v2\/posts\/15\/revisions"}],"predecessor-version":[{"id":491,"href":"https:\/\/env-in-cent.hu\/en\/wp-json\/wp\/v2\/posts\/15\/revisions\/491"}],"wp:featuredmedia":[{"embeddable":true,"href":"https:\/\/env-in-cent.hu\/en\/wp-json\/wp\/v2\/media\/489"}],"wp:attachment":[{"href":"https:\/\/env-in-cent.hu\/en\/wp-json\/wp\/v2\/media?parent=15"}],"wp:term":[{"taxonomy":"category","embeddable":true,"href":"https:\/\/env-in-cent.hu\/en\/wp-json\/wp\/v2\/categories?post=15"},{"taxonomy":"post_tag","embeddable":true,"href":"https:\/\/env-in-cent.hu\/en\/wp-json\/wp\/v2\/tags?post=15"}],"curies":[{"name":"wp","href":"https:\/\/api.w.org\/{rel}","templated":true}]}}